{"id":3776,"date":"2016-01-03T13:29:29","date_gmt":"2016-01-03T15:29:29","guid":{"rendered":"http:\/\/radames.manosso.nom.br\/palavras\/?p=3776"},"modified":"2021-11-11T12:15:43","modified_gmt":"2021-11-11T15:15:43","slug":"genios-na-arte-mas-em-politica","status":"publish","type":"post","link":"https:\/\/radames.manosso.nom.br\/palavras\/politica\/genios-na-arte-mas-em-politica\/","title":{"rendered":"G\u00eanios na arte, asnos na pol\u00edtica"},"content":{"rendered":"\n<p><span style=\"font-weight: 400;\">Na minha opini\u00e3o, Chico Buarque \u00e9 o maior compositor do Brasil e Jorge Lu\u00eds Borges o maior escritor argentino, embora considere med\u00edocres as posi\u00e7\u00f5es pol\u00edticas de ambos. Borges defendia a truculenta ditadura de direita argentina e o Chico enaltece um governo populista de esquerda atolado em den\u00fancias de corrup\u00e7\u00e3o.<\/span><\/p>\n\n\n\n<figure class=\"wp-block-image\"><a href=\"https:\/\/i0.wp.com\/radames.manosso.nom.br\/palavras\/files\/2016\/01\/borges-chico.jpg?ssl=1\" rel=\"attachment wp-att-3777\"><img data-recalc-dims=\"1\" loading=\"lazy\" decoding=\"async\" width=\"505\" height=\"334\" data-attachment-id=\"3777\" data-permalink=\"https:\/\/radames.manosso.nom.br\/palavras\/politica\/genios-na-arte-mas-em-politica\/attachment\/borges-chico\/\" data-orig-file=\"https:\/\/i0.wp.com\/radames.manosso.nom.br\/palavras\/files\/2016\/01\/borges-chico.jpg?fit=505%2C334&amp;ssl=1\" data-orig-size=\"505,334\" data-comments-opened=\"1\" data-image-meta=\"{&quot;aperture&quot;:&quot;0&quot;,&quot;credit&quot;:&quot;&quot;,&quot;camera&quot;:&quot;&quot;,&quot;caption&quot;:&quot;&quot;,&quot;created_timestamp&quot;:&quot;0&quot;,&quot;copyright&quot;:&quot;&quot;,&quot;focal_length&quot;:&quot;0&quot;,&quot;iso&quot;:&quot;0&quot;,&quot;shutter_speed&quot;:&quot;0&quot;,&quot;title&quot;:&quot;&quot;,&quot;orientation&quot;:&quot;0&quot;}\" data-image-title=\"borges-chico\" data-image-description=\"\" data-image-caption=\"\" data-large-file=\"https:\/\/i0.wp.com\/radames.manosso.nom.br\/palavras\/files\/2016\/01\/borges-chico.jpg?fit=505%2C334&amp;ssl=1\" src=\"https:\/\/i0.wp.com\/radames.manosso.nom.br\/palavras\/files\/2016\/01\/borges-chico.jpg?resize=505%2C334&#038;ssl=1\" alt=\"borges-chico\" class=\"wp-image-3777\" srcset=\"https:\/\/i0.wp.com\/radames.manosso.nom.br\/palavras\/files\/2016\/01\/borges-chico.jpg?w=505&amp;ssl=1 505w, https:\/\/i0.wp.com\/radames.manosso.nom.br\/palavras\/files\/2016\/01\/borges-chico.jpg?resize=300%2C198&amp;ssl=1 300w\" sizes=\"auto, (max-width: 505px) 100vw, 505px\" \/><\/a><\/figure>\n\n\n\n<!--more-->\n\n\n\n<p><span style=\"font-weight: 400;\">Comprovo meu apre\u00e7o por esses dois g\u00eanios da arte mostrando meus LPs do Chico e as obras originais completas do Borges que conservo na minha estante. Gosto do Borges desde o tempo em que era charmoso ser de esquerda e naquela \u00e9poca eu ouvia conhecidos meus dizerem que a obra do argentino era um lixo simplesmente pelo fato de ele apoiar os militares argentinos. Como tenho LPs do Chico d\u00e1 para notar que gosto da m\u00fasica dele faz tempo. Sou do tipo que prefere avaliar uma obra por ela mesma e n\u00e3o pela biografia de seu autor. N\u00e3o vou deixar de escutar as m\u00fasicas do Chico Buarque, mesmo que ele fa\u00e7a arte criticando a elite \u00e0 qual pertence.<\/span><\/p>\n\n\n\n<p><span style=\"font-weight: 400;\">Certo tempo atr\u00e1s, Chico Buarque bateu boca na rua com alguns cr\u00edticos \u00e0s suas posi\u00e7\u00f5es pol\u00edticas. Embora as pessoas que brigaram com o Chico tenham sido grosseiras e inoportunas chama a aten\u00e7\u00e3o como os defensores do Chico se postaram em defesa do artista. Alguns consideram um sacril\u00e9gio ofender um monstro sagrado da m\u00fasica, outros se ocuparam de desqualificar os acusadores. Vale lembrar que o Chico Buarque \u00e9 uma figura p\u00fablica que fala o que quer, logo, est\u00e1 sujeito a ouvir o que n\u00e3o quer. A livre express\u00e3o das ideias pol\u00edticas nos nivela e a opini\u00e3o de ningu\u00e9m vale mais por conta de seu prest\u00edgio.<\/span><\/p>\n\n\n\n<h3 class=\"wp-block-heading\">A melhor combina\u00e7\u00e3o<\/h3>\n\n\n\n<p><span style=\"font-weight: 400;\">Artistas com posi\u00e7\u00f5es pol\u00edticas toscas n\u00e3o s\u00e3o raridade e, se servir de consolo h\u00e1 grandes estadistas com gosto duvidoso para a arte. Felizmente, h\u00e1 g\u00eanios da arte com posi\u00e7\u00f5es pol\u00edticas consistentes. Nessa hora lembro de outro g\u00eanio brasileiro, nosso maior poeta vivo: Ferreira Gullar. Com um passado de esquerda e suas obras engajadas, Ferreira Gullar escreve sobre pol\u00edtica regularmente na imprensa brasileira mantendo uma postura cr\u00edtica e l\u00facida que brilha no meio do fundamentalismo generalizado que tomou conta do Brasil.<\/span><\/p>\n\n\n\n<figure class=\"wp-block-image\"><a href=\"https:\/\/i0.wp.com\/radames.manosso.nom.br\/palavras\/files\/2016\/01\/ferreira_gullar.jpg?ssl=1\" rel=\"attachment wp-att-3778\"><img data-recalc-dims=\"1\" loading=\"lazy\" decoding=\"async\" width=\"276\" height=\"370\" data-attachment-id=\"3778\" data-permalink=\"https:\/\/radames.manosso.nom.br\/palavras\/politica\/genios-na-arte-mas-em-politica\/attachment\/ferreira_gullar\/\" data-orig-file=\"https:\/\/i0.wp.com\/radames.manosso.nom.br\/palavras\/files\/2016\/01\/ferreira_gullar.jpg?fit=276%2C370&amp;ssl=1\" data-orig-size=\"276,370\" data-comments-opened=\"1\" data-image-meta=\"{&quot;aperture&quot;:&quot;0&quot;,&quot;credit&quot;:&quot;&quot;,&quot;camera&quot;:&quot;&quot;,&quot;caption&quot;:&quot;&quot;,&quot;created_timestamp&quot;:&quot;0&quot;,&quot;copyright&quot;:&quot;&quot;,&quot;focal_length&quot;:&quot;0&quot;,&quot;iso&quot;:&quot;0&quot;,&quot;shutter_speed&quot;:&quot;0&quot;,&quot;title&quot;:&quot;&quot;,&quot;orientation&quot;:&quot;0&quot;}\" data-image-title=\"Ferreira Gullar\" data-image-description=\"\" data-image-caption=\"\" data-large-file=\"https:\/\/i0.wp.com\/radames.manosso.nom.br\/palavras\/files\/2016\/01\/ferreira_gullar.jpg?fit=276%2C370&amp;ssl=1\" src=\"https:\/\/i0.wp.com\/radames.manosso.nom.br\/palavras\/files\/2016\/01\/ferreira_gullar.jpg?resize=276%2C370&#038;ssl=1\" alt=\"Ferreira Gullar\" class=\"wp-image-3778\" srcset=\"https:\/\/i0.wp.com\/radames.manosso.nom.br\/palavras\/files\/2016\/01\/ferreira_gullar.jpg?w=276&amp;ssl=1 276w, https:\/\/i0.wp.com\/radames.manosso.nom.br\/palavras\/files\/2016\/01\/ferreira_gullar.jpg?resize=224%2C300&amp;ssl=1 224w\" sizes=\"auto, (max-width: 276px) 100vw, 276px\" \/><\/a><\/figure>\n\n\n\n<h3 class=\"wp-block-heading\">Pol\u00edtica<\/h3>\n\n\n\n<ul class=\"wp-block-list\"><li><a href=\"https:\/\/radames.manosso.nom.br\/palavras\/politica\/ranking-dos-partidos-politicos-brasileiros\/\">Ranking dos partidos pol\u00edticos brasileiros<\/a><\/li><li><a href=\"https:\/\/radames.manosso.nom.br\/palavras\/politica\/trace-seu-perfil-ideologico\/\">Trace seu perfil ideol\u00f3gico<\/a><\/li><li><a href=\"https:\/\/radames.manosso.nom.br\/palavras\/politica\/qual-e-a-ideologia-de-cada-partido-brasileiro\/\">Qual \u00e9 a ideologia de cada partido brasileiro?<\/a><\/li><li><a href=\"https:\/\/radames.manosso.nom.br\/palavras\/politica\/o-valor-real-do-salario-minimo-nos-ultimos-vinte-anos\/\">O valor real do sal\u00e1rio m\u00ednimo desde o plano Real<\/a><\/li><li><a href=\"https:\/\/radames.manosso.nom.br\/palavras\/politica\/os-cargos-mais-importantes-do-brasil\/\">Os cargos mais importantes do Brasil<\/a><\/li><li><a href=\"https:\/\/radames.manosso.nom.br\/palavras\/politica\/quantos-ministros-o-brasil-precisaria\/\">Quantos ministros o Brasil precisa?<\/a><\/li><li><a href=\"https:\/\/radames.manosso.nom.br\/palavras\/politica\/o-que-e-classe-media\/\">O que \u00e9 a classe m\u00e9dia?<\/a><\/li><li><a href=\"https:\/\/radames.manosso.nom.br\/palavras\/politica\/meu-manual-de-etiqueta-politica-na-internet\/\">Meu manual de etiqueta pol\u00edtica na Internet<\/a><\/li><li><a href=\"https:\/\/radames.manosso.nom.br\/palavras\/politica\/genios-na-arte-mas-em-politica\/\">G\u00eanios na arte, asnos na pol\u00edtica<\/a><\/li><li><a href=\"https:\/\/radames.manosso.nom.br\/palavras\/politica\/o-mito-do-jornalismo-imparcial\/\">O mito do jornalismo imparcial<\/a><\/li><li><a href=\"https:\/\/radames.manosso.nom.br\/palavras\/politica\/que-fim-levaram-os-candidatos-a-presidente-da-nova-republica\/\">Que fim levaram os candidatos a presidente da Nova Rep\u00fablica?<\/a><\/li><li><a href=\"https:\/\/radames.manosso.nom.br\/palavras\/politica\/o-que-e-maioridade\/\">O que \u00e9 maioridade?<\/a><\/li><li><a href=\"https:\/\/radames.manosso.nom.br\/palavras\/politica\/propostas-impensaveis-para-o-brasil\/\">Propostas impens\u00e1veis para o Brasil<\/a><\/li><\/ul>\n","protected":false},"excerpt":{"rendered":"<p>Na minha opini\u00e3o, Chico Buarque \u00e9 o maior compositor do Brasil e Jorge Lu\u00eds Borges o maior escritor argentino, embora considere med\u00edocres as posi\u00e7\u00f5es pol\u00edticas de ambos. Borges defendia a truculenta ditadura de direita argentina e o Chico enaltece um governo populista de esquerda atolado em den\u00fancias de corrup\u00e7\u00e3o.<\/p>\n","protected":false},"author":1,"featured_media":0,"comment_status":"open","ping_status":"closed","sticky":false,"template":"","format":"standard","meta":{"jetpack_post_was_ever_published":false,"_jetpack_newsletter_access":"","_jetpack_dont_email_post_to_subs":false,"_jetpack_newsletter_tier_id":0,"_jetpack_memberships_contains_paywalled_content":false,"_jetpack_memberships_contains_paid_content":false,"footnotes":""},"categories":[78],"tags":[153,302,306,301,305,304,307,303,300],"class_list":["post-3776","post","type-post","status-publish","format-standard","hentry","category-politica","tag-arte","tag-chico-buarque","tag-direita","tag-engajamento","tag-esquerda","tag-ferreira-gullar","tag-fundamentalismo","tag-jorge-luis-borges","tag-politica"],"jetpack_featured_media_url":"","jetpack_shortlink":"https:\/\/wp.me\/p74VxW-YU","jetpack-related-posts":[{"id":3856,"url":"https:\/\/radames.manosso.nom.br\/palavras\/politica\/qual-e-a-ideologia-de-cada-partido-brasileiro\/","url_meta":{"origin":3776,"position":0},"title":"Qual \u00e9 a ideologia de cada partido brasileiro?","author":"Radam\u00e9s","date":false,"format":false,"excerpt":"N\u00e3o \u00e9 piada. Alguns partidos brasileiros seguem uma ideologia, ao menos no discurso. Na hora de votar \u00e9 preciso considerar a plataforma do partido do candidato. Essa pr\u00e1tica n\u00e3o \u00e9 comum no eleitorado brasileiro e, talvez, por isso seja dif\u00edcil encontrar partidos org\u00e2nicos por aqui. Ent\u00e3o a\u00ed vai uma tentativa\u2026","rel":"","context":"Em &quot;Pol\u00edtica&quot;","block_context":{"text":"Pol\u00edtica","link":"https:\/\/radames.manosso.nom.br\/palavras\/category\/politica\/"},"img":{"alt_text":"","src":"https:\/\/i0.wp.com\/radames.manosso.nom.br\/palavras\/files\/2016\/07\/ferradura-politica-2.jpg?resize=350%2C200&ssl=1","width":350,"height":200,"srcset":"https:\/\/i0.wp.com\/radames.manosso.nom.br\/palavras\/files\/2016\/07\/ferradura-politica-2.jpg?resize=350%2C200&ssl=1 1x, https:\/\/i0.wp.com\/radames.manosso.nom.br\/palavras\/files\/2016\/07\/ferradura-politica-2.jpg?resize=525%2C300&ssl=1 1.5x"},"classes":[]},{"id":5567,"url":"https:\/\/radames.manosso.nom.br\/palavras\/politica\/ranking-dos-partidos-politicos-brasileiros\/","url_meta":{"origin":3776,"position":1},"title":"Ranking dos partidos pol\u00edticos brasileiros","author":"Radam\u00e9s","date":false,"format":false,"excerpt":"Quais s\u00e3o os partidos pol\u00edticos brasileiros com mais poder e influ\u00eancia pol\u00edtica? Para responder \u00e0 pergunta criamos o ranking objetivo dos partidos integralmente calculado no Excel. O ranking leva em considera\u00e7\u00e3o a influ\u00eancia pol\u00edtica de mais de 10.000 mandatos eletivos do Brasil . Veja na tabela o ranking completo. Ranking\u2026","rel":"","context":"Em &quot;Pol\u00edtica&quot;","block_context":{"text":"Pol\u00edtica","link":"https:\/\/radames.manosso.nom.br\/palavras\/category\/politica\/"},"img":{"alt_text":"Congresso Nacional","src":"https:\/\/i0.wp.com\/radames.manosso.nom.br\/palavras\/files\/2021\/01\/congresso-nacional.jpg?resize=350%2C200&ssl=1","width":350,"height":200},"classes":[]},{"id":5320,"url":"https:\/\/radames.manosso.nom.br\/palavras\/politica\/trace-seu-perfil-ideologico\/","url_meta":{"origin":3776,"position":2},"title":"Trace seu perfil ideol\u00f3gico","author":"Radam\u00e9s","date":false,"format":false,"excerpt":"Aqui voc\u00ea pode tra\u00e7ar o seu perfil no espectro pol\u00edtico ideol\u00f3gico. Para fazer o teste, baixe a planilha gr\u00e1tis abaixo. Download M\u00e9todo adotado Na abordagem tradicional, a pessoa \u00e9 posicionada na reta unidimensional esquerda-direita. H\u00e1 uma limita\u00e7\u00e3o nessa abordagem, pois a reta tradicional contempla apenas o aspecto econ\u00f4mico. Outras abordagens\u2026","rel":"","context":"Em &quot;Pol\u00edtica&quot;","block_context":{"text":"Pol\u00edtica","link":"https:\/\/radames.manosso.nom.br\/palavras\/category\/politica\/"},"img":{"alt_text":"","src":"https:\/\/i0.wp.com\/radames.manosso.nom.br\/palavras\/files\/2020\/10\/coordenadas-politicas.png?resize=350%2C200&ssl=1","width":350,"height":200},"classes":[]},{"id":3547,"url":"https:\/\/radames.manosso.nom.br\/palavras\/politica\/que-fim-levaram-os-candidatos-a-presidente-da-nova-republica\/","url_meta":{"origin":3776,"position":3},"title":"Que fim levaram os candidatos a presidente da Nova Rep\u00fablica?","author":"Radam\u00e9s","date":false,"format":false,"excerpt":"Desde a redemocratiza\u00e7\u00e3o em 1984 o Brasil j\u00e1 teve 64 candidatos a presidente concorrendo por 39 partidos diferentes. O perfil desses candidatos nos ensina sobre a nossa pol\u00edtica. 21 desses candidatos, por exemplo, concorreram sem nunca ter exercido mandato eletivo anterior. Veja mais algumas curiosidades sobre elei\u00e7\u00f5es presidenciais da Nova\u2026","rel":"","context":"Em &quot;Pol\u00edtica&quot;","block_context":{"text":"Pol\u00edtica","link":"https:\/\/radames.manosso.nom.br\/palavras\/category\/politica\/"},"img":{"alt_text":"En\u00e9as Carneiro PRONA","src":"https:\/\/i0.wp.com\/radames.manosso.nom.br\/palavras\/files\/2014\/10\/eneas1.jpg?resize=350%2C200","width":350,"height":200},"classes":[]},{"id":4378,"url":"https:\/\/radames.manosso.nom.br\/palavras\/politica\/os-cargos-mais-importantes-do-brasil\/","url_meta":{"origin":3776,"position":4},"title":"Os cargos mais importantes do Brasil","author":"Radam\u00e9s","date":false,"format":false,"excerpt":"Aqui voc\u00ea encontra os cargos que exercem influ\u00eancia decisiva nos destinos da pol\u00edtica, economia e sociedade brasileira, independente de quem os ocupa. A primeira tabela \u00e9 objetiva, ou seja, baseada em c\u00e1lculos feitos no Excel. A metodologia de c\u00e1lculo da lista objetiva considera todos os mandatos eletivos do pa\u00eds que\u2026","rel":"","context":"Em &quot;Pol\u00edtica&quot;","block_context":{"text":"Pol\u00edtica","link":"https:\/\/radames.manosso.nom.br\/palavras\/category\/politica\/"},"img":{"alt_text":"gabinete presidencial","src":"https:\/\/i0.wp.com\/radames.manosso.nom.br\/palavras\/files\/2019\/05\/gabinete-presidencial.jpg?resize=350%2C200&ssl=1","width":350,"height":200,"srcset":"https:\/\/i0.wp.com\/radames.manosso.nom.br\/palavras\/files\/2019\/05\/gabinete-presidencial.jpg?resize=350%2C200&ssl=1 1x, https:\/\/i0.wp.com\/radames.manosso.nom.br\/palavras\/files\/2019\/05\/gabinete-presidencial.jpg?resize=525%2C300&ssl=1 1.5x, https:\/\/i0.wp.com\/radames.manosso.nom.br\/palavras\/files\/2019\/05\/gabinete-presidencial.jpg?resize=700%2C400&ssl=1 2x"},"classes":[]},{"id":3669,"url":"https:\/\/radames.manosso.nom.br\/palavras\/politica\/o-que-e-maioridade\/","url_meta":{"origin":3776,"position":5},"title":"O que \u00e9 maioridade?","author":"Radam\u00e9s","date":false,"format":false,"excerpt":"A discuss\u00e3o sobre a maioridade penal no Brasil segue tensa, ent\u00e3o vamos entender melhor essa quest\u00e3o come\u00e7ando pelos direitos e deveres dos nossos jovens atualmente. Trabalho. A partir de 14 anos e at\u00e9 os 16 anos o jovem pode ser aprendiz.\u00a0 Com 16 anos pode trabalhar normalmente, exceto em atividades\u2026","rel":"","context":"Em &quot;Pol\u00edtica&quot;","block_context":{"text":"Pol\u00edtica","link":"https:\/\/radames.manosso.nom.br\/palavras\/category\/politica\/"},"img":{"alt_text":"menoridade","src":"https:\/\/i0.wp.com\/radames.manosso.nom.br\/palavras\/files\/2015\/06\/menoridade.jpg?resize=350%2C200","width":350,"height":200},"classes":[]}],"jetpack_sharing_enabled":true,"_links":{"self":[{"href":"https:\/\/radames.manosso.nom.br\/palavras\/wp-json\/wp\/v2\/posts\/3776","targetHints":{"allow":["GET"]}}],"collection":[{"href":"https:\/\/radames.manosso.nom.br\/palavras\/wp-json\/wp\/v2\/posts"}],"about":[{"href":"https:\/\/radames.manosso.nom.br\/palavras\/wp-json\/wp\/v2\/types\/post"}],"author":[{"embeddable":true,"href":"https:\/\/radames.manosso.nom.br\/palavras\/wp-json\/wp\/v2\/users\/1"}],"replies":[{"embeddable":true,"href":"https:\/\/radames.manosso.nom.br\/palavras\/wp-json\/wp\/v2\/comments?post=3776"}],"version-history":[{"count":7,"href":"https:\/\/radames.manosso.nom.br\/palavras\/wp-json\/wp\/v2\/posts\/3776\/revisions"}],"predecessor-version":[{"id":5892,"href":"https:\/\/radames.manosso.nom.br\/palavras\/wp-json\/wp\/v2\/posts\/3776\/revisions\/5892"}],"wp:attachment":[{"href":"https:\/\/radames.manosso.nom.br\/palavras\/wp-json\/wp\/v2\/media?parent=3776"}],"wp:term":[{"taxonomy":"category","embeddable":true,"href":"https:\/\/radames.manosso.nom.br\/palavras\/wp-json\/wp\/v2\/categories?post=3776"},{"taxonomy":"post_tag","embeddable":true,"href":"https:\/\/radames.manosso.nom.br\/palavras\/wp-json\/wp\/v2\/tags?post=3776"}],"curies":[{"name":"wp","href":"https:\/\/api.w.org\/{rel}","templated":true}]}}