{"id":4127,"date":"2018-12-31T12:23:03","date_gmt":"2018-12-31T14:23:03","guid":{"rendered":"http:\/\/radames.manosso.nom.br\/palavras\/?p=4127"},"modified":"2026-01-24T18:06:58","modified_gmt":"2026-01-24T21:06:58","slug":"desaforismos-e-pensamentos-incorretos","status":"publish","type":"post","link":"https:\/\/radames.manosso.nom.br\/palavras\/geral\/desaforismos-e-pensamentos-incorretos\/","title":{"rendered":"Desaforismos e pensamentos incorretos"},"content":{"rendered":"\n<p>Enfileiro aqui alguns curtos cord\u00f5es de palavras expelidas \u00e0 guisa de humour.<\/p>\n\n\n\n<h2 class=\"wp-block-heading\">2026<\/h2>\n\n\n\n<ul class=\"wp-block-list\">\n<li>Jovens sem problemas s\u00e3o um problema.<\/li>\n\n\n\n<li>Educar o gosto \u00e9 trocar intensidade por suavidade e complexidade.<\/li>\n\n\n\n<li>N\u00e3o h\u00e1 resposta precisa para pergunta vaga.<\/li>\n\n\n\n<li>Gosto se discute, mas s\u00f3 com pessoas de bom gosto.<\/li>\n\n\n\n<li>Soberania \u00e9 para quem pode, n\u00e3o para quem quer.<\/li>\n<\/ul>\n\n\n\n<h2 class=\"wp-block-heading\">2025<\/h2>\n\n\n\n<ul class=\"wp-block-list\">\n<li>N\u00e3o se justifique, publique.<\/li>\n\n\n\n<li>Qual \u00e9 a sua opini\u00e3o em reais?<\/li>\n\n\n\n<li>Darwin \u00e9 claro: crescei e multiplicai.<\/li>\n\n\n\n<li>Desconfio que Satan\u00e1s n\u00e3o existe, mas tenho certeza que todo abortista \u00e9 satanista.<\/li>\n\n\n\n<li>O conservador de hoje \u00e9 apenas o liberal de trinta anos atr\u00e1s.<\/li>\n\n\n\n<li>Fake news s\u00e3o apenas fake problem.<\/li>\n\n\n\n<li>Utopia \u00e9 distopia.<\/li>\n\n\n\n<li>A intelig\u00eancia artificial deixa os inteligentes mais inteligentes e os burros mais burros.<\/li>\n\n\n\n<li>A nova luta de classes \u00e9 entre produtivos e dependentes.<\/li>\n\n\n\n<li>Juiz moderno: legalismo para os amigos, ativismo para os demais.<\/li>\n<\/ul>\n\n\n\n<h2 class=\"wp-block-heading\">2024<\/h2>\n\n\n\n<ul class=\"wp-block-list\">\n<li>Voc\u00ea n\u00e3o merece o melhor, merece o que oferece.<\/li>\n\n\n\n<li>Desinformar e ser desinformado \u00e9 um direito constitucional.<\/li>\n\n\n\n<li>EUA inova, China e \u00cdndia fabricam, Europa regulamenta e Brasil taxa.<\/li>\n\n\n\n<li>Homem b\u00eabado \u00e9 respons\u00e1vel por seus atos, mulher b\u00eabada n\u00e3o.<\/li>\n\n\n\n<li>Se voc\u00ea n\u00e3o usar o cheque especial a taxa \u00e9 de 0%.<\/li>\n\n\n\n<li>A esquerda envelhece como leite, a direita como vinho,<\/li>\n\n\n\n<li>Ler os cl\u00e1ssicos \u00e9 um ato de resist\u00eancia atualmente.<\/li>\n\n\n\n<li>Voc\u00ea n\u00e3o \u00e9 feia, \u00e9 apenas feminista.<\/li>\n\n\n\n<li>A beleza \u00e9 subjetiva, o tes\u00e3o \u00e9 objetivo.<\/li>\n\n\n\n<li>Uma pessoa e um pet n\u00e3o s\u00e3o uma fam\u00edlia.<\/li>\n\n\n\n<li>N\u00e3o \u00e9 voc\u00ea que afunda, \u00e9 s\u00f3 o navio claro.<\/li>\n\n\n\n<li>A primeira mulher presidente dos EUA ser\u00e1 republicana conservadora.<\/li>\n\n\n\n<li>Mulheres jovens s\u00e3o maioria nas faculdades, homens jovens nas igrejas.<\/li>\n\n\n\n<li>Sites de aposta acertam melhor elei\u00e7\u00f5es do que institutos de pesquisa.<\/li>\n\n\n\n<li>Uma coisa que falta na mulher conservadora: p\u00eanis.<\/li>\n\n\n\n<li>Todo feministo \u00e9 esquerdomacho.<\/li>\n\n\n\n<li>Feministas n\u00e3o resistem a um heterotop.<\/li>\n\n\n\n<li>Complicar \u00e9 simples, simplificar \u00e9 complicado.<\/li>\n\n\n\n<li>Meta de vida: buscar o bom, o belo e o vero.<\/li>\n\n\n\n<li>Demografia sustent\u00e1vel \u00e9 atingir uma meta populacional e mant\u00ea-la.<\/li>\n\n\n\n<li>O voto nulo elege o pior candidato.<\/li>\n\n\n\n<li>N\u00e3o sou velho, sou vintage.<\/li>\n\n\n\n<li>Voc\u00ea tem tr\u00eas g\u00eaneros: biol\u00f3gico, civil e social.<\/li>\n\n\n\n<li>Se nada leva a nada por que militar pelo niilismo?<\/li>\n<\/ul>\n\n\n\n<h2 class=\"wp-block-heading\">2023<\/h2>\n\n\n\n<ul class=\"wp-block-list\">\n<li>A fun\u00e7\u00e3o social do maconheiro \u00e9 amaciar o cassetete da pol\u00edcia.<\/li>\n\n\n\n<li>A mulher sem filhos depende de outra mulher ter quatro filhos para custear a aposentadoria de ambas.<\/li>\n\n\n\n<li>As mulheres t\u00eam uma d\u00edvida hist\u00f3rica com os homens por tudo que eles criaram ao longo da Hist\u00f3ria.<\/li>\n\n\n\n<li>O problema n\u00e3o \u00e9 a falta de empatia, mas o excesso.<\/li>\n\n\n\n<li>O feminismo resolve problemas que as mulheres n\u00e3o tinham.<\/li>\n\n\n\n<li>Perder os clientes que d\u00e3o preju\u00edzo \u00e9 bom para os neg\u00f3cios.<\/li>\n\n\n\n<li>Quem n\u00e3o segue o instinto \u00e9 extinto.<\/li>\n\n\n\n<li>A rebeldia consentida milita em favor de causas residuais.<\/li>\n\n\n\n<li>Tem algo errado quando a juventude milita por causas apoiadas pelas elites.<\/li>\n\n\n\n<li>CBDC \u00e9 a moeda da Matrix. Bitcoin \u00e9 a da Resist\u00eancia.<\/li>\n\n\n\n<li>Se a empresa \u00e9 ESG  o produto n\u00e3o \u00e9 BBB.<\/li>\n\n\n\n<li>Utopia e distopia s\u00e3o duas faces da mesma moeda.<\/li>\n\n\n\n<li>Seguindo a l\u00f3gica feminista, toda mulher \u00e9 uma quenga em potencial.<\/li>\n\n\n\n<li>Antinatalismo \u00e9 um problema que se auto extingue.<\/li>\n\n\n\n<li>Fake news se combate com true news. True news se combate com censura.<\/li>\n\n\n\n<li>Desconfie dos muito desconfiados, n\u00e3o confie nos muito confiantes.<\/li>\n\n\n\n<li>Nada det\u00e9m uma ideia inevit\u00e1vel.<\/li>\n\n\n\n<li>Aos antinatalistas desejo aposentadoria longa e pr\u00f3spera.<\/li>\n\n\n\n<li>Garanta sua aposentadoria, tenha filhos.<\/li>\n\n\n\n<li>Quem resolve os problemas de um resolvedor de problemas?<\/li>\n\n\n\n<li>Seja ecol\u00f3gico: desconsidere a data de validade do produto.<\/li>\n\n\n\n<li>Homem, o Estado quer suas bolas.<\/li>\n\n\n\n<li>A nova ordem familiar: homem prov\u00ea, mulher cuida, Estado educa. <\/li>\n\n\n\n<li>O extremismo \u00e9 um v\u00edrus oportunista que se desenvolve na democracia debilitada.<\/li>\n\n\n\n<li>Intelectuais s\u00e3o uma classe social com v\u00edcios e interesses como qualquer outra.<\/li>\n\n\n\n<li>A meta principal dos intelectuais \u00e9 convencer-nos da import\u00e2ncia deles pr\u00f3prios.<\/li>\n\n\n\n<li>Em Pol\u00edtica n\u00e3o tem certo nem errado, apenas vencedores e vencidos.<\/li>\n<\/ul>\n\n\n\n<h2 class=\"wp-block-heading\">2022<\/h2>\n\n\n\n<ul class=\"wp-block-list\">\n<li>Heterossexualidade \u00e9 natural, outras op\u00e7\u00f5es s\u00e3o constru\u00eddas socialmente.<\/li>\n\n\n\n<li>A direita limpinha tem algumas coisas a aprender com a esquerda imunda.<\/li>\n\n\n\n<li>A garota abortista de hoje \u00e9 a m\u00e3e de pets sem aposentadoria de amanh\u00e3.<\/li>\n\n\n\n<li>Todo dia \u00e9 um apocalipse na sociedade do espet\u00e1culo.<\/li>\n\n\n\n<li>Persist\u00eancia \u00e9 uma teimosia que deu certo. Teimosia \u00e9 uma persist\u00eancia que deu errado.<\/li>\n\n\n\n<li>A ironia \u00e9 o melhor teste de QI j\u00e1 inventado.<\/li>\n\n\n\n<li>Mulher vota em mulher, ladr\u00e3o vota em ladr\u00e3o e nulo vota nulo.<\/li>\n\n\n\n<li>Nunca haver\u00e1 candidato perfeito. Sempre haver\u00e1 candidato menos pior.<\/li>\n\n\n\n<li>Vendo Marea autom\u00e1tico com aprova\u00e7\u00e3o de 95% dos consumidores segundo do DataFolha.<\/li>\n\n\n\n<li>O futuro n\u00e3o ser\u00e1 a continua\u00e7\u00e3o do presente. Nunca foi.<\/li>\n\n\n\n<li>Quando tiver d\u00favidas, consulte um profissional habilitado. Assinado: profissional habilitado.<\/li>\n\n\n\n<li>Sempre paguei a conta do restaurante. Exijo repara\u00e7\u00e3o hist\u00f3rica. De agora em diante, paguem minha conta.<\/li>\n\n\n\n<li>Apresente-me uma dama e serei um cavalheiro.<\/li>\n\n\n\n<li>Imagine assistir \u00e0 grande m\u00eddia e apitar toda vez que ouvir uma militada esquerdista, progressista, globalista?<\/li>\n\n\n\n<li>Est\u00e3o contestando pesquisas, estat\u00edsticas, vacinas,justi\u00e7a, urnas, tudo enfim. Negacionismo? Despertar, talvez.<\/li>\n\n\n\n<li>O mar recua antes do tsunami.<\/li>\n\n\n\n<li>Se eu fizer um bom trabalho serei poupado, disse o prisioneiro que cavou a pr\u00f3pria cova.<\/li>\n\n\n\n<li>A necessidade \u00e9 a m\u00e3e da austeridade.<\/li>\n\n\n\n<li>A empoderada de hoje \u00e9 a m\u00e3e de pets de amanh\u00e3.<\/li>\n\n\n\n<li>Jornalistas e n\u00fameros n\u00e3o combinam.<\/li>\n\n\n\n<li>O desafio final do minimalista \u00e9 reduzir o n\u00famero de regras a seguir.<\/li>\n\n\n\n<li>Acredito em pesquisas bem feitas. O dif\u00edcil \u00e9 acreditar que ainda se faz pesquisas bem feitas.<\/li>\n\n\n\n<li>Se uma garota lhe der um fora porque voc\u00ea vota no candidato errado erga as m\u00e3os para o c\u00e9u e agrade\u00e7a o livramento.<\/li>\n\n\n\n<li>Quando voc\u00ea fala em honra, dever e sacrif\u00edcio com um progressista a primeira coisa que ele  faz \u00e9 procurar um dicion\u00e1rio.<\/li>\n\n\n\n<li>Na p\u00e1gina 4.532 do Manual da Mulher est\u00e1 escrito: Ignore o que elas falam, observe o que fazem.<\/li>\n\n\n\n<li>Antigamente tinha uma coisa chamada falar com quem resolve, mas a\u00ed veio o atendimento ao cliente por AI e deletaram essa op\u00e7\u00e3o.<\/li>\n\n\n\n<li>D\u00favida cruel: ser cancelado ou perder a piada?<\/li>\n\n\n\n<li>As palavras t\u00eam vida pr\u00f3pria. N\u00e3o adianta querer controla-las.<\/li>\n\n\n\n<li>Empoderamento \u00e9 um tipo de auto ajuda que n\u00e3o empodera nem ajuda.<\/li>\n\n\n\n<li>Rede social \u00e9 igual a festa da firma. Comporte-se mal e perde o emprego.<\/li>\n<\/ul>\n\n\n\n<h2 class=\"wp-block-heading\">2021<\/h2>\n\n\n\n<figure class=\"wp-block-image size-large\"><a href=\"https:\/\/i0.wp.com\/radames.manosso.nom.br\/palavras\/files\/2018\/12\/metaverso.jpg?ssl=1\"><img data-recalc-dims=\"1\" loading=\"lazy\" decoding=\"async\" width=\"604\" height=\"339\" data-attachment-id=\"5998\" data-permalink=\"https:\/\/radames.manosso.nom.br\/palavras\/geral\/desaforismos-e-pensamentos-incorretos\/attachment\/metaverso\/\" data-orig-file=\"https:\/\/i0.wp.com\/radames.manosso.nom.br\/palavras\/files\/2018\/12\/metaverso.jpg?fit=1200%2C674&amp;ssl=1\" data-orig-size=\"1200,674\" data-comments-opened=\"1\" data-image-meta=\"{&quot;aperture&quot;:&quot;0&quot;,&quot;credit&quot;:&quot;&quot;,&quot;camera&quot;:&quot;&quot;,&quot;caption&quot;:&quot;&quot;,&quot;created_timestamp&quot;:&quot;0&quot;,&quot;copyright&quot;:&quot;&quot;,&quot;focal_length&quot;:&quot;0&quot;,&quot;iso&quot;:&quot;0&quot;,&quot;shutter_speed&quot;:&quot;0&quot;,&quot;title&quot;:&quot;&quot;,&quot;orientation&quot;:&quot;1&quot;}\" data-image-title=\"metaverso\" data-image-description=\"\" data-image-caption=\"\" data-large-file=\"https:\/\/i0.wp.com\/radames.manosso.nom.br\/palavras\/files\/2018\/12\/metaverso.jpg?fit=604%2C339&amp;ssl=1\" src=\"https:\/\/i0.wp.com\/radames.manosso.nom.br\/palavras\/files\/2018\/12\/metaverso.jpg?resize=604%2C339&#038;ssl=1\" alt=\"\" class=\"wp-image-5998\" srcset=\"https:\/\/i0.wp.com\/radames.manosso.nom.br\/palavras\/files\/2018\/12\/metaverso.jpg?resize=1024%2C575&amp;ssl=1 1024w, https:\/\/i0.wp.com\/radames.manosso.nom.br\/palavras\/files\/2018\/12\/metaverso.jpg?resize=300%2C169&amp;ssl=1 300w, https:\/\/i0.wp.com\/radames.manosso.nom.br\/palavras\/files\/2018\/12\/metaverso.jpg?resize=768%2C431&amp;ssl=1 768w, https:\/\/i0.wp.com\/radames.manosso.nom.br\/palavras\/files\/2018\/12\/metaverso.jpg?w=1200&amp;ssl=1 1200w\" sizes=\"auto, (max-width: 604px) 100vw, 604px\" \/><\/a><\/figure>\n\n\n\n<ul class=\"wp-block-list\">\n<li>Metaverso \u00e9 a evolu\u00e7\u00e3o da decad\u00eancia.<\/li>\n\n\n\n<li>N\u00e3o se nasce homem, torna-se.<\/li>\n\n\n\n<li>Curr\u00edculo moderno: eurodescendente, sexo masculino, g\u00eanero masculino, cromossomo XY, heteronormativo.<\/li>\n\n\n\n<li>N\u00e3o sou branco, sou eurodescendente.<\/li>\n\n\n\n<li>Meu site, minhas regras.<\/li>\n\n\n\n<li>Na entrevista de emprego o entrevistador pergunta o que o guru da moda mandou perguntar e o entrevistado responde o que o coach de carreiras mandou responder.<\/li>\n\n\n\n<li>A arte para chocar pode trazer alguma felicidade ao artista, pela rea\u00e7\u00e3o de rep\u00fadio ao seu trabalho daqueles que deliberadamente ele procura agredir. Mas isso \u00e9 o mais pr\u00f3ximo que o artista chegar\u00e1 da felicidade.<\/li>\n\n\n\n<li>In the past: Bad news are good news.Now: Fake news are good news.<\/li>\n\n\n\n<li>Utopia e distopia s\u00e3o lados opostos da mesma moeda.<\/li>\n\n\n\n<li>Provocar homem branco h\u00e9tero \u00e9 a fantasia sexual da moda. Tire vantagem disso.<\/li>\n\n\n\n<li>Na falta de produto BBB (bom, bonito e barato), lacre. Na falta de \u00e9tica, sustentabilidade e preocupa\u00e7\u00e3o social genu\u00edna, lacre. <\/li>\n\n\n\n<li>Para quem acha que o YouTube est\u00e1 censurando muito esperem o TikTok mostrar a que veio.<\/li>\n\n\n\n<li>O millenial chegou no c\u00e9u e come\u00e7ou a reclamar: Pensei que fosse maior. Deus existe, que absurdo. O que? Os anjos tem sexo.<\/li>\n\n\n\n<li>Minha vida melhorou depois que entrei para a AVV (Associa\u00e7\u00e3o das V\u00edtimas dos Vitimistas).<\/li>\n\n\n\n<li>O conservador \u00e9 o novo rebelde.<\/li>\n\n\n\n<li>A cultura de cancelamento \u00e9 um tipo de fogo amigo. Abate principalmente quem \u00e9 a favor da causa.<\/li>\n\n\n\n<li>Ser cancelado nas redes sociais atualmente \u00e9 bom para o curr\u00edculo.<\/li>\n\n\n\n<li>No sistema de castas da seita identit\u00e1ria est\u00e3o no topo da hierarquia social as negras l\u00e9sbicas, obesas, ateias e niilistas.<\/li>\n\n\n\n<li>Pare de falar quando o outro pega o celular. Respeite a prioridade do outro.<\/li>\n\n\n\n<li>A opini\u00e3o p\u00fablica \u00e9 vol\u00favel como pluma ao vento. Muda de assento e pensamento. (adaptado de Verdi).<\/li>\n<\/ul>\n\n\n\n<h2 class=\"wp-block-heading\">2020<\/h2>\n\n\n\n<ul class=\"wp-block-list\">\n<li>Quem j\u00e1 comprou um guarda-chuva chin\u00eas tem boas raz\u00f5es para duvidar da efic\u00e1cia de vacina chinesa.<\/li>\n\n\n\n<li>A rodovia que leva ao inferno foi pavimentada com boas inten\u00e7\u00f5es.<\/li>\n\n\n\n<li>Felipe Neto na Time nem \u00e9 grave. Grave \u00e9 Simone e Simaria no Pensador.com.<\/li>\n\n\n\n<li>Tradicional, decadente, militante, ressentida, ultrapassada. Qual \u00e9 o melhor adjetivo para definir a m\u00eddia mainstream brasileira e mundial?<\/li>\n\n\n\n<li>Estado laico n\u00e3o \u00e9 Estado ateu.<\/li>\n\n\n\n<li>O tioz\u00e3o do churrasco financia e prepara o churrasco. Trate-o como um rei.<\/li>\n\n\n\n<li>Todo jacobino come\u00e7a guilhotinando e termina guilhotinado.<\/li>\n\n\n\n<li>Como Pedro na f\u00e1bula, a m\u00eddia alardeia um lobo por semana. Quando o lobo vier ningu\u00e9m dar\u00e1 aten\u00e7\u00e3o.<\/li>\n\n\n\n<li>Para vencer o gramscismo, siga Gramsci.<\/li>\n\n\n\n<li>Fa\u00e7a seu pr\u00f3prio jornalismo: apure, cheque e analise porque a grande m\u00eddia virou milit\u00e2ncia.<\/li>\n\n\n\n<li>Em Pol\u00edtica, o que voc\u00ea critica vale pouco. O que importa \u00e9 o que voc\u00ea apoia.<\/li>\n\n\n\n<li>Quando o pol\u00edtico errado faz a coisa certa, tudo bem. O problema \u00e9 o contr\u00e1rio.<\/li>\n\n\n\n<li>Trate bicho como bicho. Gato n\u00e3o \u00e9 vegano, nem seu filho, nem precisa de festinha. Ele prefere brigar no telhado. <\/li>\n\n\n\n<li>Voc\u00ea pode substituir a autoestima por autoconhecimento, por exemplo.<\/li>\n\n\n\n<li>O jumento \u00e9 o ser mais injusti\u00e7ado nas redes sociais. Militantes raivosos xingam os advers\u00e1rios de jumento. Desculpe, jumento. Voc\u00ea \u00e9 animal.<\/li>\n\n\n\n<li>Paranaense desacor\u00e7oado: Esses pol\u00edtico jaguara me deixam desacor\u00e7oado. S\u00f3 tacando uma cama\u00e7ada de pau nos lazarento do Djanho pra eles n\u00e3o ficarem de varde.<\/li>\n\n\n\n<li>A frase mais politicamente correta que conhe\u00e7o \u00e9:&nbsp;<em>v\u00e1 tomar no cu<\/em>. Cu todo mundo tem independente de g\u00eanero e op\u00e7\u00e3o sexual. Quando algu\u00e9m o corrigir por usar vocabul\u00e1rio chulo agrade\u00e7a com um belo&nbsp;<em>v\u00e1 tomar no c\u00fa<\/em>. (Use acento para melhor resultado.)<\/li>\n\n\n\n<li>Sabe aqueles tutoriais de maquiagem que leva um temp\u00e3o e termina pior que come\u00e7ou?<\/li>\n\n\n\n<li>Nada mais machista do que site s\u00f3 para mulheres, vag\u00e3o s\u00f3 para mulheres, desconto s\u00f3 para mulheres, promo\u00e7\u00e3o s\u00f3 para mulheres.<\/li>\n\n\n\n<li>Sua religi\u00e3o, time, ideologia e op\u00e7\u00e3o sexual n\u00e3o contam para seu curr\u00edculo.<\/li>\n\n\n\n<li>Existem intelectuais de direita? N\u00e3o. A palavra&nbsp;<em>intelectual&nbsp;<\/em>foi sequestrada pela esquerda e se aplica exclusivamente a intelectuais de esquerda.<\/li>\n\n\n\n<li>Na Justi\u00e7a perfeita a condena\u00e7\u00e3o dos culpados \u00e9 garantida; a pena \u00e9 proporcional ao delito; o cumprimento da pena \u00e9 integral e depois de quitar seu d\u00e9bito o condenado \u00e9 aceito de volta sem preconceito ou rancor.<\/li>\n\n\n\n<li>As propagandas da Coreia do Norte e das Testemunhas de Jeov\u00e1 s\u00e3o feitas na mesma ag\u00eancia?<\/li>\n<\/ul>\n\n\n\n<figure class=\"wp-block-image\"><img loading=\"lazy\" decoding=\"async\" width=\"300\" height=\"400\" data-attachment-id=\"4128\" data-permalink=\"https:\/\/radames.manosso.nom.br\/palavras\/geral\/desaforismos-e-pensamentos-incorretos\/attachment\/icm-o-pensador\/\" data-orig-file=\"https:\/\/i0.wp.com\/radames.manosso.nom.br\/palavras\/files\/2018\/12\/icm-o-pensador-e1553548459405.png?fit=300%2C400&amp;ssl=1\" data-orig-size=\"300,400\" data-comments-opened=\"1\" data-image-meta=\"{&quot;aperture&quot;:&quot;0&quot;,&quot;credit&quot;:&quot;&quot;,&quot;camera&quot;:&quot;&quot;,&quot;caption&quot;:&quot;&quot;,&quot;created_timestamp&quot;:&quot;0&quot;,&quot;copyright&quot;:&quot;&quot;,&quot;focal_length&quot;:&quot;0&quot;,&quot;iso&quot;:&quot;0&quot;,&quot;shutter_speed&quot;:&quot;0&quot;,&quot;title&quot;:&quot;&quot;,&quot;orientation&quot;:&quot;0&quot;}\" data-image-title=\"O pensador\" data-image-description=\"\" data-image-caption=\"\" data-large-file=\"https:\/\/i0.wp.com\/radames.manosso.nom.br\/palavras\/files\/2018\/12\/icm-o-pensador-e1553548459405.png?fit=300%2C400&amp;ssl=1\" src=\"https:\/\/i2.wp.com\/radames.manosso.nom.br\/palavras\/files\/2018\/12\/icm-o-pensador-e1553548459405.png?w=604\" alt=\"\" class=\"wp-image-4128\"\/><\/figure>\n\n\n\n<!--more-->\n\n\n\n<h2 class=\"wp-block-heading\">2019<\/h2>\n\n\n\n<ul class=\"wp-block-list\">\n<li>Sou liberal +++ em Pol\u00edtica, liberal ++ em Economia e liberal + em costumes, ou seja, sou conservador.<\/li>\n\n\n\n<li>Militante de Facebook \u00e9 um vendedor que fica na porta gritando: seu ignorante. Por que n\u00e3o entra no meu lojinha?<\/li>\n\n\n\n<li>O pragm\u00e1tico busca maioria, o fan\u00e1tico, unanimidade.<\/li>\n\n\n\n<li>Teologia \u00e9 ideologia. E vice-versa.<\/li>\n\n\n\n<li>Quando posto nas redes sociais penso nas pessoas inteligentes que v\u00e3o ler. A qualidade dos likes importa mais do que a quantidade.<\/li>\n\n\n\n<li>Se voc\u00ea \u00e9 pr\u00f3 globaliza\u00e7\u00e3o \u00e9 anti globalismo e vice-versa.<\/li>\n\n\n\n<li>Nosso marxismo cultural \u00e9 t\u00e3o fuleiro que os jovens s\u00f3 conhecem Bella ciao quando assistem La Casa de Papel na Netflix.<\/li>\n\n\n\n<li>Conhe\u00e7a a esc\u00f3ria da humanidade. Leia os coment\u00e1rios de not\u00edcias da grande m\u00eddia.<\/li>\n\n\n\n<li>D\u00e1 para tirar boas fotos com qualquer c\u00e2mera e fotos ruins com a melhor c\u00e2mera. No entanto, certas fotos exigem a c\u00e2mera certa.<\/li>\n\n\n\n<li>N\u00e3o confie em pessoas sem v\u00edcios. Tinha um vegetariano que n\u00e3o fumava, n\u00e3o bebia, nem era mulherengo. Chamava-se Adolf Hitler.<\/li>\n\n\n\n<li>Pior que invas\u00e3o de hacker \u00e9 quando seu computador \u00e9 invadido pelo Windows Update.<\/li>\n\n\n\n<li>Quando a not\u00edcia come\u00e7a com: Segundo especialistas \u2026. redobre a aten\u00e7\u00e3o. Tem especialistas at\u00e9 em terra plana.<\/li>\n\n\n\n<li>Quando algu\u00e9m posta foto de jumento para representar seu advers\u00e1rio pol\u00edtico o nome disso \u00e9 selfie.<\/li>\n\n\n\n<li>Ajude quem mais precisa e n\u00e3o quem chora mais.<\/li>\n\n\n\n<li>Colecione conhecimento.<\/li>\n\n\n\n<li>O mundo est\u00e1 dividido entre os que acreditam na lei de Murphy e os que vivem menos.<\/li>\n\n\n\n<li>Meus av\u00f3s n\u00e3o andavam com roupa furada. Quando furava, eles costuravam.<\/li>\n\n\n\n<li>\u00c0s vezes, di\u00e1logo, \u00e0s vezes, confronto. A arte est\u00e1 em escolher a melhor op\u00e7\u00e3o em cada ocasi\u00e3o.<\/li>\n\n\n\n<li>Vir\u00e1 o dia em que lan\u00e7ar\u00e3o o chocolate zero grama.<\/li>\n\n\n\n<li>O problema do Brasil n\u00e3o \u00e9 a extrema esquerda nem extrema direita; \u00e9 o extremo centro.<\/li>\n\n\n\n<li>Teremos paz quando o \u00faltimo populista de direita for enforcado nas tripas do \u00faltimo populista de esquerda.<\/li>\n\n\n\n<li>No cinema o trabalhador pobre paga o dobro do que o estudante rico.<\/li>\n\n\n\n<li>Democr\u00e1tico seria cada trabalhador ter direito a tr\u00eas feriados da sua religi\u00e3o por ano. E os ateus? Expediente normal.<\/li>\n\n\n\n<li>Mude o mundo, arrume seu quarto.<\/li>\n\n\n\n<li>Ven\u00e7a! Pense negativo. Porque coisas boas tem 99,9% para dar errado.<\/li>\n\n\n\n<li>Desconstitucionaliza\u00e7\u00e3o. Esta palavrinha mudaria o Brasil.<\/li>\n\n\n\n<li>Quantos empregos ser\u00e3o criados se provarem que o nazismo \u00e9 de esquerda, direita ou centro?<\/li>\n\n\n\n<li>Quer ir \u00e0 fal\u00eancia? Abra uma loja de escapamentos silenciosos para motos.<\/li>\n\n\n\n<li>Linguagens se sucedem, mas daqui 30 anos meu neto poder\u00e1 usar a planilha Excel que eu fiz.<\/li>\n\n\n\n<li>Eu adorava assistir Bonanza, seriado b\u00e3o em que todos entravam no saloon com rev\u00f3lver na cintura. N\u00e3o tenho arma, nem vou comprar.<\/li>\n\n\n\n<li>Em Pol\u00edtica n\u00e3o h\u00e1 certos e errados, apenas vencedores e vencidos.<\/li>\n\n\n\n<li>O mundo sempre ser\u00e1 melhor h\u00e1 vinte anos atr\u00e1s.<\/li>\n\n\n\n<li>Gostaria de entender a diferen\u00e7a entre criminosos do bem e criminosos do mal.<\/li>\n\n\n\n<li>O Jornalismo \u00e9 a continua\u00e7\u00e3o da Pol\u00edtica por outros meios. (Adaptado de Clausewitz).<\/li>\n\n\n\n<li>Deus estava inspirado quando criou a evolu\u00e7\u00e3o das esp\u00e9cies.<\/li>\n\n\n\n<li>Quando a teoria tem que se adaptar aos fatos temos ci\u00eancia; quando ocorre o contr\u00e1rio, temos ideologia.<\/li>\n\n\n\n<li>Fam\u00edlia \u00e9 um Facebook que n\u00e3o d\u00e1 para excluir ningu\u00e9m.<\/li>\n\n\n\n<li>Seu ambiente \u00e9 o retrato da sua mente.<\/li>\n\n\n\n<li>Tem horas que duvido de meu ceticismo.<\/li>\n\n\n\n<li>Deus ria de si mesmo quando criou os ateus.<\/li>\n\n\n\n<li>N\u00e3o d\u00ea conselhos. Venda-os.<\/li>\n\n\n\n<li>Duendes s\u00e3o a \u00fanica explica\u00e7\u00e3o plaus\u00edvel para o sumi\u00e7o dos grampos de roupa.<\/li>\n<\/ul>\n\n\n\n<figure class=\"wp-block-image size-large\"><a href=\"https:\/\/i0.wp.com\/radames.manosso.nom.br\/palavras\/files\/2018\/12\/aambiente-mente.jpg?ssl=1\"><img data-recalc-dims=\"1\" loading=\"lazy\" decoding=\"async\" width=\"604\" height=\"316\" data-attachment-id=\"5935\" data-permalink=\"https:\/\/radames.manosso.nom.br\/palavras\/geral\/desaforismos-e-pensamentos-incorretos\/attachment\/aambiente-mente\/\" data-orig-file=\"https:\/\/i0.wp.com\/radames.manosso.nom.br\/palavras\/files\/2018\/12\/aambiente-mente.jpg?fit=940%2C492&amp;ssl=1\" data-orig-size=\"940,492\" data-comments-opened=\"1\" data-image-meta=\"{&quot;aperture&quot;:&quot;0&quot;,&quot;credit&quot;:&quot;&quot;,&quot;camera&quot;:&quot;&quot;,&quot;caption&quot;:&quot;&quot;,&quot;created_timestamp&quot;:&quot;0&quot;,&quot;copyright&quot;:&quot;&quot;,&quot;focal_length&quot;:&quot;0&quot;,&quot;iso&quot;:&quot;0&quot;,&quot;shutter_speed&quot;:&quot;0&quot;,&quot;title&quot;:&quot;&quot;,&quot;orientation&quot;:&quot;1&quot;}\" data-image-title=\"aambiente-mente\" data-image-description=\"&lt;p&gt;tagheuer carrera&lt;\/p&gt;\n\" data-image-caption=\"\" data-large-file=\"https:\/\/i0.wp.com\/radames.manosso.nom.br\/palavras\/files\/2018\/12\/aambiente-mente.jpg?fit=604%2C316&amp;ssl=1\" src=\"https:\/\/i0.wp.com\/radames.manosso.nom.br\/palavras\/files\/2018\/12\/aambiente-mente.jpg?resize=604%2C316&#038;ssl=1\" alt=\"\" class=\"wp-image-5935\" srcset=\"https:\/\/i0.wp.com\/radames.manosso.nom.br\/palavras\/files\/2018\/12\/aambiente-mente.jpg?w=940&amp;ssl=1 940w, https:\/\/i0.wp.com\/radames.manosso.nom.br\/palavras\/files\/2018\/12\/aambiente-mente.jpg?resize=300%2C157&amp;ssl=1 300w, https:\/\/i0.wp.com\/radames.manosso.nom.br\/palavras\/files\/2018\/12\/aambiente-mente.jpg?resize=768%2C402&amp;ssl=1 768w\" sizes=\"auto, (max-width: 604px) 100vw, 604px\" \/><\/a><\/figure>\n\n\n\n<h2 class=\"wp-block-heading\">2018<\/h2>\n\n\n\n<ul class=\"wp-block-list\">\n<li>Dize-me o que compartilhas e dir-te-ei quem \u00e9s.<\/li>\n\n\n\n<li>Quando 99% da popula\u00e7\u00e3o souber ler, a manchete da Folha ser\u00e1: &#8220;Brasil ainda tem 1% de analfabetos. &#8220;<\/li>\n\n\n\n<li>Nas elei\u00e7\u00f5es, escolha pelas melhores piadas. O humor sempre est\u00e1 do lado certo.<\/li>\n\n\n\n<li>D\u00favida eleitoral cruel: perder amigos ou perder a piada?<\/li>\n\n\n\n<li>Dica de padeiro: tem candidato igual massa de p\u00e3o. Quanto mais bate, mais cresce.<\/li>\n\n\n\n<li>Por que as pessoas compartilham links exclusivos para assinantes?<\/li>\n\n\n\n<li>Conflito de gera\u00e7\u00f5es \u00e9 quando a m\u00e3e deixa a filha no Coletivo de Empoderamento Feminino e vai assistir a 50 Tons de Cinza.<\/li>\n\n\n\n<li>A pessoa fica muito inteligente quando diz: &#8220;Entendeu ou precisa desenhar?&#8221;<\/li>\n\n\n\n<li>Imagina daqui uns anos: voc\u00ea vai atender um cliente importante, mas ele \u00e9 o cara que voc\u00ea excluiu em 2018 por causa de pol\u00edtica.<\/li>\n\n\n\n<li>No Brasil, uns querem voto impresso. Na Est\u00f4nia, votam pela Internet.<\/li>\n\n\n\n<li>Na guerra eleitoral a verdade \u00e9 a primeira v\u00edtima.<\/li>\n\n\n\n<li>Vir\u00e1 o dia em que 100% da capacidade dos computadores ser\u00e1 consumida com atualiza\u00e7\u00f5es e seguran\u00e7a.<\/li>\n\n\n\n<li>N\u00e3o se irrite com postagens radicais. S\u00e3o inconscientes pedidos de socorro de pessoas se afogando no esgoto ideol\u00f3gico.<\/li>\n\n\n\n<li>\u00c9 um privil\u00e9gio viver nesse tempo confuso de contesta\u00e7\u00e3o a partidos, m\u00eddias, sindicatos, ideologias, todos velhos. <\/li>\n\n\n\n<li>Quanto mais ran\u00e7o voc\u00ea pega, mais ran\u00e7oso voc\u00ea fica. <\/li>\n\n\n\n<li>\u201cTu n\u00e3o podes cobrar puni\u00e7\u00e3o de mega corruptos se praticas micro corrup\u00e7\u00f5es no cotidiano.\u201d Ah, v\u00e1 tomar no s\u00edmbolo do cobre.<\/li>\n\n\n\n<li>Com a Lava-jato os pol\u00edticos roubar\u00e3o menos ou roubar\u00e3o melhor?<\/li>\n\n\n\n<li>N\u00e3o entendo nada que cont\u00e9m a frase: Entendeu ou tem que desenhar?<\/li>\n\n\n\n<li>Pare\u00e7o normal, mas reparo na bagun\u00e7a atr\u00e1s dos selfies.<\/li>\n\n\n\n<li>I HAVE A DREAM que um dia pol\u00edticos ser\u00e3o julgados por seus crimes e n\u00e3o pela posi\u00e7\u00e3o alcan\u00e7ada em pesquisas eleitorais duvidosas.<\/li>\n\n\n\n<li>Por que algumas manifesta\u00e7\u00f5es com menos de 100 gatos pingados ganham destaque na m\u00eddia nacional?<\/li>\n\n\n\n<li>H\u00e1 dois tipos de humor: o engra\u00e7ado e o politicamente correto.<\/li>\n\n\n\n<li>Cuidado. O computador percebe quando voc\u00ea n\u00e3o gosta dele.<\/li>\n<\/ul>\n\n\n\n<div class=\"wp-block-group\"><div class=\"wp-block-group__inner-container is-layout-constrained wp-block-group-is-layout-constrained\">\n<h3 class=\"wp-block-heading\">Fuga da Matrix<\/h3>\n\n\n\n<ul id=\"block-4ab13a54-6962-4a2b-ad40-dba4c34e3bea\" class=\"wp-block-list\">\n<li><a href=\"https:\/\/radames.manosso.nom.br\/palavras\/geral\/desaforismos-e-pensamentos-incorretos\/\">Desaforismos e pensamentos incorretos<\/a><\/li>\n\n\n\n<li><a href=\"https:\/\/radames.manosso.nom.br\/palavras\/comportamento\/meu-balanco-redpill\/\">Meu balan\u00e7o redpill<\/a><\/li>\n\n\n\n<li><a href=\"https:\/\/radames.manosso.nom.br\/palavras\/comportamento\/redes-sociais-e-servicos-alternativos-anti-big-techs\/\">Redes sociais e servi\u00e7os alternativos anti Big Techs<\/a><\/li>\n\n\n\n<li><a href=\"https:\/\/radames.manosso.nom.br\/palavras\/comportamento\/resistencia-ao-poder-das-big-techs\/\">Resist\u00eancia ao poder das Big Techs<\/a><\/li>\n\n\n\n<li><a href=\"https:\/\/radames.manosso.nom.br\/palavras\/comportamento\/13-motivos-para-sair-do-facebook\/\">13 motivos para sair do Facebook<\/a><\/li>\n\n\n\n<li><a href=\"https:\/\/radames.manosso.nom.br\/palavras\/comportamento\/como-nao-fazer-uma-foto-de-perfil\/\">Como n\u00e3o fazer uma foto de perfil<\/a><\/li>\n\n\n\n<li><a href=\"https:\/\/radames.manosso.nom.br\/palavras\/comportamento\/dez-habilidades-da-mulher-moderna\/\">Dez habilidades da mulher moderna<\/a><\/li>\n\n\n\n<li><a href=\"https:\/\/radames.manosso.nom.br\/palavras\/comportamento\/as-mulheres-preferem-os-inteligentes\/\">As mulheres preferem os inteligentes?<\/a><\/li>\n\n\n\n<li><a href=\"https:\/\/radames.manosso.nom.br\/palavras\/comportamento\/a-feminista-e-o-galao-de-agua-mineral\/\">O feminista e o gal\u00e3o de \u00e1gua mineral<\/a><\/li>\n\n\n\n<li><a href=\"https:\/\/radames.manosso.nom.br\/palavras\/politica\/pequeno-dicionario-politicamente-incorreto\/\">Pequeno dicion\u00e1rio politicamente incorreto<\/a><\/li>\n<\/ul>\n<\/div><\/div>\n","protected":false},"excerpt":{"rendered":"<p>Enfileiro aqui alguns curtos cord\u00f5es de palavras expelidas \u00e0 guisa de humour. 2026 2025 2024 2023 2022 2021 2020<\/p>\n","protected":false},"author":1,"featured_media":0,"comment_status":"open","ping_status":"closed","sticky":false,"template":"","format":"standard","meta":{"jetpack_post_was_ever_published":false,"_jetpack_newsletter_access":"","_jetpack_dont_email_post_to_subs":false,"_jetpack_newsletter_tier_id":0,"_jetpack_memberships_contains_paywalled_content":false,"_jetpack_memberships_contains_paid_content":false,"footnotes":""},"categories":[3],"tags":[342,343,234,344],"class_list":["post-4127","post","type-post","status-publish","format-standard","hentry","category-geral","tag-aforismo","tag-desaforismo","tag-humor","tag-pensamentos"],"jetpack_featured_media_url":"","jetpack_shortlink":"https:\/\/wp.me\/p74VxW-14z","jetpack-related-posts":[{"id":192,"url":"https:\/\/radames.manosso.nom.br\/palavras\/comportamento\/as-mulheres-preferem-os-inteligentes\/","url_meta":{"origin":4127,"position":0},"title":"As mulheres preferem os inteligentes?","author":"Radam\u00e9s","date":false,"format":false,"excerpt":"Os homens preferem as loiras e as mulheres preferem os inteligentes, certo? H\u00e1 controv\u00e9rsias. Algumas mulheres preferem homens, digamos, desinteligentes e muitas preferem mesmo os espertos. Intelig\u00eancia em sentido estrito \u00e9 aquela capacidade de resolver problemas complexos, mas esot\u00e9ricos como deduzir um teorema ou entender a Cr\u00edtica da Raz\u00e3o Pura\u2026","rel":"","context":"Em &quot;Comportamento&quot;","block_context":{"text":"Comportamento","link":"https:\/\/radames.manosso.nom.br\/palavras\/category\/comportamento\/"},"img":{"alt_text":"","src":"https:\/\/i0.wp.com\/radames.manosso.nom.br\/palavras\/files\/2008\/08\/brain.gif?resize=350%2C200&ssl=1","width":350,"height":200},"classes":[]},{"id":4056,"url":"https:\/\/radames.manosso.nom.br\/palavras\/comportamento\/como-nao-fazer-uma-foto-de-perfil\/","url_meta":{"origin":4127,"position":1},"title":"Como n\u00e3o fazer uma foto de perfil","author":"Radam\u00e9s","date":false,"format":false,"excerpt":"O perfil \u00e9 seu, a foto \u00e9 sua, mas pense no que voc\u00ea est\u00e1 informando aos outros em sua foto de perfil. Aqui v\u00e3o umas coisas que me chamam a aten\u00e7\u00e3o nas redes sociais. A dica mais preciosa, por\u00e9m, \u00e9: fa\u00e7a do seu jeito desde que consciente. Photoshop no \u00faltimo\u2026","rel":"","context":"Em &quot;Comportamento&quot;","block_context":{"text":"Comportamento","link":"https:\/\/radames.manosso.nom.br\/palavras\/category\/comportamento\/"},"img":{"alt_text":"","src":"https:\/\/i0.wp.com\/radames.manosso.nom.br\/palavras\/files\/2018\/05\/photoshopada.jpg?resize=350%2C200&ssl=1","width":350,"height":200},"classes":[]},{"id":2677,"url":"https:\/\/radames.manosso.nom.br\/palavras\/comportamento\/as-virtudes-da-ordem-alfabetica\/","url_meta":{"origin":4127,"position":2},"title":"As virtudes da ordem alfab\u00e9tica","author":"Radam\u00e9s","date":false,"format":false,"excerpt":"Em nosso dia a dia sempre estamos organizando listas: convidados para\u00a0a festa de anivers\u00e1rio, participantes da pr\u00f3xima reuni\u00e3o, itens para comprar no supermercado, jogadores convocados se eu fosse o t\u00e9cnico da sele\u00e7\u00e3o brasileira, lugares que gostaria de visitar nas pr\u00f3ximas f\u00e9rias, etc. Preste aten\u00e7\u00e3o e tome cuidado, pois a forma\u2026","rel":"","context":"Em &quot;Comportamento&quot;","block_context":{"text":"Comportamento","link":"https:\/\/radames.manosso.nom.br\/palavras\/category\/comportamento\/"},"img":{"alt_text":"","src":"https:\/\/i0.wp.com\/radames.manosso.nom.br\/palavras\/files\/2011\/08\/abc.jpg?resize=350%2C200&ssl=1","width":350,"height":200},"classes":[]},{"id":100,"url":"https:\/\/radames.manosso.nom.br\/palavras\/comportamento\/em-que-fase-a-lua-esta-hoje\/","url_meta":{"origin":4127,"position":3},"title":"Em que fase a lua est\u00e1 hoje?","author":"Radam\u00e9s","date":false,"format":false,"excerpt":"Aqui voc\u00ea consulta as fases da lua 2022 em quatro apresenta\u00e7\u00f5es: calend\u00e1rio colorido, calend\u00e1rio visual, tabela e planilha com calend\u00e1rio 1900-2100. Tabela das fases da lua 2022 A tabela abaixo indica o momento exato em que cada fase da lua se inicia. Os dias seguintes est\u00e3o na mesma fase. Exemplo:\u2026","rel":"","context":"Em &quot;Comportamento&quot;","block_context":{"text":"Comportamento","link":"https:\/\/radames.manosso.nom.br\/palavras\/category\/comportamento\/"},"img":{"alt_text":"lua cheia","src":"https:\/\/i0.wp.com\/radames.manosso.nom.br\/palavras\/files\/2008\/03\/ND7_3027-e1607970751872.jpg?resize=350%2C200&ssl=1","width":350,"height":200},"classes":[]},{"id":3100,"url":"https:\/\/radames.manosso.nom.br\/palavras\/comportamento\/quando-o-brega-se-tornar-chique\/","url_meta":{"origin":4127,"position":4},"title":"Quando o brega se tornar chique","author":"Radam\u00e9s","date":false,"format":false,"excerpt":"Todo mundo consegue dar um exemplo de m\u00fasica brega, mas explicar o que \u00e9 esse tipo de m\u00fasica n\u00e3o \u00e9 tarefa simples. Para come\u00e7ar, brega n\u00e3o \u00e9 um g\u00eanero musical, embora, seja costume\u00a0associ\u00e1-lo com ritmos populares como o sertanejo, o ax\u00e9 e, obviamente, o bolero, g\u00eanero oficial do corno. Esses\u2026","rel":"","context":"Em &quot;Comportamento&quot;","block_context":{"text":"Comportamento","link":"https:\/\/radames.manosso.nom.br\/palavras\/category\/comportamento\/"},"img":{"alt_text":"Capa de LP - Waldick Soriano","src":"https:\/\/i0.wp.com\/radames.manosso.nom.br\/palavras\/files\/2012\/11\/waldick-soriano-capa-lp-1986-e1492043699972.jpg?resize=350%2C200&ssl=1","width":350,"height":200},"classes":[]},{"id":1407,"url":"https:\/\/radames.manosso.nom.br\/palavras\/comportamento\/a-feminista-e-o-galao-de-agua-mineral\/","url_meta":{"origin":4127,"position":5},"title":"O feminista e o gal\u00e3o de \u00e1gua mineral","author":"Radam\u00e9s","date":false,"format":false,"excerpt":"Quando acabava a \u00e1gua no bebedouro do escrit\u00f3rio n\u00e3o demorava at\u00e9 aparecer uma colaboradora proativa para resolver o problema: \u2014 Ser\u00e1 que n\u00e3o tem um homem forte\u00a0nesta sala para virar o gal\u00e3o de \u00e1gua mineral? Imediatamente, v\u00e3o surgindo as desculpas: \u2014 Estou com uma s\u00e9ria lombalgia. \u2014 Tenho que terminar\u2026","rel":"","context":"Em &quot;Comportamento&quot;","block_context":{"text":"Comportamento","link":"https:\/\/radames.manosso.nom.br\/palavras\/category\/comportamento\/"},"img":{"alt_text":"","src":"https:\/\/i0.wp.com\/radames.manosso.nom.br\/palavras\/files\/2009\/11\/bebedouro-agua-mineral.jpg?resize=350%2C200&ssl=1","width":350,"height":200},"classes":[]}],"jetpack_sharing_enabled":true,"_links":{"self":[{"href":"https:\/\/radames.manosso.nom.br\/palavras\/wp-json\/wp\/v2\/posts\/4127","targetHints":{"allow":["GET"]}}],"collection":[{"href":"https:\/\/radames.manosso.nom.br\/palavras\/wp-json\/wp\/v2\/posts"}],"about":[{"href":"https:\/\/radames.manosso.nom.br\/palavras\/wp-json\/wp\/v2\/types\/post"}],"author":[{"embeddable":true,"href":"https:\/\/radames.manosso.nom.br\/palavras\/wp-json\/wp\/v2\/users\/1"}],"replies":[{"embeddable":true,"href":"https:\/\/radames.manosso.nom.br\/palavras\/wp-json\/wp\/v2\/comments?post=4127"}],"version-history":[{"count":110,"href":"https:\/\/radames.manosso.nom.br\/palavras\/wp-json\/wp\/v2\/posts\/4127\/revisions"}],"predecessor-version":[{"id":7930,"href":"https:\/\/radames.manosso.nom.br\/palavras\/wp-json\/wp\/v2\/posts\/4127\/revisions\/7930"}],"wp:attachment":[{"href":"https:\/\/radames.manosso.nom.br\/palavras\/wp-json\/wp\/v2\/media?parent=4127"}],"wp:term":[{"taxonomy":"category","embeddable":true,"href":"https:\/\/radames.manosso.nom.br\/palavras\/wp-json\/wp\/v2\/categories?post=4127"},{"taxonomy":"post_tag","embeddable":true,"href":"https:\/\/radames.manosso.nom.br\/palavras\/wp-json\/wp\/v2\/tags?post=4127"}],"curies":[{"name":"wp","href":"https:\/\/api.w.org\/{rel}","templated":true}]}}