{"id":4487,"date":"2019-10-20T18:30:10","date_gmt":"2019-10-20T21:30:10","guid":{"rendered":"http:\/\/radames.manosso.nom.br\/palavras\/?p=4487"},"modified":"2020-11-24T21:36:11","modified_gmt":"2020-11-25T00:36:11","slug":"familias-de-cedulas-brasileiras-iii","status":"publish","type":"post","link":"https:\/\/radames.manosso.nom.br\/palavras\/educacao\/familias-de-cedulas-brasileiras-iii\/","title":{"rendered":"Fam\u00edlias de c\u00e9dulas brasileiras III"},"content":{"rendered":"\n<h3 class=\"wp-block-heading\">Rep\u00fablica dos mil-r\u00e9is<\/h3>\n\n\n\n<p>Conhe\u00e7a as fam\u00edlias de c\u00e9dulas que circularam no Brasil desde a Independ\u00eancia at\u00e9 os dias atuais. S\u00e3o vinte e cinco fam\u00edlias em 197 anos de Brasil independente, o que d\u00e1 uma m\u00e9dia de uma fam\u00edlia criada a cada oito anos. A pouca longevidade de nossas c\u00e9dulas reflete as turbul\u00eancias econ\u00f4micas e a infla\u00e7\u00e3o alta que corroeu o poder aquisitivo do papel moeda em v\u00e1rios momentos de nossa hist\u00f3ria.<\/p>\n\n\n\n<h3 class=\"wp-block-heading\">Mil-r\u00e9is Rep\u00fablica Caixa de Estabiliza\u00e7\u00e3o<\/h3>\n\n\n\n<p>A Caixa de Estabiliza\u00e7\u00e3o foi um \u00f3rg\u00e3o federal criado em 1926 no governo Washington Luis que emitiu papel moeda lastreado em ouro. Esse \u00f3rg\u00e3o emitiu uma fam\u00edlia de c\u00e9dulas de 10 mil at\u00e9 um conto de r\u00e9is. Todas as c\u00e9dulas tinham a ef\u00edgie de uma jovem representando a Rep\u00fablica. As notas foram produzidas por pouco tempo, mas circularam at\u00e9 a ado\u00e7\u00e3o do padr\u00e3o Cruzeiro.<\/p>\n\n\n\n<figure class=\"wp-block-image size-large\"><img data-recalc-dims=\"1\" loading=\"lazy\" decoding=\"async\" width=\"500\" height=\"468\" data-attachment-id=\"4523\" data-permalink=\"https:\/\/radames.manosso.nom.br\/palavras\/educacao\/familias-de-cedulas-brasileiras-iii\/attachment\/familia-milreis-caixa-estabilizacao\/\" data-orig-file=\"https:\/\/i0.wp.com\/radames.manosso.nom.br\/palavras\/files\/2019\/10\/familia-milreis-caixa-estabilizacao.jpg?fit=500%2C468&amp;ssl=1\" data-orig-size=\"500,468\" data-comments-opened=\"1\" data-image-meta=\"{&quot;aperture&quot;:&quot;0&quot;,&quot;credit&quot;:&quot;&quot;,&quot;camera&quot;:&quot;&quot;,&quot;caption&quot;:&quot;&quot;,&quot;created_timestamp&quot;:&quot;0&quot;,&quot;copyright&quot;:&quot;&quot;,&quot;focal_length&quot;:&quot;0&quot;,&quot;iso&quot;:&quot;0&quot;,&quot;shutter_speed&quot;:&quot;0&quot;,&quot;title&quot;:&quot;&quot;,&quot;orientation&quot;:&quot;0&quot;}\" data-image-title=\"Fam\u00edlia de c\u00e9dulas mil-r\u00e9is caixa de estabiliza\u00e7\u00e3o\" data-image-description=\"\" data-image-caption=\"\" data-large-file=\"https:\/\/i0.wp.com\/radames.manosso.nom.br\/palavras\/files\/2019\/10\/familia-milreis-caixa-estabilizacao.jpg?fit=500%2C468&amp;ssl=1\" src=\"https:\/\/i0.wp.com\/radames.manosso.nom.br\/palavras\/files\/2019\/10\/familia-milreis-caixa-estabilizacao.jpg?resize=500%2C468&#038;ssl=1\" alt=\"Fam\u00edlia de c\u00e9dulas mil-r\u00e9is caixa de estabiliza\u00e7\u00e3o\" class=\"wp-image-4523\" srcset=\"https:\/\/i0.wp.com\/radames.manosso.nom.br\/palavras\/files\/2019\/10\/familia-milreis-caixa-estabilizacao.jpg?w=500&amp;ssl=1 500w, https:\/\/i0.wp.com\/radames.manosso.nom.br\/palavras\/files\/2019\/10\/familia-milreis-caixa-estabilizacao.jpg?resize=300%2C281&amp;ssl=1 300w\" sizes=\"auto, (max-width: 500px) 100vw, 500px\" \/><\/figure>\n\n\n\n<ul class=\"wp-block-list\"><li>C\u00e9dulas: 7<\/li><li>Produ\u00e7\u00e3o: 1927 &#8211; 1930.<\/li><li>Circula\u00e7\u00e3o:  1927 &#8211; 1951.<\/li><li>Emiss\u00e3o: Caixa de Estabiliza\u00e7\u00e3o<\/li><li>Impress\u00e3o: American Bank Note Company<\/li><\/ul>\n\n\n\n<!--more-->\n\n\n\n<hr class=\"wp-block-separator\"\/>\n\n\n\n<h3 class=\"wp-block-heading\">Planilha do colecionador de c\u00e9dulas<\/h3>\n\n\n\n<p>Se voc\u00ea gosta de Numism\u00e1tica baixe a planilha gr\u00e1tis do colecionador de c\u00e9dulas ou adquira a vers\u00e3o premium.<\/p>\n\n\n\n<div class=\"wp-block-buttons is-layout-flex wp-block-buttons-is-layout-flex\">\n<div class=\"wp-block-button\"><a class=\"wp-block-button__link\" href=\"http:\/\/radames.manosso.nom.br\/bitabit\/planilhas\/planilha-do-colecionador-de-cedulas\/\">Download<\/a><\/div>\n<\/div>\n\n\n\n<hr class=\"wp-block-separator\"\/>\n\n\n\n<h3 class=\"wp-block-heading\">Mil-r\u00e9is Rep\u00fablica Banco do Brasil<\/h3>\n\n\n\n<p>O Banco do Brasil centralizou a emiss\u00e3o de papel moeda a partir de 1923 e produziu uma fam\u00edlia de c\u00e9dulas impressa pela American Bank Note Company que ia de  1 mil-r\u00e9is at\u00e9 um conto de r\u00e9is. O design dessa s\u00e9rie seguia um padr\u00e3o peculiar: as c\u00e9dulas iniciadas em 1 tinham ef\u00edgie central, as iniciadas por 2 apresentavam a ef\u00edgie \u00e0 direita e as iniciadas por cinco tinham ef\u00edgie \u00e0 esquerda. S\u00e3o homenageados quatro presidentes da Velha Rep\u00fablica.<\/p>\n\n\n\n<figure class=\"wp-block-image size-large\"><img data-recalc-dims=\"1\" loading=\"lazy\" decoding=\"async\" width=\"500\" height=\"472\" data-attachment-id=\"4529\" data-permalink=\"https:\/\/radames.manosso.nom.br\/palavras\/educacao\/familias-de-cedulas-brasileiras-iii\/attachment\/familia-milreis-banco-do-brasil\/\" data-orig-file=\"https:\/\/i0.wp.com\/radames.manosso.nom.br\/palavras\/files\/2019\/10\/familia-milreis-banco-do-brasil.jpg?fit=500%2C472&amp;ssl=1\" data-orig-size=\"500,472\" data-comments-opened=\"1\" data-image-meta=\"{&quot;aperture&quot;:&quot;0&quot;,&quot;credit&quot;:&quot;&quot;,&quot;camera&quot;:&quot;&quot;,&quot;caption&quot;:&quot;&quot;,&quot;created_timestamp&quot;:&quot;0&quot;,&quot;copyright&quot;:&quot;&quot;,&quot;focal_length&quot;:&quot;0&quot;,&quot;iso&quot;:&quot;0&quot;,&quot;shutter_speed&quot;:&quot;0&quot;,&quot;title&quot;:&quot;&quot;,&quot;orientation&quot;:&quot;0&quot;}\" data-image-title=\"Fam\u00edlia de c\u00e9dulas mil-r\u00e9is Banco do Brasil\" data-image-description=\"\" data-image-caption=\"\" data-large-file=\"https:\/\/i0.wp.com\/radames.manosso.nom.br\/palavras\/files\/2019\/10\/familia-milreis-banco-do-brasil.jpg?fit=500%2C472&amp;ssl=1\" src=\"https:\/\/i0.wp.com\/radames.manosso.nom.br\/palavras\/files\/2019\/10\/familia-milreis-banco-do-brasil.jpg?resize=500%2C472&#038;ssl=1\" alt=\"Fam\u00edlia de c\u00e9dulas mil-r\u00e9is Banco do Brasil\" class=\"wp-image-4529\" srcset=\"https:\/\/i0.wp.com\/radames.manosso.nom.br\/palavras\/files\/2019\/10\/familia-milreis-banco-do-brasil.jpg?w=500&amp;ssl=1 500w, https:\/\/i0.wp.com\/radames.manosso.nom.br\/palavras\/files\/2019\/10\/familia-milreis-banco-do-brasil.jpg?resize=300%2C283&amp;ssl=1 300w\" sizes=\"auto, (max-width: 500px) 100vw, 500px\" \/><\/figure>\n\n\n\n<figure class=\"wp-block-image size-large\"><img data-recalc-dims=\"1\" loading=\"lazy\" decoding=\"async\" width=\"500\" height=\"385\" data-attachment-id=\"4530\" data-permalink=\"https:\/\/radames.manosso.nom.br\/palavras\/educacao\/familias-de-cedulas-brasileiras-iii\/attachment\/familia-milreis-banco-do-brasil-2\/\" data-orig-file=\"https:\/\/i0.wp.com\/radames.manosso.nom.br\/palavras\/files\/2019\/10\/familia-milreis-banco-do-brasil-2.jpg?fit=500%2C385&amp;ssl=1\" data-orig-size=\"500,385\" data-comments-opened=\"1\" data-image-meta=\"{&quot;aperture&quot;:&quot;0&quot;,&quot;credit&quot;:&quot;&quot;,&quot;camera&quot;:&quot;&quot;,&quot;caption&quot;:&quot;&quot;,&quot;created_timestamp&quot;:&quot;0&quot;,&quot;copyright&quot;:&quot;&quot;,&quot;focal_length&quot;:&quot;0&quot;,&quot;iso&quot;:&quot;0&quot;,&quot;shutter_speed&quot;:&quot;0&quot;,&quot;title&quot;:&quot;&quot;,&quot;orientation&quot;:&quot;0&quot;}\" data-image-title=\"Fam\u00edlia de c\u00e9dulas mil-r\u00e9is Banco do Brasil\" data-image-description=\"\" data-image-caption=\"\" data-large-file=\"https:\/\/i0.wp.com\/radames.manosso.nom.br\/palavras\/files\/2019\/10\/familia-milreis-banco-do-brasil-2.jpg?fit=500%2C385&amp;ssl=1\" src=\"https:\/\/i0.wp.com\/radames.manosso.nom.br\/palavras\/files\/2019\/10\/familia-milreis-banco-do-brasil-2.jpg?resize=500%2C385&#038;ssl=1\" alt=\"Fam\u00edlia de c\u00e9dulas mil-r\u00e9is Banco do Brasil\" class=\"wp-image-4530\" srcset=\"https:\/\/i0.wp.com\/radames.manosso.nom.br\/palavras\/files\/2019\/10\/familia-milreis-banco-do-brasil-2.jpg?w=500&amp;ssl=1 500w, https:\/\/i0.wp.com\/radames.manosso.nom.br\/palavras\/files\/2019\/10\/familia-milreis-banco-do-brasil-2.jpg?resize=300%2C231&amp;ssl=1 300w\" sizes=\"auto, (max-width: 500px) 100vw, 500px\" \/><\/figure>\n\n\n\n<ul class=\"wp-block-list\"><li>C\u00e9dulas: 11<\/li><li>Produ\u00e7\u00e3o: 1923 &#8211; 1926.<\/li><li>Circula\u00e7\u00e3o: 1923 &#8211; 1944.<\/li><li>Emiss\u00e3o: Banco do Brasil<\/li><li>Impress\u00e3o:  American Bank Note Company<\/li><\/ul>\n\n\n\n<h3 class=\"wp-block-heading\">Mil-r\u00e9is Rep\u00fablica dos Estados Unidos do Brasil<\/h3>\n\n\n\n<p>Em meados da Rep\u00fablica Velha o Tesouro Nacional emitiu e a American Bank Note Company imprimiu a s\u00e9rie abaixo em que s\u00e3o homenageados seis presidentes do per\u00edodo nas ef\u00edgies. Em algumas c\u00e9dulas vemos Brasil escrito com Z.<\/p>\n\n\n\n<p><\/p>\n\n\n\n<figure class=\"wp-block-image size-large\"><img data-recalc-dims=\"1\" loading=\"lazy\" decoding=\"async\" width=\"500\" height=\"345\" data-attachment-id=\"4534\" data-permalink=\"https:\/\/radames.manosso.nom.br\/palavras\/educacao\/familias-de-cedulas-brasileiras-iii\/attachment\/familia-cedulas-milreis-estados-unidos-do-brasil-a\/\" data-orig-file=\"https:\/\/i0.wp.com\/radames.manosso.nom.br\/palavras\/files\/2019\/10\/familia-cedulas-milreis-estados-unidos-do-brasil-a.jpg?fit=500%2C345&amp;ssl=1\" data-orig-size=\"500,345\" data-comments-opened=\"1\" data-image-meta=\"{&quot;aperture&quot;:&quot;0&quot;,&quot;credit&quot;:&quot;&quot;,&quot;camera&quot;:&quot;&quot;,&quot;caption&quot;:&quot;&quot;,&quot;created_timestamp&quot;:&quot;0&quot;,&quot;copyright&quot;:&quot;&quot;,&quot;focal_length&quot;:&quot;0&quot;,&quot;iso&quot;:&quot;0&quot;,&quot;shutter_speed&quot;:&quot;0&quot;,&quot;title&quot;:&quot;&quot;,&quot;orientation&quot;:&quot;0&quot;}\" data-image-title=\"Fam\u00edlia de c\u00e9dulas milr\u00e9is Estados Unidos do Brasil\" data-image-description=\"\" data-image-caption=\"\" data-large-file=\"https:\/\/i0.wp.com\/radames.manosso.nom.br\/palavras\/files\/2019\/10\/familia-cedulas-milreis-estados-unidos-do-brasil-a.jpg?fit=500%2C345&amp;ssl=1\" src=\"https:\/\/i0.wp.com\/radames.manosso.nom.br\/palavras\/files\/2019\/10\/familia-cedulas-milreis-estados-unidos-do-brasil-a.jpg?resize=500%2C345&#038;ssl=1\" alt=\"Fam\u00edlia de c\u00e9dulas milr\u00e9is Estados Unidos do Brasil\" class=\"wp-image-4534\" srcset=\"https:\/\/i0.wp.com\/radames.manosso.nom.br\/palavras\/files\/2019\/10\/familia-cedulas-milreis-estados-unidos-do-brasil-a.jpg?w=500&amp;ssl=1 500w, https:\/\/i0.wp.com\/radames.manosso.nom.br\/palavras\/files\/2019\/10\/familia-cedulas-milreis-estados-unidos-do-brasil-a.jpg?resize=300%2C207&amp;ssl=1 300w\" sizes=\"auto, (max-width: 500px) 100vw, 500px\" \/><\/figure>\n\n\n\n<figure class=\"wp-block-image size-large\"><img data-recalc-dims=\"1\" loading=\"lazy\" decoding=\"async\" width=\"500\" height=\"229\" data-attachment-id=\"4559\" data-permalink=\"https:\/\/radames.manosso.nom.br\/palavras\/educacao\/familias-de-cedulas-brasileiras-iii\/attachment\/familia-cedulas-milreis-estados-unidos-do-brasil-c\/\" data-orig-file=\"https:\/\/i0.wp.com\/radames.manosso.nom.br\/palavras\/files\/2019\/10\/familia-cedulas-milreis-estados-unidos-do-brasil-c.jpg?fit=500%2C229&amp;ssl=1\" data-orig-size=\"500,229\" data-comments-opened=\"1\" data-image-meta=\"{&quot;aperture&quot;:&quot;0&quot;,&quot;credit&quot;:&quot;&quot;,&quot;camera&quot;:&quot;&quot;,&quot;caption&quot;:&quot;&quot;,&quot;created_timestamp&quot;:&quot;0&quot;,&quot;copyright&quot;:&quot;&quot;,&quot;focal_length&quot;:&quot;0&quot;,&quot;iso&quot;:&quot;0&quot;,&quot;shutter_speed&quot;:&quot;0&quot;,&quot;title&quot;:&quot;&quot;,&quot;orientation&quot;:&quot;0&quot;}\" data-image-title=\"Fam\u00edlia de c\u00e9dulas milr\u00e9is Estados Unidos do Brasil\" data-image-description=\"\" data-image-caption=\"\" data-large-file=\"https:\/\/i0.wp.com\/radames.manosso.nom.br\/palavras\/files\/2019\/10\/familia-cedulas-milreis-estados-unidos-do-brasil-c.jpg?fit=500%2C229&amp;ssl=1\" src=\"https:\/\/i0.wp.com\/radames.manosso.nom.br\/palavras\/files\/2019\/10\/familia-cedulas-milreis-estados-unidos-do-brasil-c.jpg?resize=500%2C229&#038;ssl=1\" alt=\"Fam\u00edlia de c\u00e9dulas milr\u00e9is Estados Unidos do Brasil\" class=\"wp-image-4559\" srcset=\"https:\/\/i0.wp.com\/radames.manosso.nom.br\/palavras\/files\/2019\/10\/familia-cedulas-milreis-estados-unidos-do-brasil-c.jpg?w=500&amp;ssl=1 500w, https:\/\/i0.wp.com\/radames.manosso.nom.br\/palavras\/files\/2019\/10\/familia-cedulas-milreis-estados-unidos-do-brasil-c.jpg?resize=300%2C137&amp;ssl=1 300w\" sizes=\"auto, (max-width: 500px) 100vw, 500px\" \/><\/figure>\n\n\n\n<ul class=\"wp-block-list\"><li>C\u00e9dulas: 8<\/li><li>Produ\u00e7\u00e3o: 1913 &#8211; 1926<\/li><li>Circula\u00e7\u00e3o: 1913 &#8211;  1942<\/li><li>Emiss\u00e3o: Tesouro Nacional<\/li><li>Impress\u00e3o:  American Bank Note Company<\/li><\/ul>\n\n\n\n<h3 class=\"wp-block-heading\">Mil-r\u00e9is Rep\u00fablica Caixa de Convers\u00e3o<\/h3>\n\n\n\n<p>A Caixa de Convers\u00e3o foi um \u00f3rg\u00e3o federal criado em 1906 que funcionou at\u00e9 1913. Nesse per\u00edodo produziu uma fam\u00edlia de c\u00e9dulas de mil-r\u00e9is lastreado em ouro e moedas fortes. Todas as c\u00e9dulas traziam a ef\u00edgie do presidente Afonso Pena.<\/p>\n\n\n\n<figure class=\"wp-block-image size-large\"><img data-recalc-dims=\"1\" loading=\"lazy\" decoding=\"async\" width=\"500\" height=\"458\" data-attachment-id=\"4525\" data-permalink=\"https:\/\/radames.manosso.nom.br\/palavras\/educacao\/familias-de-cedulas-brasileiras-iii\/attachment\/familia-milreis-caixa-conversao\/\" data-orig-file=\"https:\/\/i0.wp.com\/radames.manosso.nom.br\/palavras\/files\/2019\/10\/familia-milreis-caixa-conversao.jpg?fit=500%2C458&amp;ssl=1\" data-orig-size=\"500,458\" data-comments-opened=\"1\" data-image-meta=\"{&quot;aperture&quot;:&quot;0&quot;,&quot;credit&quot;:&quot;&quot;,&quot;camera&quot;:&quot;&quot;,&quot;caption&quot;:&quot;&quot;,&quot;created_timestamp&quot;:&quot;0&quot;,&quot;copyright&quot;:&quot;&quot;,&quot;focal_length&quot;:&quot;0&quot;,&quot;iso&quot;:&quot;0&quot;,&quot;shutter_speed&quot;:&quot;0&quot;,&quot;title&quot;:&quot;&quot;,&quot;orientation&quot;:&quot;0&quot;}\" data-image-title=\"Fam\u00edlia de c\u00e9dulas mil-r\u00e9is caixa de convers\u00e3o\" data-image-description=\"\" data-image-caption=\"\" data-large-file=\"https:\/\/i0.wp.com\/radames.manosso.nom.br\/palavras\/files\/2019\/10\/familia-milreis-caixa-conversao.jpg?fit=500%2C458&amp;ssl=1\" src=\"https:\/\/i0.wp.com\/radames.manosso.nom.br\/palavras\/files\/2019\/10\/familia-milreis-caixa-conversao.jpg?resize=500%2C458&#038;ssl=1\" alt=\"Fam\u00edlia de c\u00e9dulas mil-r\u00e9is caixa de convers\u00e3o\" class=\"wp-image-4525\" srcset=\"https:\/\/i0.wp.com\/radames.manosso.nom.br\/palavras\/files\/2019\/10\/familia-milreis-caixa-conversao.jpg?w=500&amp;ssl=1 500w, https:\/\/i0.wp.com\/radames.manosso.nom.br\/palavras\/files\/2019\/10\/familia-milreis-caixa-conversao.jpg?resize=300%2C275&amp;ssl=1 300w\" sizes=\"auto, (max-width: 500px) 100vw, 500px\" \/><\/figure>\n\n\n\n<ul class=\"wp-block-list\"><li>C\u00e9dulas: 7<\/li><li>Produ\u00e7\u00e3o: 1906 &#8211; 1913<\/li><li>Circula\u00e7\u00e3o: 1906 &#8211; 1942.<\/li><li>Emiss\u00e3o: Caixa de Convers\u00e3o<\/li><li>Impress\u00e3o:  Waterlow &amp; Sons<\/li><\/ul>\n\n\n\n<h3 class=\"wp-block-heading\">Mil-r\u00e9is Rep\u00fablica alegorias<\/h3>\n\n\n\n<p>Esta s\u00e9rie extensa foi emitida nos primeiros anos da Rep\u00fablica pelo Tesouro Nacional e impressa pela American Bank Note Company com Z na grafia de Brasil. Traz ilustra\u00e7\u00f5es de figuras femininas aleg\u00f3ricas representando Rep\u00fablica, Justi\u00e7a e entidades da mitologia cl\u00e1ssica.  V\u00e1rias c\u00e9dulas desta fam\u00edlia s\u00e3o vers\u00f5es &#8220;republicanas&#8221; de c\u00e9dulas que circularam no tempo do imp\u00e9rio.<\/p>\n\n\n\n<figure class=\"wp-block-image size-large\"><img data-recalc-dims=\"1\" loading=\"lazy\" decoding=\"async\" width=\"500\" height=\"447\" data-attachment-id=\"4599\" data-permalink=\"https:\/\/radames.manosso.nom.br\/palavras\/educacao\/familias-de-cedulas-brasileiras-iii\/attachment\/milreis-republica-alegorias-10\/\" data-orig-file=\"https:\/\/i0.wp.com\/radames.manosso.nom.br\/palavras\/files\/2019\/10\/milreis-republica-alegorias-10.jpg?fit=500%2C447&amp;ssl=1\" data-orig-size=\"500,447\" data-comments-opened=\"1\" data-image-meta=\"{&quot;aperture&quot;:&quot;0&quot;,&quot;credit&quot;:&quot;&quot;,&quot;camera&quot;:&quot;&quot;,&quot;caption&quot;:&quot;&quot;,&quot;created_timestamp&quot;:&quot;0&quot;,&quot;copyright&quot;:&quot;&quot;,&quot;focal_length&quot;:&quot;0&quot;,&quot;iso&quot;:&quot;0&quot;,&quot;shutter_speed&quot;:&quot;0&quot;,&quot;title&quot;:&quot;&quot;,&quot;orientation&quot;:&quot;0&quot;}\" data-image-title=\"C\u00e9dulas Mil-r\u00e9is Rep\u00fablica alegorias\" data-image-description=\"\" data-image-caption=\"\" data-large-file=\"https:\/\/i0.wp.com\/radames.manosso.nom.br\/palavras\/files\/2019\/10\/milreis-republica-alegorias-10.jpg?fit=500%2C447&amp;ssl=1\" src=\"https:\/\/i0.wp.com\/radames.manosso.nom.br\/palavras\/files\/2019\/10\/milreis-republica-alegorias-10.jpg?resize=500%2C447&#038;ssl=1\" alt=\"C\u00e9dulas Mil-r\u00e9is Rep\u00fablica alegorias\" class=\"wp-image-4599\" srcset=\"https:\/\/i0.wp.com\/radames.manosso.nom.br\/palavras\/files\/2019\/10\/milreis-republica-alegorias-10.jpg?w=500&amp;ssl=1 500w, https:\/\/i0.wp.com\/radames.manosso.nom.br\/palavras\/files\/2019\/10\/milreis-republica-alegorias-10.jpg?resize=300%2C268&amp;ssl=1 300w\" sizes=\"auto, (max-width: 500px) 100vw, 500px\" \/><\/figure>\n\n\n\n<figure class=\"wp-block-image size-large\"><img data-recalc-dims=\"1\" loading=\"lazy\" decoding=\"async\" width=\"500\" height=\"444\" data-attachment-id=\"4600\" data-permalink=\"https:\/\/radames.manosso.nom.br\/palavras\/educacao\/familias-de-cedulas-brasileiras-iii\/attachment\/milreis-republica-alegorias-20\/\" data-orig-file=\"https:\/\/i0.wp.com\/radames.manosso.nom.br\/palavras\/files\/2019\/10\/milreis-republica-alegorias-20.jpg?fit=500%2C444&amp;ssl=1\" data-orig-size=\"500,444\" data-comments-opened=\"1\" data-image-meta=\"{&quot;aperture&quot;:&quot;0&quot;,&quot;credit&quot;:&quot;&quot;,&quot;camera&quot;:&quot;&quot;,&quot;caption&quot;:&quot;&quot;,&quot;created_timestamp&quot;:&quot;0&quot;,&quot;copyright&quot;:&quot;&quot;,&quot;focal_length&quot;:&quot;0&quot;,&quot;iso&quot;:&quot;0&quot;,&quot;shutter_speed&quot;:&quot;0&quot;,&quot;title&quot;:&quot;&quot;,&quot;orientation&quot;:&quot;0&quot;}\" data-image-title=\"C\u00e9dulas Mil-r\u00e9is Rep\u00fablica alegorias\" data-image-description=\"\" data-image-caption=\"\" data-large-file=\"https:\/\/i0.wp.com\/radames.manosso.nom.br\/palavras\/files\/2019\/10\/milreis-republica-alegorias-20.jpg?fit=500%2C444&amp;ssl=1\" src=\"https:\/\/i0.wp.com\/radames.manosso.nom.br\/palavras\/files\/2019\/10\/milreis-republica-alegorias-20.jpg?resize=500%2C444&#038;ssl=1\" alt=\"C\u00e9dulas Mil-r\u00e9is Rep\u00fablica alegorias\" class=\"wp-image-4600\" srcset=\"https:\/\/i0.wp.com\/radames.manosso.nom.br\/palavras\/files\/2019\/10\/milreis-republica-alegorias-20.jpg?w=500&amp;ssl=1 500w, https:\/\/i0.wp.com\/radames.manosso.nom.br\/palavras\/files\/2019\/10\/milreis-republica-alegorias-20.jpg?resize=300%2C266&amp;ssl=1 300w\" sizes=\"auto, (max-width: 500px) 100vw, 500px\" \/><\/figure>\n\n\n\n<figure class=\"wp-block-image size-large\"><img data-recalc-dims=\"1\" loading=\"lazy\" decoding=\"async\" width=\"500\" height=\"463\" data-attachment-id=\"4601\" data-permalink=\"https:\/\/radames.manosso.nom.br\/palavras\/educacao\/familias-de-cedulas-brasileiras-iii\/attachment\/milreis-republica-alegorias-30\/\" data-orig-file=\"https:\/\/i0.wp.com\/radames.manosso.nom.br\/palavras\/files\/2019\/10\/milreis-republica-alegorias-30.jpg?fit=500%2C463&amp;ssl=1\" data-orig-size=\"500,463\" data-comments-opened=\"1\" data-image-meta=\"{&quot;aperture&quot;:&quot;0&quot;,&quot;credit&quot;:&quot;&quot;,&quot;camera&quot;:&quot;&quot;,&quot;caption&quot;:&quot;&quot;,&quot;created_timestamp&quot;:&quot;0&quot;,&quot;copyright&quot;:&quot;&quot;,&quot;focal_length&quot;:&quot;0&quot;,&quot;iso&quot;:&quot;0&quot;,&quot;shutter_speed&quot;:&quot;0&quot;,&quot;title&quot;:&quot;&quot;,&quot;orientation&quot;:&quot;0&quot;}\" data-image-title=\"C\u00e9dulas Mil-r\u00e9is Rep\u00fablica alegorias\" data-image-description=\"\" data-image-caption=\"\" data-large-file=\"https:\/\/i0.wp.com\/radames.manosso.nom.br\/palavras\/files\/2019\/10\/milreis-republica-alegorias-30.jpg?fit=500%2C463&amp;ssl=1\" src=\"https:\/\/i0.wp.com\/radames.manosso.nom.br\/palavras\/files\/2019\/10\/milreis-republica-alegorias-30.jpg?resize=500%2C463&#038;ssl=1\" alt=\"C\u00e9dulas Mil-r\u00e9is Rep\u00fablica alegorias\" class=\"wp-image-4601\" srcset=\"https:\/\/i0.wp.com\/radames.manosso.nom.br\/palavras\/files\/2019\/10\/milreis-republica-alegorias-30.jpg?w=500&amp;ssl=1 500w, https:\/\/i0.wp.com\/radames.manosso.nom.br\/palavras\/files\/2019\/10\/milreis-republica-alegorias-30.jpg?resize=300%2C278&amp;ssl=1 300w\" sizes=\"auto, (max-width: 500px) 100vw, 500px\" \/><\/figure>\n\n\n\n<figure class=\"wp-block-image size-large\"><img data-recalc-dims=\"1\" loading=\"lazy\" decoding=\"async\" width=\"500\" height=\"115\" data-attachment-id=\"4602\" data-permalink=\"https:\/\/radames.manosso.nom.br\/palavras\/educacao\/familias-de-cedulas-brasileiras-iii\/attachment\/milreis-republica-alegorias-40\/\" data-orig-file=\"https:\/\/i0.wp.com\/radames.manosso.nom.br\/palavras\/files\/2019\/10\/milreis-republica-alegorias-40.jpg?fit=500%2C115&amp;ssl=1\" data-orig-size=\"500,115\" data-comments-opened=\"1\" data-image-meta=\"{&quot;aperture&quot;:&quot;0&quot;,&quot;credit&quot;:&quot;&quot;,&quot;camera&quot;:&quot;&quot;,&quot;caption&quot;:&quot;&quot;,&quot;created_timestamp&quot;:&quot;0&quot;,&quot;copyright&quot;:&quot;&quot;,&quot;focal_length&quot;:&quot;0&quot;,&quot;iso&quot;:&quot;0&quot;,&quot;shutter_speed&quot;:&quot;0&quot;,&quot;title&quot;:&quot;&quot;,&quot;orientation&quot;:&quot;0&quot;}\" data-image-title=\"C\u00e9dulas Mil-r\u00e9is Rep\u00fablica alegorias\" data-image-description=\"\" data-image-caption=\"\" data-large-file=\"https:\/\/i0.wp.com\/radames.manosso.nom.br\/palavras\/files\/2019\/10\/milreis-republica-alegorias-40.jpg?fit=500%2C115&amp;ssl=1\" src=\"https:\/\/i0.wp.com\/radames.manosso.nom.br\/palavras\/files\/2019\/10\/milreis-republica-alegorias-40.jpg?resize=500%2C115&#038;ssl=1\" alt=\"C\u00e9dulas Mil-r\u00e9is Rep\u00fablica alegorias\" class=\"wp-image-4602\" srcset=\"https:\/\/i0.wp.com\/radames.manosso.nom.br\/palavras\/files\/2019\/10\/milreis-republica-alegorias-40.jpg?w=500&amp;ssl=1 500w, https:\/\/i0.wp.com\/radames.manosso.nom.br\/palavras\/files\/2019\/10\/milreis-republica-alegorias-40.jpg?resize=300%2C69&amp;ssl=1 300w\" sizes=\"auto, (max-width: 500px) 100vw, 500px\" \/><\/figure>\n\n\n\n<ul class=\"wp-block-list\"><li>C\u00e9dulas: 25<\/li><li>Produ\u00e7\u00e3o: 1889 &#8211; 1906<\/li><li>Circula\u00e7\u00e3o: 1889 &#8211; 1942<\/li><li>Emiss\u00e3o: Tesouro Nacional<\/li><li>Impress\u00e3o:  American Bank Note Company<\/li><\/ul>\n\n\n\n<h3 class=\"wp-block-heading\">Mil-r\u00e9is Rep\u00fablica Georges Duval<\/h3>\n\n\n\n<p>No in\u00edcio da Rep\u00fablica Velha o Tesouro Nacional encomendou uma fam\u00edlia \u00e0 gr\u00e1fica francesa de Georges Duval. As c\u00e9dulas t\u00eam marca d&#8217;\u00e1gua e trazem ilustra\u00e7\u00f5es de mulheres jovens e crian\u00e7as.<\/p>\n\n\n\n<figure class=\"wp-block-image size-large\"><img data-recalc-dims=\"1\" loading=\"lazy\" decoding=\"async\" width=\"500\" height=\"493\" data-attachment-id=\"4586\" data-permalink=\"https:\/\/radames.manosso.nom.br\/palavras\/educacao\/familias-de-cedulas-brasileiras-iii\/attachment\/milreis-republica-georges-duval\/\" data-orig-file=\"https:\/\/i0.wp.com\/radames.manosso.nom.br\/palavras\/files\/2019\/10\/milreis-republica-georges-duval.jpg?fit=500%2C493&amp;ssl=1\" data-orig-size=\"500,493\" data-comments-opened=\"1\" data-image-meta=\"{&quot;aperture&quot;:&quot;0&quot;,&quot;credit&quot;:&quot;&quot;,&quot;camera&quot;:&quot;&quot;,&quot;caption&quot;:&quot;&quot;,&quot;created_timestamp&quot;:&quot;0&quot;,&quot;copyright&quot;:&quot;&quot;,&quot;focal_length&quot;:&quot;0&quot;,&quot;iso&quot;:&quot;0&quot;,&quot;shutter_speed&quot;:&quot;0&quot;,&quot;title&quot;:&quot;&quot;,&quot;orientation&quot;:&quot;0&quot;}\" data-image-title=\"C\u00e9dulas de mil-r\u00e9is Rep\u00fablica Georges Duval\" data-image-description=\"\" data-image-caption=\"\" data-large-file=\"https:\/\/i0.wp.com\/radames.manosso.nom.br\/palavras\/files\/2019\/10\/milreis-republica-georges-duval.jpg?fit=500%2C493&amp;ssl=1\" src=\"https:\/\/i0.wp.com\/radames.manosso.nom.br\/palavras\/files\/2019\/10\/milreis-republica-georges-duval.jpg?resize=500%2C493&#038;ssl=1\" alt=\"C\u00e9dulas de mil-r\u00e9is Rep\u00fablica Georges Duval\" class=\"wp-image-4586\" srcset=\"https:\/\/i0.wp.com\/radames.manosso.nom.br\/palavras\/files\/2019\/10\/milreis-republica-georges-duval.jpg?w=500&amp;ssl=1 500w, https:\/\/i0.wp.com\/radames.manosso.nom.br\/palavras\/files\/2019\/10\/milreis-republica-georges-duval.jpg?resize=300%2C296&amp;ssl=1 300w\" sizes=\"auto, (max-width: 500px) 100vw, 500px\" \/><\/figure>\n\n\n\n<ul class=\"wp-block-list\"><li>C\u00e9dulas: 7<\/li><li>Produ\u00e7\u00e3o: 1900<\/li><li>Circula\u00e7\u00e3o: 1900 &#8211; 1942<\/li><li>Emiss\u00e3o: Tesouro Nacional<\/li><li>Impress\u00e3o: Georges Duval<\/li><\/ul>\n\n\n\n<h3 class=\"wp-block-heading\">Mil-r\u00e9is Rep\u00fablica Bradburry Wilkinson<\/h3>\n\n\n\n<p>Uma das primeiras fam\u00edlias de c\u00e9dulas emitidas no per\u00edodo republicano foi impressa pela gr\u00e1fica inglesa Bradburry Wilkinson. As c\u00e9dulas traziam a ef\u00edgie de uma mulher representando a Rep\u00fablica.<\/p>\n\n\n\n<figure class=\"wp-block-image size-large\"><img data-recalc-dims=\"1\" loading=\"lazy\" decoding=\"async\" width=\"500\" height=\"477\" data-attachment-id=\"4584\" data-permalink=\"https:\/\/radames.manosso.nom.br\/palavras\/educacao\/familias-de-cedulas-brasileiras-iii\/attachment\/milreis-republica-bradburry-wilkinson\/\" data-orig-file=\"https:\/\/i0.wp.com\/radames.manosso.nom.br\/palavras\/files\/2019\/10\/milreis-republica-bradburry-wilkinson.jpg?fit=500%2C477&amp;ssl=1\" data-orig-size=\"500,477\" data-comments-opened=\"1\" data-image-meta=\"{&quot;aperture&quot;:&quot;0&quot;,&quot;credit&quot;:&quot;&quot;,&quot;camera&quot;:&quot;&quot;,&quot;caption&quot;:&quot;&quot;,&quot;created_timestamp&quot;:&quot;0&quot;,&quot;copyright&quot;:&quot;&quot;,&quot;focal_length&quot;:&quot;0&quot;,&quot;iso&quot;:&quot;0&quot;,&quot;shutter_speed&quot;:&quot;0&quot;,&quot;title&quot;:&quot;&quot;,&quot;orientation&quot;:&quot;0&quot;}\" data-image-title=\"Mil-r\u00e9is Rep\u00fablica Bradburry Wilkinson\" data-image-description=\"\" data-image-caption=\"\" data-large-file=\"https:\/\/i0.wp.com\/radames.manosso.nom.br\/palavras\/files\/2019\/10\/milreis-republica-bradburry-wilkinson.jpg?fit=500%2C477&amp;ssl=1\" src=\"https:\/\/i0.wp.com\/radames.manosso.nom.br\/palavras\/files\/2019\/10\/milreis-republica-bradburry-wilkinson.jpg?resize=500%2C477&#038;ssl=1\" alt=\"Mil-r\u00e9is Rep\u00fablica Bradburry Wilkinson\" class=\"wp-image-4584\" srcset=\"https:\/\/i0.wp.com\/radames.manosso.nom.br\/palavras\/files\/2019\/10\/milreis-republica-bradburry-wilkinson.jpg?w=500&amp;ssl=1 500w, https:\/\/i0.wp.com\/radames.manosso.nom.br\/palavras\/files\/2019\/10\/milreis-republica-bradburry-wilkinson.jpg?resize=300%2C286&amp;ssl=1 300w\" sizes=\"auto, (max-width: 500px) 100vw, 500px\" \/><\/figure>\n\n\n\n<ul class=\"wp-block-list\"><li>C\u00e9dulas:  9<\/li><li>Produ\u00e7\u00e3o: 1900 <\/li><li>Circula\u00e7\u00e3o: 1900 &#8211; 1942<\/li><li>Emiss\u00e3o: Tesouro Nacional<\/li><li>Impress\u00e3o:  Bradburry Wilkinson<\/li><\/ul>\n\n\n\n<h3 class=\"wp-block-heading\">Mil-r\u00e9is Rep\u00fablica avulsas<\/h3>\n\n\n\n<p>Al\u00e9m das fam\u00edlias de c\u00e9dulas, na Rep\u00fablica Velha muitas notas que circularam n\u00e3o formavam conjunto completo. Eram c\u00e9dulas avulsas ou s\u00e9ries incompletas.<\/p>\n\n\n\n<p>C\u00e9dulas de 5 mil-r\u00e9is com o Bar\u00e3o do Rio Branco. Brasil escrito com S e com Z.<\/p>\n\n\n\n<figure class=\"wp-block-image size-large\"><img data-recalc-dims=\"1\" loading=\"lazy\" decoding=\"async\" width=\"250\" height=\"225\" data-attachment-id=\"4572\" data-permalink=\"https:\/\/radames.manosso.nom.br\/palavras\/educacao\/familias-de-cedulas-brasileiras-iii\/attachment\/5-mil-reis-barao\/\" data-orig-file=\"https:\/\/i0.wp.com\/radames.manosso.nom.br\/palavras\/files\/2019\/10\/5-mil-reis-barao.jpg?fit=250%2C225&amp;ssl=1\" data-orig-size=\"250,225\" data-comments-opened=\"1\" data-image-meta=\"{&quot;aperture&quot;:&quot;0&quot;,&quot;credit&quot;:&quot;&quot;,&quot;camera&quot;:&quot;&quot;,&quot;caption&quot;:&quot;&quot;,&quot;created_timestamp&quot;:&quot;0&quot;,&quot;copyright&quot;:&quot;&quot;,&quot;focal_length&quot;:&quot;0&quot;,&quot;iso&quot;:&quot;0&quot;,&quot;shutter_speed&quot;:&quot;0&quot;,&quot;title&quot;:&quot;&quot;,&quot;orientation&quot;:&quot;0&quot;}\" data-image-title=\"5 mil-r\u00e9is Bar\u00e3o do Rio Branco\" data-image-description=\"\" data-image-caption=\"\" data-large-file=\"https:\/\/i0.wp.com\/radames.manosso.nom.br\/palavras\/files\/2019\/10\/5-mil-reis-barao.jpg?fit=250%2C225&amp;ssl=1\" src=\"https:\/\/i0.wp.com\/radames.manosso.nom.br\/palavras\/files\/2019\/10\/5-mil-reis-barao.jpg?resize=250%2C225&#038;ssl=1\" alt=\"5 mil-r\u00e9is Bar\u00e3o do Rio Branco\" class=\"wp-image-4572\"\/><\/figure>\n\n\n\n<p>Abaixo temos tr\u00eas c\u00e9dulas impressas pela gr\u00e1fica inglesa Waterlow &amp; Sons.<\/p>\n\n\n\n<figure class=\"wp-block-image size-large\"><img data-recalc-dims=\"1\" loading=\"lazy\" decoding=\"async\" width=\"250\" height=\"382\" data-attachment-id=\"4569\" data-permalink=\"https:\/\/radames.manosso.nom.br\/palavras\/educacao\/familias-de-cedulas-brasileiras-iii\/attachment\/milreis-republica-avulsas-1\/\" data-orig-file=\"https:\/\/i0.wp.com\/radames.manosso.nom.br\/palavras\/files\/2019\/10\/milreis-republica-avulsas-1.jpg?fit=250%2C382&amp;ssl=1\" data-orig-size=\"250,382\" data-comments-opened=\"1\" data-image-meta=\"{&quot;aperture&quot;:&quot;0&quot;,&quot;credit&quot;:&quot;&quot;,&quot;camera&quot;:&quot;&quot;,&quot;caption&quot;:&quot;&quot;,&quot;created_timestamp&quot;:&quot;0&quot;,&quot;copyright&quot;:&quot;&quot;,&quot;focal_length&quot;:&quot;0&quot;,&quot;iso&quot;:&quot;0&quot;,&quot;shutter_speed&quot;:&quot;0&quot;,&quot;title&quot;:&quot;&quot;,&quot;orientation&quot;:&quot;0&quot;}\" data-image-title=\"C\u00e9dulas mil-r\u00e9is rep\u00fablica velha\" data-image-description=\"\" data-image-caption=\"\" data-large-file=\"https:\/\/i0.wp.com\/radames.manosso.nom.br\/palavras\/files\/2019\/10\/milreis-republica-avulsas-1.jpg?fit=250%2C382&amp;ssl=1\" src=\"https:\/\/i0.wp.com\/radames.manosso.nom.br\/palavras\/files\/2019\/10\/milreis-republica-avulsas-1.jpg?resize=250%2C382&#038;ssl=1\" alt=\"C\u00e9dulas mil-r\u00e9is rep\u00fablica velha\" class=\"wp-image-4569\" srcset=\"https:\/\/i0.wp.com\/radames.manosso.nom.br\/palavras\/files\/2019\/10\/milreis-republica-avulsas-1.jpg?w=250&amp;ssl=1 250w, https:\/\/i0.wp.com\/radames.manosso.nom.br\/palavras\/files\/2019\/10\/milreis-republica-avulsas-1.jpg?resize=196%2C300&amp;ssl=1 196w\" sizes=\"auto, (max-width: 250px) 100vw, 250px\" \/><\/figure>\n\n\n\n<p>Nota de 2 mil-r\u00e9is com a figura de uma misteriosa jovem retratada no quadro <em>Saudades<\/em>. Seria ela pessoa das rela\u00e7\u00f5es do Ministro da Fazenda Joaquim Murtinho?<\/p>\n\n\n\n<figure class=\"wp-block-image size-large\"><img data-recalc-dims=\"1\" loading=\"lazy\" decoding=\"async\" width=\"250\" height=\"117\" data-attachment-id=\"4576\" data-permalink=\"https:\/\/radames.manosso.nom.br\/palavras\/educacao\/familias-de-cedulas-brasileiras-iii\/attachment\/2-moca-2\/\" data-orig-file=\"https:\/\/i0.wp.com\/radames.manosso.nom.br\/palavras\/files\/2019\/10\/2-moca-2.jpg?fit=250%2C117&amp;ssl=1\" data-orig-size=\"250,117\" data-comments-opened=\"1\" data-image-meta=\"{&quot;aperture&quot;:&quot;0&quot;,&quot;credit&quot;:&quot;&quot;,&quot;camera&quot;:&quot;&quot;,&quot;caption&quot;:&quot;&quot;,&quot;created_timestamp&quot;:&quot;0&quot;,&quot;copyright&quot;:&quot;&quot;,&quot;focal_length&quot;:&quot;0&quot;,&quot;iso&quot;:&quot;0&quot;,&quot;shutter_speed&quot;:&quot;0&quot;,&quot;title&quot;:&quot;&quot;,&quot;orientation&quot;:&quot;1&quot;}\" data-image-title=\"C\u00e9dula de 2 mil-r\u00e9is\" data-image-description=\"\" data-image-caption=\"\" data-large-file=\"https:\/\/i0.wp.com\/radames.manosso.nom.br\/palavras\/files\/2019\/10\/2-moca-2.jpg?fit=250%2C117&amp;ssl=1\" src=\"https:\/\/i0.wp.com\/radames.manosso.nom.br\/palavras\/files\/2019\/10\/2-moca-2.jpg?resize=250%2C117&#038;ssl=1\" alt=\"C\u00e9dula de 2 mil-r\u00e9is\" class=\"wp-image-4576\"\/><\/figure>\n\n\n\n<p>Numa \u00e9poca em que todas as c\u00e9dulas eram impressas no exterior, algumas c\u00e9dulas de mil-r\u00e9is foram impressas na Casa da Moeda do Rio de Janeiro. <\/p>\n\n\n\n<figure class=\"wp-block-image size-large\"><img data-recalc-dims=\"1\" loading=\"lazy\" decoding=\"async\" width=\"250\" height=\"359\" data-attachment-id=\"4579\" data-permalink=\"https:\/\/radames.manosso.nom.br\/palavras\/educacao\/familias-de-cedulas-brasileiras-iii\/attachment\/milreis-republica-cadadamoeda\/\" data-orig-file=\"https:\/\/i0.wp.com\/radames.manosso.nom.br\/palavras\/files\/2019\/10\/milreis-republica-cadadamoeda.jpg?fit=250%2C359&amp;ssl=1\" data-orig-size=\"250,359\" data-comments-opened=\"1\" data-image-meta=\"{&quot;aperture&quot;:&quot;0&quot;,&quot;credit&quot;:&quot;&quot;,&quot;camera&quot;:&quot;&quot;,&quot;caption&quot;:&quot;&quot;,&quot;created_timestamp&quot;:&quot;0&quot;,&quot;copyright&quot;:&quot;&quot;,&quot;focal_length&quot;:&quot;0&quot;,&quot;iso&quot;:&quot;0&quot;,&quot;shutter_speed&quot;:&quot;0&quot;,&quot;title&quot;:&quot;&quot;,&quot;orientation&quot;:&quot;0&quot;}\" data-image-title=\"C\u00e9dulas de mil-r\u00e9is Casa da Moeda do Rio de Janeiro\" data-image-description=\"\" data-image-caption=\"\" data-large-file=\"https:\/\/i0.wp.com\/radames.manosso.nom.br\/palavras\/files\/2019\/10\/milreis-republica-cadadamoeda.jpg?fit=250%2C359&amp;ssl=1\" src=\"https:\/\/i0.wp.com\/radames.manosso.nom.br\/palavras\/files\/2019\/10\/milreis-republica-cadadamoeda.jpg?resize=250%2C359&#038;ssl=1\" alt=\"C\u00e9dulas de mil-r\u00e9is Casa da Moeda do Rio de Janeiro\" class=\"wp-image-4579\" srcset=\"https:\/\/i0.wp.com\/radames.manosso.nom.br\/palavras\/files\/2019\/10\/milreis-republica-cadadamoeda.jpg?w=250&amp;ssl=1 250w, https:\/\/i0.wp.com\/radames.manosso.nom.br\/palavras\/files\/2019\/10\/milreis-republica-cadadamoeda.jpg?resize=209%2C300&amp;ssl=1 209w\" sizes=\"auto, (max-width: 250px) 100vw, 250px\" \/><\/figure>\n\n\n\n<h3 class=\"wp-block-heading\">Emiss\u00f5es de bancos particulares e estaduais<\/h3>\n\n\n\n<p>No in\u00edcio da Rep\u00fablica foi dada autoridade de emiss\u00e3o a bancos particulares e governos estaduais. N\u00e3o apresentamos aqui as c\u00e9dulas dessa classifica\u00e7\u00e3o pela dificuldade de inventariar.<\/p>\n\n\n\n<h3 class=\"wp-block-heading\">Colecionismo<\/h3>\n\n\n\n<ul class=\"wp-block-list\"><li><a href=\"https:\/\/radames.manosso.nom.br\/palavras\/educacao\/principios-de-colecionismo\/\">Princ\u00edpios de colecionismo<\/a><\/li><li><a href=\"https:\/\/radames.manosso.nom.br\/palavras\/educacao\/colecionaveis-unicos-e-de-series-limitadas\/\">Colecion\u00e1veis \u00fanicos e de s\u00e9ries limitadas<\/a><\/li><li><a href=\"https:\/\/radames.manosso.nom.br\/palavras\/educacao\/colecionaveis-tradicionais-de-serie\/\">Colecion\u00e1veis tradicionais de s\u00e9rie<\/a><\/li><li><a href=\"https:\/\/radames.manosso.nom.br\/palavras\/educacao\/colecionaveis-modernos-de-serie\/\">Colecion\u00e1veis modernos de s\u00e9rie<\/a><\/li><li><a href=\"https:\/\/radames.manosso.nom.br\/palavras\/educacao\/colecionaveis-incomuns-de-serie\/\">Colecion\u00e1veis incomuns de s\u00e9rie<\/a><\/li><li><a href=\"https:\/\/radames.manosso.nom.br\/palavras\/educacao\/familias-de-cedulas-brasileiras-i\/\">Fam\u00edlias de c\u00e9dulas brasileiras I<\/a><\/li><li><a href=\"https:\/\/radames.manosso.nom.br\/palavras\/educacao\/familias-de-cedulas-brasileiras-ii\/\">Fam\u00edlias de c\u00e9dulas brasileiras II<\/a><\/li><li><a href=\"https:\/\/radames.manosso.nom.br\/palavras\/educacao\/familias-de-cedulas-brasileiras-iii\/\">Fam\u00edlias de c\u00e9dulas brasileiras III<\/a><\/li><li><a href=\"https:\/\/radames.manosso.nom.br\/palavras\/educacao\/familias-de-cedulas-brasileiras-iv\/\">Fam\u00edlias de c\u00e9dulas brasileiras IV<\/a><\/li><li><a href=\"https:\/\/radames.manosso.nom.br\/palavras\/educacao\/estudando-historia-com-as-cedulas-brasileiras\/\">Estudando Hist\u00f3ria com as c\u00e9dulas brasileiras<\/a><\/li><li><a href=\"https:\/\/radames.manosso.nom.br\/palavras\/educacao\/estudando-economia-com-as-cedulas-brasileiras\/\">Estudando economia com as c\u00e9dulas brasileiras<\/a><\/li><li><a href=\"https:\/\/radames.manosso.nom.br\/palavras\/educacao\/principais-cedulas-em-circulacao\/\">Principais c\u00e9dulas em circula\u00e7\u00e3o<\/a><\/li><li><a href=\"https:\/\/radames.manosso.nom.br\/palavras\/geral\/quanto-vale-uma-nota-de-um-real\/\">Quanto vale uma nota de um real?<\/a><\/li><li><a href=\"https:\/\/radames.manosso.nom.br\/palavras\/educacao\/minhas-cedulas-brasileiras-favoritas\/\">Minhas c\u00e9dulas brasileiras favoritas<\/a><\/li><li><a href=\"https:\/\/radames.manosso.nom.br\/palavras\/educacao\/moedas-circulantes-no-mundo\/\">Moedas circulantes no mundo<\/a><\/li><\/ul>\n","protected":false},"excerpt":{"rendered":"<p>Rep\u00fablica dos mil-r\u00e9is Conhe\u00e7a as fam\u00edlias de c\u00e9dulas que circularam no Brasil desde a Independ\u00eancia at\u00e9 os dias atuais. S\u00e3o vinte e cinco fam\u00edlias em 197 anos de Brasil independente, o que d\u00e1 uma m\u00e9dia de uma fam\u00edlia criada a cada oito anos. A pouca longevidade de nossas c\u00e9dulas reflete as turbul\u00eancias econ\u00f4micas e a &hellip; <a href=\"https:\/\/radames.manosso.nom.br\/palavras\/educacao\/familias-de-cedulas-brasileiras-iii\/\" class=\"more-link\">Continue lendo <span class=\"screen-reader-text\">Fam\u00edlias de c\u00e9dulas brasileiras III<\/span> <span class=\"meta-nav\">&rarr;<\/span><\/a><\/p>\n","protected":false},"author":1,"featured_media":0,"comment_status":"open","ping_status":"closed","sticky":false,"template":"","format":"standard","meta":{"jetpack_post_was_ever_published":false,"_jetpack_newsletter_access":"","_jetpack_dont_email_post_to_subs":false,"_jetpack_newsletter_tier_id":0,"_jetpack_memberships_contains_paywalled_content":false,"_jetpack_memberships_contains_paid_content":false,"footnotes":""},"categories":[44],"tags":[379,383,381,376,380,382,374,384],"class_list":["post-4487","post","type-post","status-publish","format-standard","hentry","category-educacao","tag-cedulas","tag-colecoes","tag-cruzeiro","tag-dinheiro","tag-historia","tag-mil-reis","tag-numismatica","tag-papel-moeda"],"jetpack_featured_media_url":"","jetpack_shortlink":"https:\/\/wp.me\/p74VxW-1an","jetpack-related-posts":[{"id":4489,"url":"https:\/\/radames.manosso.nom.br\/palavras\/educacao\/familias-de-cedulas-brasileiras-iv\/","url_meta":{"origin":4487,"position":0},"title":"Fam\u00edlias de c\u00e9dulas brasileiras IV","author":"Radam\u00e9s","date":false,"format":false,"excerpt":"Brasil imp\u00e9rio Conhe\u00e7a as fam\u00edlias de c\u00e9dulas que circularam no Brasil desde a Independ\u00eancia at\u00e9 os dias atuais. S\u00e3o vinte e cinco fam\u00edlias em 197 anos de Brasil independente, o que d\u00e1 uma m\u00e9dia de uma fam\u00edlia criada a cada oito anos. A pouca longevidade de nossas c\u00e9dulas reflete as\u2026","rel":"","context":"Em &quot;Educa\u00e7\u00e3o&quot;","block_context":{"text":"Educa\u00e7\u00e3o","link":"https:\/\/radames.manosso.nom.br\/palavras\/category\/educacao\/"},"img":{"alt_text":"Fam\u00edlia de c\u00e9dulas mil-r\u00e9is do Imp\u00e9rio D. Pedro II jovem","src":"https:\/\/i0.wp.com\/radames.manosso.nom.br\/palavras\/files\/2019\/10\/familia-milreis-imperio-pedro-jovem.jpg?resize=350%2C200&ssl=1","width":350,"height":200},"classes":[]},{"id":4635,"url":"https:\/\/radames.manosso.nom.br\/palavras\/educacao\/estudando-economia-com-as-cedulas-brasileiras\/","url_meta":{"origin":4487,"position":1},"title":"Estudando economia com as c\u00e9dulas brasileiras","author":"Radam\u00e9s","date":false,"format":false,"excerpt":"A Numism\u00e1tica, estudo da moeda, pode nos ensinar v\u00e1rias coisas sobre Economia. Vamos descobrir algumas informa\u00e7\u00f5es interessantes sobre as c\u00e9dulas que circularam no Brasil desde a Independ\u00eancia at\u00e9 a atualidade. Um real vale quantos mil-r\u00e9is? Vamos come\u00e7ar pela pergunta cl\u00e1ssica: a moeda atual do Brasil vale quantos mil-r\u00e9is, a moeda\u2026","rel":"","context":"Em &quot;Educa\u00e7\u00e3o&quot;","block_context":{"text":"Educa\u00e7\u00e3o","link":"https:\/\/radames.manosso.nom.br\/palavras\/category\/educacao\/"},"img":{"alt_text":"C\u00e9dula de hum mil-r\u00e9is","src":"https:\/\/i0.wp.com\/radames.manosso.nom.br\/palavras\/files\/2019\/10\/1-imperio-brazil.jpg?resize=350%2C200&ssl=1","width":350,"height":200},"classes":[]},{"id":4485,"url":"https:\/\/radames.manosso.nom.br\/palavras\/educacao\/familias-de-cedulas-brasileiras-ii\/","url_meta":{"origin":4487,"position":2},"title":"Fam\u00edlias de c\u00e9dulas brasileiras II","author":"Radam\u00e9s","date":false,"format":false,"excerpt":"As primeiras edi\u00e7\u00f5es do Cruzeiro Conhe\u00e7a as fam\u00edlias de c\u00e9dulas que circularam no Brasil desde a Independ\u00eancia at\u00e9 os dias atuais. S\u00e3o vinte e cinco fam\u00edlias em 197 anos de Brasil independente, o que d\u00e1 uma m\u00e9dia de uma fam\u00edlia criada a cada oito anos. A pouca longevidade de nossas\u2026","rel":"","context":"Em &quot;Educa\u00e7\u00e3o&quot;","block_context":{"text":"Educa\u00e7\u00e3o","link":"https:\/\/radames.manosso.nom.br\/palavras\/category\/educacao\/"},"img":{"alt_text":"Fam\u00edlia de c\u00e9dulas cruzeiro 2a. edi\u00e7\u00e3o","src":"https:\/\/i0.wp.com\/radames.manosso.nom.br\/palavras\/files\/2019\/10\/familia-cruzeiro-2-2.jpg?resize=350%2C200&ssl=1","width":350,"height":200,"srcset":"https:\/\/i0.wp.com\/radames.manosso.nom.br\/palavras\/files\/2019\/10\/familia-cruzeiro-2-2.jpg?resize=350%2C200&ssl=1 1x, https:\/\/i0.wp.com\/radames.manosso.nom.br\/palavras\/files\/2019\/10\/familia-cruzeiro-2-2.jpg?resize=525%2C300&ssl=1 1.5x"},"classes":[]},{"id":5341,"url":"https:\/\/radames.manosso.nom.br\/palavras\/educacao\/minhas-cedulas-brasileiras-favoritas\/","url_meta":{"origin":4487,"position":3},"title":"Minhas c\u00e9dulas brasileiras favoritas","author":"Radam\u00e9s","date":false,"format":false,"excerpt":"Neste post apresento sete fam\u00edlias de c\u00e9dulas brasileiras que mais aprecio. Vejamos: 7 - Cruzeiro segunda edi\u00e7\u00e3o primeira fam\u00edlia Foi uma s\u00e9rie que inovou o design das c\u00e9dulas brasileiras que at\u00e9 ent\u00e3o adotavam um visual mais tradicional . A s\u00e9rie produzida pela Casa da Moeda do Brasil adota grafismos geom\u00e9tricos,\u2026","rel":"","context":"Em &quot;Educa\u00e7\u00e3o&quot;","block_context":{"text":"Educa\u00e7\u00e3o","link":"https:\/\/radames.manosso.nom.br\/palavras\/category\/educacao\/"},"img":{"alt_text":"","src":"https:\/\/i0.wp.com\/radames.manosso.nom.br\/palavras\/files\/2020\/10\/serie-cruzeiro-70.jpg?resize=350%2C200","width":350,"height":200},"classes":[]},{"id":4669,"url":"https:\/\/radames.manosso.nom.br\/palavras\/educacao\/estudando-historia-com-as-cedulas-brasileiras\/","url_meta":{"origin":4487,"position":4},"title":"Estudando Hist\u00f3ria com as c\u00e9dulas brasileiras","author":"Radam\u00e9s","date":false,"format":false,"excerpt":"A Numism\u00e1tica, estudo da moeda, pode nos dar valiosas li\u00e7\u00f5es de Hist\u00f3ria. Vamos fazer algumas an\u00e1lises a partir das c\u00e9dulas brasileiras. Quem mais apareceu como ef\u00edgie das c\u00e9dulas brasileiras? Ef\u00edgie \u00e9 a representa\u00e7\u00e3o de uma pessoa estampada na c\u00e9dula, geralmente rosto ou busto. Na hist\u00f3ria do dinheiro brasileiro alguns personagens\u2026","rel":"","context":"Em &quot;Educa\u00e7\u00e3o&quot;","block_context":{"text":"Educa\u00e7\u00e3o","link":"https:\/\/radames.manosso.nom.br\/palavras\/category\/educacao\/"},"img":{"alt_text":"C\u00e9dula com Cec\u00edlia Meirelles","src":"https:\/\/i0.wp.com\/radames.manosso.nom.br\/palavras\/files\/2019\/10\/100.jpg?resize=350%2C200&ssl=1","width":350,"height":200},"classes":[]},{"id":4440,"url":"https:\/\/radames.manosso.nom.br\/palavras\/educacao\/familias-de-cedulas-brasileiras-i\/","url_meta":{"origin":4487,"position":5},"title":"Fam\u00edlias de c\u00e9dulas brasileiras I","author":"Radam\u00e9s","date":false,"format":false,"excerpt":"Do cruzado ao real Conhe\u00e7a as fam\u00edlias de c\u00e9dulas que circularam no Brasil desde a Independ\u00eancia at\u00e9 os dias atuais. S\u00e3o vinte e cinco fam\u00edlias em mais de 200 anos de Brasil independente, o que d\u00e1 uma m\u00e9dia de uma fam\u00edlia criada a cada oito anos. A pouca longevidade de\u2026","rel":"","context":"Em &quot;Educa\u00e7\u00e3o&quot;","block_context":{"text":"Educa\u00e7\u00e3o","link":"https:\/\/radames.manosso.nom.br\/palavras\/category\/educacao\/"},"img":{"alt_text":"Real primeira fam\u00edlia","src":"https:\/\/i0.wp.com\/radames.manosso.nom.br\/palavras\/files\/2019\/10\/real-1a-familia.jpg?resize=350%2C200&ssl=1","width":350,"height":200},"classes":[]}],"jetpack_sharing_enabled":true,"_links":{"self":[{"href":"https:\/\/radames.manosso.nom.br\/palavras\/wp-json\/wp\/v2\/posts\/4487","targetHints":{"allow":["GET"]}}],"collection":[{"href":"https:\/\/radames.manosso.nom.br\/palavras\/wp-json\/wp\/v2\/posts"}],"about":[{"href":"https:\/\/radames.manosso.nom.br\/palavras\/wp-json\/wp\/v2\/types\/post"}],"author":[{"embeddable":true,"href":"https:\/\/radames.manosso.nom.br\/palavras\/wp-json\/wp\/v2\/users\/1"}],"replies":[{"embeddable":true,"href":"https:\/\/radames.manosso.nom.br\/palavras\/wp-json\/wp\/v2\/comments?post=4487"}],"version-history":[{"count":49,"href":"https:\/\/radames.manosso.nom.br\/palavras\/wp-json\/wp\/v2\/posts\/4487\/revisions"}],"predecessor-version":[{"id":5407,"href":"https:\/\/radames.manosso.nom.br\/palavras\/wp-json\/wp\/v2\/posts\/4487\/revisions\/5407"}],"wp:attachment":[{"href":"https:\/\/radames.manosso.nom.br\/palavras\/wp-json\/wp\/v2\/media?parent=4487"}],"wp:term":[{"taxonomy":"category","embeddable":true,"href":"https:\/\/radames.manosso.nom.br\/palavras\/wp-json\/wp\/v2\/categories?post=4487"},{"taxonomy":"post_tag","embeddable":true,"href":"https:\/\/radames.manosso.nom.br\/palavras\/wp-json\/wp\/v2\/tags?post=4487"}],"curies":[{"name":"wp","href":"https:\/\/api.w.org\/{rel}","templated":true}]}}