{"id":4489,"date":"2019-10-26T17:34:42","date_gmt":"2019-10-26T20:34:42","guid":{"rendered":"http:\/\/radames.manosso.nom.br\/palavras\/?p=4489"},"modified":"2025-08-04T16:45:55","modified_gmt":"2025-08-04T19:45:55","slug":"familias-de-cedulas-brasileiras-iv","status":"publish","type":"post","link":"https:\/\/radames.manosso.nom.br\/palavras\/educacao\/familias-de-cedulas-brasileiras-iv\/","title":{"rendered":"Fam\u00edlias de c\u00e9dulas brasileiras IV"},"content":{"rendered":"\n<h3 class=\"wp-block-heading\">Brasil imp\u00e9rio<\/h3>\n\n\n\n<p>Conhe\u00e7a as fam\u00edlias de c\u00e9dulas que circularam no Brasil desde a Independ\u00eancia at\u00e9 os dias atuais. S\u00e3o vinte e cinco fam\u00edlias em 197 anos de Brasil independente, o que d\u00e1 uma m\u00e9dia de uma fam\u00edlia criada a cada oito anos. A pouca longevidade de nossas c\u00e9dulas reflete as turbul\u00eancias econ\u00f4micas e a infla\u00e7\u00e3o alta que corroeu o poder aquisitivo do papel moeda em v\u00e1rios momentos de nossa hist\u00f3ria.<\/p>\n\n\n\n<h3 class=\"wp-block-heading\">Mil-r\u00e9is Imp\u00e9rio American Bank<\/h3>\n\n\n\n<p>A partir da d\u00e9cada de 1870 as c\u00e9dulas do imp\u00e9rio passaram a ser emitidas pelo Tesouro Nacional e impressas pela American Bank Note Company. Embora n\u00e3o formem um conjunto coeso essas c\u00e9dulas tem algumas caracter\u00edsticas em comum: trazem a ef\u00edgie do imperador D. Pedro II e tem o design t\u00edpico da American Bank. Aqui agrupamos essa fam\u00edlia em sub conjuntos.<\/p>\n\n\n\n<p>Nesse grupo temos a ef\u00edgie do imperador jovem.<\/p>\n\n\n\n<figure class=\"wp-block-image size-large\"><img data-recalc-dims=\"1\" loading=\"lazy\" decoding=\"async\" width=\"500\" height=\"309\" data-attachment-id=\"4613\" data-permalink=\"https:\/\/radames.manosso.nom.br\/palavras\/educacao\/familias-de-cedulas-brasileiras-iv\/attachment\/familia-milreis-imperio-pedro-jovem\/\" data-orig-file=\"https:\/\/i0.wp.com\/radames.manosso.nom.br\/palavras\/files\/2019\/10\/familia-milreis-imperio-pedro-jovem.jpg?fit=500%2C309&amp;ssl=1\" data-orig-size=\"500,309\" data-comments-opened=\"1\" data-image-meta=\"{&quot;aperture&quot;:&quot;0&quot;,&quot;credit&quot;:&quot;&quot;,&quot;camera&quot;:&quot;&quot;,&quot;caption&quot;:&quot;&quot;,&quot;created_timestamp&quot;:&quot;0&quot;,&quot;copyright&quot;:&quot;&quot;,&quot;focal_length&quot;:&quot;0&quot;,&quot;iso&quot;:&quot;0&quot;,&quot;shutter_speed&quot;:&quot;0&quot;,&quot;title&quot;:&quot;&quot;,&quot;orientation&quot;:&quot;0&quot;}\" data-image-title=\"Fam\u00edlia de c\u00e9dulas mil-r\u00e9is do Imp\u00e9rio D. Pedro II jovem\" data-image-description=\"\" data-image-caption=\"\" data-large-file=\"https:\/\/i0.wp.com\/radames.manosso.nom.br\/palavras\/files\/2019\/10\/familia-milreis-imperio-pedro-jovem.jpg?fit=500%2C309&amp;ssl=1\" src=\"https:\/\/i0.wp.com\/radames.manosso.nom.br\/palavras\/files\/2019\/10\/familia-milreis-imperio-pedro-jovem.jpg?resize=500%2C309&#038;ssl=1\" alt=\"Fam\u00edlia de c\u00e9dulas mil-r\u00e9is do Imp\u00e9rio D. Pedro II jovem\" class=\"wp-image-4613\" srcset=\"https:\/\/i0.wp.com\/radames.manosso.nom.br\/palavras\/files\/2019\/10\/familia-milreis-imperio-pedro-jovem.jpg?w=500&amp;ssl=1 500w, https:\/\/i0.wp.com\/radames.manosso.nom.br\/palavras\/files\/2019\/10\/familia-milreis-imperio-pedro-jovem.jpg?resize=300%2C185&amp;ssl=1 300w\" sizes=\"auto, (max-width: 500px) 100vw, 500px\" \/><\/figure>\n\n\n\n<!--more-->\n\n\n\n<p>Nesse conjunto temos o bras\u00e3o do imp\u00e9rio em destaque.<\/p>\n\n\n\n<figure class=\"wp-block-image size-large\"><img data-recalc-dims=\"1\" loading=\"lazy\" decoding=\"async\" width=\"500\" height=\"363\" data-attachment-id=\"4614\" data-permalink=\"https:\/\/radames.manosso.nom.br\/palavras\/educacao\/familias-de-cedulas-brasileiras-iv\/attachment\/familia-milreis-imperio-brasao\/\" data-orig-file=\"https:\/\/i0.wp.com\/radames.manosso.nom.br\/palavras\/files\/2019\/10\/familia-milreis-imperio-brasao.jpg?fit=500%2C363&amp;ssl=1\" data-orig-size=\"500,363\" data-comments-opened=\"1\" data-image-meta=\"{&quot;aperture&quot;:&quot;0&quot;,&quot;credit&quot;:&quot;&quot;,&quot;camera&quot;:&quot;&quot;,&quot;caption&quot;:&quot;&quot;,&quot;created_timestamp&quot;:&quot;0&quot;,&quot;copyright&quot;:&quot;&quot;,&quot;focal_length&quot;:&quot;0&quot;,&quot;iso&quot;:&quot;0&quot;,&quot;shutter_speed&quot;:&quot;0&quot;,&quot;title&quot;:&quot;&quot;,&quot;orientation&quot;:&quot;0&quot;}\" data-image-title=\"Fam\u00edlia mil-r\u00e9is imp\u00e9rio com bras\u00e3o\" data-image-description=\"\" data-image-caption=\"\" data-large-file=\"https:\/\/i0.wp.com\/radames.manosso.nom.br\/palavras\/files\/2019\/10\/familia-milreis-imperio-brasao.jpg?fit=500%2C363&amp;ssl=1\" src=\"https:\/\/i0.wp.com\/radames.manosso.nom.br\/palavras\/files\/2019\/10\/familia-milreis-imperio-brasao.jpg?resize=500%2C363&#038;ssl=1\" alt=\"Fam\u00edlia mil-r\u00e9is imp\u00e9rio com bras\u00e3o\" class=\"wp-image-4614\" srcset=\"https:\/\/i0.wp.com\/radames.manosso.nom.br\/palavras\/files\/2019\/10\/familia-milreis-imperio-brasao.jpg?w=500&amp;ssl=1 500w, https:\/\/i0.wp.com\/radames.manosso.nom.br\/palavras\/files\/2019\/10\/familia-milreis-imperio-brasao.jpg?resize=300%2C218&amp;ssl=1 300w\" sizes=\"auto, (max-width: 500px) 100vw, 500px\" \/><\/figure>\n\n\n\n<p>Aqui temos os dizeres <em>Imp\u00e9rio do Brazil<\/em> em destaque.<\/p>\n\n\n\n<figure class=\"wp-block-image size-large\"><img data-recalc-dims=\"1\" loading=\"lazy\" decoding=\"async\" width=\"500\" height=\"432\" data-attachment-id=\"4615\" data-permalink=\"https:\/\/radames.manosso.nom.br\/palavras\/educacao\/familias-de-cedulas-brasileiras-iv\/attachment\/familia-milreis-imperio-brazil\/\" data-orig-file=\"https:\/\/i0.wp.com\/radames.manosso.nom.br\/palavras\/files\/2019\/10\/familia-milreis-imperio-brazil.jpg?fit=500%2C432&amp;ssl=1\" data-orig-size=\"500,432\" data-comments-opened=\"1\" data-image-meta=\"{&quot;aperture&quot;:&quot;0&quot;,&quot;credit&quot;:&quot;&quot;,&quot;camera&quot;:&quot;&quot;,&quot;caption&quot;:&quot;&quot;,&quot;created_timestamp&quot;:&quot;0&quot;,&quot;copyright&quot;:&quot;&quot;,&quot;focal_length&quot;:&quot;0&quot;,&quot;iso&quot;:&quot;0&quot;,&quot;shutter_speed&quot;:&quot;0&quot;,&quot;title&quot;:&quot;&quot;,&quot;orientation&quot;:&quot;0&quot;}\" data-image-title=\"Fam\u00edlia de c\u00e9dulas Mil-r\u00e9is Imp\u00e9rio do Brazil\" data-image-description=\"\" data-image-caption=\"\" data-large-file=\"https:\/\/i0.wp.com\/radames.manosso.nom.br\/palavras\/files\/2019\/10\/familia-milreis-imperio-brazil.jpg?fit=500%2C432&amp;ssl=1\" src=\"https:\/\/i0.wp.com\/radames.manosso.nom.br\/palavras\/files\/2019\/10\/familia-milreis-imperio-brazil.jpg?resize=500%2C432&#038;ssl=1\" alt=\"Fam\u00edlia de c\u00e9dulas Mil-r\u00e9is Imp\u00e9rio do Brazil\" class=\"wp-image-4615\" srcset=\"https:\/\/i0.wp.com\/radames.manosso.nom.br\/palavras\/files\/2019\/10\/familia-milreis-imperio-brazil.jpg?w=500&amp;ssl=1 500w, https:\/\/i0.wp.com\/radames.manosso.nom.br\/palavras\/files\/2019\/10\/familia-milreis-imperio-brazil.jpg?resize=300%2C259&amp;ssl=1 300w\" sizes=\"auto, (max-width: 500px) 100vw, 500px\" \/><\/figure>\n\n\n\n<p>Nesse sub conjunto aparecem figuras aleg\u00f3ricas da cultura cl\u00e1ssica que foram retomadas no per\u00edodo republicano.<\/p>\n\n\n\n<figure class=\"wp-block-image size-large\"><img data-recalc-dims=\"1\" loading=\"lazy\" decoding=\"async\" width=\"500\" height=\"347\" data-attachment-id=\"4616\" data-permalink=\"https:\/\/radames.manosso.nom.br\/palavras\/educacao\/familias-de-cedulas-brasileiras-iv\/attachment\/familia-milreis-imperio-alegorias\/\" data-orig-file=\"https:\/\/i0.wp.com\/radames.manosso.nom.br\/palavras\/files\/2019\/10\/familia-milreis-imperio-alegorias.jpg?fit=500%2C347&amp;ssl=1\" data-orig-size=\"500,347\" data-comments-opened=\"1\" data-image-meta=\"{&quot;aperture&quot;:&quot;0&quot;,&quot;credit&quot;:&quot;&quot;,&quot;camera&quot;:&quot;&quot;,&quot;caption&quot;:&quot;&quot;,&quot;created_timestamp&quot;:&quot;0&quot;,&quot;copyright&quot;:&quot;&quot;,&quot;focal_length&quot;:&quot;0&quot;,&quot;iso&quot;:&quot;0&quot;,&quot;shutter_speed&quot;:&quot;0&quot;,&quot;title&quot;:&quot;&quot;,&quot;orientation&quot;:&quot;0&quot;}\" data-image-title=\"Fam\u00edlia de c\u00e9dulas mil-r\u00e9is com alegorias\" data-image-description=\"\" data-image-caption=\"\" data-large-file=\"https:\/\/i0.wp.com\/radames.manosso.nom.br\/palavras\/files\/2019\/10\/familia-milreis-imperio-alegorias.jpg?fit=500%2C347&amp;ssl=1\" src=\"https:\/\/i0.wp.com\/radames.manosso.nom.br\/palavras\/files\/2019\/10\/familia-milreis-imperio-alegorias.jpg?resize=500%2C347&#038;ssl=1\" alt=\"Fam\u00edlia de c\u00e9dulas mil-r\u00e9is com alegorias\" class=\"wp-image-4616\" srcset=\"https:\/\/i0.wp.com\/radames.manosso.nom.br\/palavras\/files\/2019\/10\/familia-milreis-imperio-alegorias.jpg?w=500&amp;ssl=1 500w, https:\/\/i0.wp.com\/radames.manosso.nom.br\/palavras\/files\/2019\/10\/familia-milreis-imperio-alegorias.jpg?resize=300%2C208&amp;ssl=1 300w\" sizes=\"auto, (max-width: 500px) 100vw, 500px\" \/><\/figure>\n\n\n\n<ul class=\"wp-block-list\">\n<li>C\u00e9dulas: 23<\/li>\n\n\n\n<li>Produ\u00e7\u00e3o: 1870 &#8211; 1888<\/li>\n\n\n\n<li>Circula\u00e7\u00e3o: 1870 &#8211; 1888<\/li>\n\n\n\n<li>Emiss\u00e3o: Tesouro Nacional<\/li>\n\n\n\n<li>Impress\u00e3o: American Note Bank Company<\/li>\n<\/ul>\n\n\n\n<hr class=\"wp-block-separator\"\/>\n\n\n\n<h3 class=\"wp-block-heading\">Planilha do colecionador de c\u00e9dulas<\/h3>\n\n\n\n<p>Se voc\u00ea gosta de Numism\u00e1tica baixe a planilha gr\u00e1tis do colecionador de c\u00e9dulas ou adquira a vers\u00e3o premium.<\/p>\n\n\n\n<div class=\"wp-block-buttons is-layout-flex wp-block-buttons-is-layout-flex\">\n<div class=\"wp-block-button\"><a class=\"wp-block-button__link\" href=\"http:\/\/radames.manosso.nom.br\/bitabit\/planilhas\/planilha-do-colecionador-de-cedulas\/\">Download<\/a><\/div>\n<\/div>\n\n\n\n<hr class=\"wp-block-separator\"\/>\n\n\n\n<h3 class=\"wp-block-heading\">Mil-r\u00e9is Imp\u00e9rio Perkins Bacon &amp; Petch<\/h3>\n\n\n\n<p>O Tesouro Nacional emitiu e a gr\u00e1fica inglesa Perkins imprimiu essa primeira fam\u00edlia completa de c\u00e9dulas de mil-r\u00e9is.  Existem algumas varia\u00e7\u00f5es na fam\u00edlia e por isso separamos em dois sub-conjuntos principais.<\/p>\n\n\n\n<p>Valor destacado em algarismos ar\u00e1bicos.<\/p>\n\n\n\n<figure class=\"wp-block-image size-large\"><img data-recalc-dims=\"1\" loading=\"lazy\" decoding=\"async\" width=\"500\" height=\"559\" data-attachment-id=\"4625\" data-permalink=\"https:\/\/radames.manosso.nom.br\/palavras\/educacao\/familias-de-cedulas-brasileiras-iv\/attachment\/familia-milreis-perkins-1\/\" data-orig-file=\"https:\/\/i0.wp.com\/radames.manosso.nom.br\/palavras\/files\/2019\/10\/familia-milreis-perkins-1.jpg?fit=500%2C559&amp;ssl=1\" data-orig-size=\"500,559\" data-comments-opened=\"1\" data-image-meta=\"{&quot;aperture&quot;:&quot;0&quot;,&quot;credit&quot;:&quot;&quot;,&quot;camera&quot;:&quot;&quot;,&quot;caption&quot;:&quot;&quot;,&quot;created_timestamp&quot;:&quot;0&quot;,&quot;copyright&quot;:&quot;&quot;,&quot;focal_length&quot;:&quot;0&quot;,&quot;iso&quot;:&quot;0&quot;,&quot;shutter_speed&quot;:&quot;0&quot;,&quot;title&quot;:&quot;&quot;,&quot;orientation&quot;:&quot;0&quot;}\" data-image-title=\"Fam\u00edlia de c\u00e9dulas de mil-r\u00e9is Perkins\" data-image-description=\"\" data-image-caption=\"\" data-large-file=\"https:\/\/i0.wp.com\/radames.manosso.nom.br\/palavras\/files\/2019\/10\/familia-milreis-perkins-1.jpg?fit=500%2C559&amp;ssl=1\" src=\"https:\/\/i0.wp.com\/radames.manosso.nom.br\/palavras\/files\/2019\/10\/familia-milreis-perkins-1.jpg?resize=500%2C559&#038;ssl=1\" alt=\"Fam\u00edlia de c\u00e9dulas de mil-r\u00e9is Perkins\" class=\"wp-image-4625\" srcset=\"https:\/\/i0.wp.com\/radames.manosso.nom.br\/palavras\/files\/2019\/10\/familia-milreis-perkins-1.jpg?w=500&amp;ssl=1 500w, https:\/\/i0.wp.com\/radames.manosso.nom.br\/palavras\/files\/2019\/10\/familia-milreis-perkins-1.jpg?resize=268%2C300&amp;ssl=1 268w\" sizes=\"auto, (max-width: 500px) 100vw, 500px\" \/><\/figure>\n\n\n\n<figure class=\"wp-block-image size-large\"><img data-recalc-dims=\"1\" loading=\"lazy\" decoding=\"async\" width=\"500\" height=\"170\" data-attachment-id=\"4626\" data-permalink=\"https:\/\/radames.manosso.nom.br\/palavras\/educacao\/familias-de-cedulas-brasileiras-iv\/attachment\/familia-milreis-perkins-2\/\" data-orig-file=\"https:\/\/i0.wp.com\/radames.manosso.nom.br\/palavras\/files\/2019\/10\/familia-milreis-perkins-2.jpg?fit=500%2C170&amp;ssl=1\" data-orig-size=\"500,170\" data-comments-opened=\"1\" data-image-meta=\"{&quot;aperture&quot;:&quot;0&quot;,&quot;credit&quot;:&quot;&quot;,&quot;camera&quot;:&quot;&quot;,&quot;caption&quot;:&quot;&quot;,&quot;created_timestamp&quot;:&quot;0&quot;,&quot;copyright&quot;:&quot;&quot;,&quot;focal_length&quot;:&quot;0&quot;,&quot;iso&quot;:&quot;0&quot;,&quot;shutter_speed&quot;:&quot;0&quot;,&quot;title&quot;:&quot;&quot;,&quot;orientation&quot;:&quot;0&quot;}\" data-image-title=\"Fam\u00edlia de c\u00e9dulas de mil-r\u00e9is Perkins\" data-image-description=\"\" data-image-caption=\"\" data-large-file=\"https:\/\/i0.wp.com\/radames.manosso.nom.br\/palavras\/files\/2019\/10\/familia-milreis-perkins-2.jpg?fit=500%2C170&amp;ssl=1\" src=\"https:\/\/i0.wp.com\/radames.manosso.nom.br\/palavras\/files\/2019\/10\/familia-milreis-perkins-2.jpg?resize=500%2C170&#038;ssl=1\" alt=\"Fam\u00edlia de c\u00e9dulas de mil-r\u00e9is Perkins\" class=\"wp-image-4626\" srcset=\"https:\/\/i0.wp.com\/radames.manosso.nom.br\/palavras\/files\/2019\/10\/familia-milreis-perkins-2.jpg?w=500&amp;ssl=1 500w, https:\/\/i0.wp.com\/radames.manosso.nom.br\/palavras\/files\/2019\/10\/familia-milreis-perkins-2.jpg?resize=300%2C102&amp;ssl=1 300w\" sizes=\"auto, (max-width: 500px) 100vw, 500px\" \/><\/figure>\n\n\n\n<p>Valor destacado tamb\u00e9m por extenso em cor diferenciada.<\/p>\n\n\n\n<figure class=\"wp-block-image size-large\"><img data-recalc-dims=\"1\" loading=\"lazy\" decoding=\"async\" width=\"500\" height=\"601\" data-attachment-id=\"4627\" data-permalink=\"https:\/\/radames.manosso.nom.br\/palavras\/educacao\/familias-de-cedulas-brasileiras-iv\/attachment\/familia-milreis-perkins-3\/\" data-orig-file=\"https:\/\/i0.wp.com\/radames.manosso.nom.br\/palavras\/files\/2019\/10\/familia-milreis-perkins-3.jpg?fit=500%2C601&amp;ssl=1\" data-orig-size=\"500,601\" data-comments-opened=\"1\" data-image-meta=\"{&quot;aperture&quot;:&quot;0&quot;,&quot;credit&quot;:&quot;&quot;,&quot;camera&quot;:&quot;&quot;,&quot;caption&quot;:&quot;&quot;,&quot;created_timestamp&quot;:&quot;0&quot;,&quot;copyright&quot;:&quot;&quot;,&quot;focal_length&quot;:&quot;0&quot;,&quot;iso&quot;:&quot;0&quot;,&quot;shutter_speed&quot;:&quot;0&quot;,&quot;title&quot;:&quot;&quot;,&quot;orientation&quot;:&quot;0&quot;}\" data-image-title=\"Fam\u00edlia de c\u00e9dulas de mil-r\u00e9is Perkins\" data-image-description=\"\" data-image-caption=\"\" data-large-file=\"https:\/\/i0.wp.com\/radames.manosso.nom.br\/palavras\/files\/2019\/10\/familia-milreis-perkins-3.jpg?fit=500%2C601&amp;ssl=1\" src=\"https:\/\/i0.wp.com\/radames.manosso.nom.br\/palavras\/files\/2019\/10\/familia-milreis-perkins-3.jpg?resize=500%2C601&#038;ssl=1\" alt=\"Fam\u00edlia de c\u00e9dulas de mil-r\u00e9is Perkins\" class=\"wp-image-4627\" srcset=\"https:\/\/i0.wp.com\/radames.manosso.nom.br\/palavras\/files\/2019\/10\/familia-milreis-perkins-3.jpg?w=500&amp;ssl=1 500w, https:\/\/i0.wp.com\/radames.manosso.nom.br\/palavras\/files\/2019\/10\/familia-milreis-perkins-3.jpg?resize=250%2C300&amp;ssl=1 250w\" sizes=\"auto, (max-width: 500px) 100vw, 500px\" \/><\/figure>\n\n\n\n<ul class=\"wp-block-list\">\n<li>C\u00e9dulas: 19<\/li>\n\n\n\n<li>Produ\u00e7\u00e3o: 1835 &#8211;  1870<\/li>\n\n\n\n<li>Circula\u00e7\u00e3o: 1835 &#8211; 1889<\/li>\n\n\n\n<li>Emiss\u00e3o: Tesouro Nacional<\/li>\n\n\n\n<li>Impress\u00e3o: Perkins Bacon &amp; Petch<\/li>\n<\/ul>\n\n\n\n<h3 class=\"wp-block-heading\">Mil-r\u00e9is Imp\u00e9rio Troco do cobre<\/h3>\n\n\n\n<p>Esta s\u00e9rie foi emitida com a ideia de recolher as moedas de cobre em circula\u00e7\u00e3o no imp\u00e9rio. O cidad\u00e3o recebia uma c\u00e9dula de papel em troco do cobre recolhido, da\u00ed o nome dessa s\u00e9rie. O recolhimento foi motivado por um derrame de moedas falsas que estava comprometendo o meio circulante.<\/p>\n\n\n\n<figure class=\"wp-block-image size-large\"><img data-recalc-dims=\"1\" loading=\"lazy\" decoding=\"async\" width=\"500\" height=\"475\" data-attachment-id=\"4609\" data-permalink=\"https:\/\/radames.manosso.nom.br\/palavras\/educacao\/familias-de-cedulas-brasileiras-iv\/attachment\/imperio-troco-do-cobre\/\" data-orig-file=\"https:\/\/i0.wp.com\/radames.manosso.nom.br\/palavras\/files\/2019\/10\/imperio-troco-do-cobre.jpg?fit=500%2C475&amp;ssl=1\" data-orig-size=\"500,475\" data-comments-opened=\"1\" data-image-meta=\"{&quot;aperture&quot;:&quot;0&quot;,&quot;credit&quot;:&quot;&quot;,&quot;camera&quot;:&quot;&quot;,&quot;caption&quot;:&quot;&quot;,&quot;created_timestamp&quot;:&quot;0&quot;,&quot;copyright&quot;:&quot;&quot;,&quot;focal_length&quot;:&quot;0&quot;,&quot;iso&quot;:&quot;0&quot;,&quot;shutter_speed&quot;:&quot;0&quot;,&quot;title&quot;:&quot;&quot;,&quot;orientation&quot;:&quot;0&quot;}\" data-image-title=\"C\u00e9dulas Mil-r\u00e9is imp\u00e9rio Troco do cobre\" data-image-description=\"\" data-image-caption=\"\" data-large-file=\"https:\/\/i0.wp.com\/radames.manosso.nom.br\/palavras\/files\/2019\/10\/imperio-troco-do-cobre.jpg?fit=500%2C475&amp;ssl=1\" src=\"https:\/\/i0.wp.com\/radames.manosso.nom.br\/palavras\/files\/2019\/10\/imperio-troco-do-cobre.jpg?resize=500%2C475&#038;ssl=1\" alt=\"C\u00e9dulas Mil-r\u00e9is imp\u00e9rio Troco do cobre\" class=\"wp-image-4609\" srcset=\"https:\/\/i0.wp.com\/radames.manosso.nom.br\/palavras\/files\/2019\/10\/imperio-troco-do-cobre.jpg?w=500&amp;ssl=1 500w, https:\/\/i0.wp.com\/radames.manosso.nom.br\/palavras\/files\/2019\/10\/imperio-troco-do-cobre.jpg?resize=300%2C285&amp;ssl=1 300w\" sizes=\"auto, (max-width: 500px) 100vw, 500px\" \/><\/figure>\n\n\n\n<h3 class=\"wp-block-heading\">Emiss\u00f5es de bancos particulares e provinciais<\/h3>\n\n\n\n<p>Durante o imp\u00e9rio, em alguns per\u00edodos, foi dado autoridade de emiss\u00e3o a bancos particulares e governos das prov\u00edncias. N\u00e3o apresentamos aqui as c\u00e9dulas dessa classifica\u00e7\u00e3o pela dif\u00edculdade de inventariar.<\/p>\n\n\n\n<h3 class=\"wp-block-heading\">Colecionismo<\/h3>\n\n\n\n<ul class=\"wp-block-list\"><li><a href=\"https:\/\/radames.manosso.nom.br\/palavras\/educacao\/principios-de-colecionismo\/\">Princ\u00edpios de colecionismo<\/a><\/li><li><a href=\"https:\/\/radames.manosso.nom.br\/palavras\/educacao\/colecionaveis-unicos-e-de-series-limitadas\/\">Colecion\u00e1veis \u00fanicos e de s\u00e9ries limitadas<\/a><\/li><li><a href=\"https:\/\/radames.manosso.nom.br\/palavras\/educacao\/colecionaveis-tradicionais-de-serie\/\">Colecion\u00e1veis tradicionais de s\u00e9rie<\/a><\/li><li><a href=\"https:\/\/radames.manosso.nom.br\/palavras\/educacao\/colecionaveis-modernos-de-serie\/\">Colecion\u00e1veis modernos de s\u00e9rie<\/a><\/li><li><a href=\"https:\/\/radames.manosso.nom.br\/palavras\/educacao\/colecionaveis-incomuns-de-serie\/\">Colecion\u00e1veis incomuns de s\u00e9rie<\/a><\/li><li><a href=\"https:\/\/radames.manosso.nom.br\/palavras\/educacao\/familias-de-cedulas-brasileiras-i\/\">Fam\u00edlias de c\u00e9dulas brasileiras I<\/a><\/li><li><a href=\"https:\/\/radames.manosso.nom.br\/palavras\/educacao\/familias-de-cedulas-brasileiras-ii\/\">Fam\u00edlias de c\u00e9dulas brasileiras II<\/a><\/li><li><a href=\"https:\/\/radames.manosso.nom.br\/palavras\/educacao\/familias-de-cedulas-brasileiras-iii\/\">Fam\u00edlias de c\u00e9dulas brasileiras III<\/a><\/li><li><a href=\"https:\/\/radames.manosso.nom.br\/palavras\/educacao\/familias-de-cedulas-brasileiras-iv\/\">Fam\u00edlias de c\u00e9dulas brasileiras IV<\/a><\/li><li><a href=\"https:\/\/radames.manosso.nom.br\/palavras\/educacao\/estudando-historia-com-as-cedulas-brasileiras\/\">Estudando Hist\u00f3ria com as c\u00e9dulas brasileiras<\/a><\/li><li><a href=\"https:\/\/radames.manosso.nom.br\/palavras\/educacao\/estudando-economia-com-as-cedulas-brasileiras\/\">Estudando economia com as c\u00e9dulas brasileiras<\/a><\/li><li><a href=\"https:\/\/radames.manosso.nom.br\/palavras\/educacao\/principais-cedulas-em-circulacao\/\">Principais c\u00e9dulas em circula\u00e7\u00e3o<\/a><\/li><li><a href=\"https:\/\/radames.manosso.nom.br\/palavras\/geral\/quanto-vale-uma-nota-de-um-real\/\">Quanto vale uma nota de um real?<\/a><\/li><li><a href=\"https:\/\/radames.manosso.nom.br\/palavras\/educacao\/minhas-cedulas-brasileiras-favoritas\/\">Minhas c\u00e9dulas brasileiras favoritas<\/a><\/li><li><a href=\"https:\/\/radames.manosso.nom.br\/palavras\/educacao\/moedas-circulantes-no-mundo\/\">Moedas circulantes no mundo<\/a><\/li><\/ul>\n","protected":false},"excerpt":{"rendered":"<p>Brasil imp\u00e9rio Conhe\u00e7a as fam\u00edlias de c\u00e9dulas que circularam no Brasil desde a Independ\u00eancia at\u00e9 os dias atuais. S\u00e3o vinte e cinco fam\u00edlias em 197 anos de Brasil independente, o que d\u00e1 uma m\u00e9dia de uma fam\u00edlia criada a cada oito anos. A pouca longevidade de nossas c\u00e9dulas reflete as turbul\u00eancias econ\u00f4micas e a infla\u00e7\u00e3o &hellip; <a href=\"https:\/\/radames.manosso.nom.br\/palavras\/educacao\/familias-de-cedulas-brasileiras-iv\/\" class=\"more-link\">Continue lendo <span class=\"screen-reader-text\">Fam\u00edlias de c\u00e9dulas brasileiras IV<\/span> <span class=\"meta-nav\">&rarr;<\/span><\/a><\/p>\n","protected":false},"author":1,"featured_media":0,"comment_status":"open","ping_status":"closed","sticky":false,"template":"","format":"standard","meta":{"jetpack_post_was_ever_published":false,"_jetpack_newsletter_access":"","_jetpack_dont_email_post_to_subs":false,"_jetpack_newsletter_tier_id":0,"_jetpack_memberships_contains_paywalled_content":false,"_jetpack_memberships_contains_paid_content":false,"footnotes":""},"categories":[44],"tags":[379,383,381,376,380,382,374,384],"class_list":["post-4489","post","type-post","status-publish","format-standard","hentry","category-educacao","tag-cedulas","tag-colecoes","tag-cruzeiro","tag-dinheiro","tag-historia","tag-mil-reis","tag-numismatica","tag-papel-moeda"],"jetpack_featured_media_url":"","jetpack_shortlink":"https:\/\/wp.me\/p74VxW-1ap","jetpack-related-posts":[{"id":4487,"url":"https:\/\/radames.manosso.nom.br\/palavras\/educacao\/familias-de-cedulas-brasileiras-iii\/","url_meta":{"origin":4489,"position":0},"title":"Fam\u00edlias de c\u00e9dulas brasileiras III","author":"Radam\u00e9s","date":false,"format":false,"excerpt":"Rep\u00fablica dos mil-r\u00e9is Conhe\u00e7a as fam\u00edlias de c\u00e9dulas que circularam no Brasil desde a Independ\u00eancia at\u00e9 os dias atuais. S\u00e3o vinte e cinco fam\u00edlias em 197 anos de Brasil independente, o que d\u00e1 uma m\u00e9dia de uma fam\u00edlia criada a cada oito anos. A pouca longevidade de nossas c\u00e9dulas reflete\u2026","rel":"","context":"Em &quot;Educa\u00e7\u00e3o&quot;","block_context":{"text":"Educa\u00e7\u00e3o","link":"https:\/\/radames.manosso.nom.br\/palavras\/category\/educacao\/"},"img":{"alt_text":"Fam\u00edlia de c\u00e9dulas mil-r\u00e9is caixa de estabiliza\u00e7\u00e3o","src":"https:\/\/i0.wp.com\/radames.manosso.nom.br\/palavras\/files\/2019\/10\/familia-milreis-caixa-estabilizacao.jpg?resize=350%2C200&ssl=1","width":350,"height":200},"classes":[]},{"id":5341,"url":"https:\/\/radames.manosso.nom.br\/palavras\/educacao\/minhas-cedulas-brasileiras-favoritas\/","url_meta":{"origin":4489,"position":1},"title":"Minhas c\u00e9dulas brasileiras favoritas","author":"Radam\u00e9s","date":false,"format":false,"excerpt":"Neste post apresento sete fam\u00edlias de c\u00e9dulas brasileiras que mais aprecio. Vejamos: 7 - Cruzeiro segunda edi\u00e7\u00e3o primeira fam\u00edlia Foi uma s\u00e9rie que inovou o design das c\u00e9dulas brasileiras que at\u00e9 ent\u00e3o adotavam um visual mais tradicional . A s\u00e9rie produzida pela Casa da Moeda do Brasil adota grafismos geom\u00e9tricos,\u2026","rel":"","context":"Em &quot;Educa\u00e7\u00e3o&quot;","block_context":{"text":"Educa\u00e7\u00e3o","link":"https:\/\/radames.manosso.nom.br\/palavras\/category\/educacao\/"},"img":{"alt_text":"","src":"https:\/\/i0.wp.com\/radames.manosso.nom.br\/palavras\/files\/2020\/10\/serie-cruzeiro-70.jpg?resize=350%2C200","width":350,"height":200},"classes":[]},{"id":4485,"url":"https:\/\/radames.manosso.nom.br\/palavras\/educacao\/familias-de-cedulas-brasileiras-ii\/","url_meta":{"origin":4489,"position":2},"title":"Fam\u00edlias de c\u00e9dulas brasileiras II","author":"Radam\u00e9s","date":false,"format":false,"excerpt":"As primeiras edi\u00e7\u00f5es do Cruzeiro Conhe\u00e7a as fam\u00edlias de c\u00e9dulas que circularam no Brasil desde a Independ\u00eancia at\u00e9 os dias atuais. S\u00e3o vinte e cinco fam\u00edlias em 197 anos de Brasil independente, o que d\u00e1 uma m\u00e9dia de uma fam\u00edlia criada a cada oito anos. A pouca longevidade de nossas\u2026","rel":"","context":"Em &quot;Educa\u00e7\u00e3o&quot;","block_context":{"text":"Educa\u00e7\u00e3o","link":"https:\/\/radames.manosso.nom.br\/palavras\/category\/educacao\/"},"img":{"alt_text":"Fam\u00edlia de c\u00e9dulas cruzeiro 2a. edi\u00e7\u00e3o","src":"https:\/\/i0.wp.com\/radames.manosso.nom.br\/palavras\/files\/2019\/10\/familia-cruzeiro-2-2.jpg?resize=350%2C200&ssl=1","width":350,"height":200,"srcset":"https:\/\/i0.wp.com\/radames.manosso.nom.br\/palavras\/files\/2019\/10\/familia-cruzeiro-2-2.jpg?resize=350%2C200&ssl=1 1x, https:\/\/i0.wp.com\/radames.manosso.nom.br\/palavras\/files\/2019\/10\/familia-cruzeiro-2-2.jpg?resize=525%2C300&ssl=1 1.5x"},"classes":[]},{"id":4635,"url":"https:\/\/radames.manosso.nom.br\/palavras\/educacao\/estudando-economia-com-as-cedulas-brasileiras\/","url_meta":{"origin":4489,"position":3},"title":"Estudando economia com as c\u00e9dulas brasileiras","author":"Radam\u00e9s","date":false,"format":false,"excerpt":"A Numism\u00e1tica, estudo da moeda, pode nos ensinar v\u00e1rias coisas sobre Economia. Vamos descobrir algumas informa\u00e7\u00f5es interessantes sobre as c\u00e9dulas que circularam no Brasil desde a Independ\u00eancia at\u00e9 a atualidade. Um real vale quantos mil-r\u00e9is? Vamos come\u00e7ar pela pergunta cl\u00e1ssica: a moeda atual do Brasil vale quantos mil-r\u00e9is, a moeda\u2026","rel":"","context":"Em &quot;Educa\u00e7\u00e3o&quot;","block_context":{"text":"Educa\u00e7\u00e3o","link":"https:\/\/radames.manosso.nom.br\/palavras\/category\/educacao\/"},"img":{"alt_text":"C\u00e9dula de hum mil-r\u00e9is","src":"https:\/\/i0.wp.com\/radames.manosso.nom.br\/palavras\/files\/2019\/10\/1-imperio-brazil.jpg?resize=350%2C200&ssl=1","width":350,"height":200},"classes":[]},{"id":4669,"url":"https:\/\/radames.manosso.nom.br\/palavras\/educacao\/estudando-historia-com-as-cedulas-brasileiras\/","url_meta":{"origin":4489,"position":4},"title":"Estudando Hist\u00f3ria com as c\u00e9dulas brasileiras","author":"Radam\u00e9s","date":false,"format":false,"excerpt":"A Numism\u00e1tica, estudo da moeda, pode nos dar valiosas li\u00e7\u00f5es de Hist\u00f3ria. Vamos fazer algumas an\u00e1lises a partir das c\u00e9dulas brasileiras. Quem mais apareceu como ef\u00edgie das c\u00e9dulas brasileiras? Ef\u00edgie \u00e9 a representa\u00e7\u00e3o de uma pessoa estampada na c\u00e9dula, geralmente rosto ou busto. Na hist\u00f3ria do dinheiro brasileiro alguns personagens\u2026","rel":"","context":"Em &quot;Educa\u00e7\u00e3o&quot;","block_context":{"text":"Educa\u00e7\u00e3o","link":"https:\/\/radames.manosso.nom.br\/palavras\/category\/educacao\/"},"img":{"alt_text":"C\u00e9dula com Cec\u00edlia Meirelles","src":"https:\/\/i0.wp.com\/radames.manosso.nom.br\/palavras\/files\/2019\/10\/100.jpg?resize=350%2C200&ssl=1","width":350,"height":200},"classes":[]},{"id":4440,"url":"https:\/\/radames.manosso.nom.br\/palavras\/educacao\/familias-de-cedulas-brasileiras-i\/","url_meta":{"origin":4489,"position":5},"title":"Fam\u00edlias de c\u00e9dulas brasileiras I","author":"Radam\u00e9s","date":false,"format":false,"excerpt":"Do cruzado ao real Conhe\u00e7a as fam\u00edlias de c\u00e9dulas que circularam no Brasil desde a Independ\u00eancia at\u00e9 os dias atuais. S\u00e3o vinte e cinco fam\u00edlias em mais de 200 anos de Brasil independente, o que d\u00e1 uma m\u00e9dia de uma fam\u00edlia criada a cada oito anos. A pouca longevidade de\u2026","rel":"","context":"Em &quot;Educa\u00e7\u00e3o&quot;","block_context":{"text":"Educa\u00e7\u00e3o","link":"https:\/\/radames.manosso.nom.br\/palavras\/category\/educacao\/"},"img":{"alt_text":"Real primeira fam\u00edlia","src":"https:\/\/i0.wp.com\/radames.manosso.nom.br\/palavras\/files\/2019\/10\/real-1a-familia.jpg?resize=350%2C200&ssl=1","width":350,"height":200},"classes":[]}],"jetpack_sharing_enabled":true,"_links":{"self":[{"href":"https:\/\/radames.manosso.nom.br\/palavras\/wp-json\/wp\/v2\/posts\/4489","targetHints":{"allow":["GET"]}}],"collection":[{"href":"https:\/\/radames.manosso.nom.br\/palavras\/wp-json\/wp\/v2\/posts"}],"about":[{"href":"https:\/\/radames.manosso.nom.br\/palavras\/wp-json\/wp\/v2\/types\/post"}],"author":[{"embeddable":true,"href":"https:\/\/radames.manosso.nom.br\/palavras\/wp-json\/wp\/v2\/users\/1"}],"replies":[{"embeddable":true,"href":"https:\/\/radames.manosso.nom.br\/palavras\/wp-json\/wp\/v2\/comments?post=4489"}],"version-history":[{"count":16,"href":"https:\/\/radames.manosso.nom.br\/palavras\/wp-json\/wp\/v2\/posts\/4489\/revisions"}],"predecessor-version":[{"id":7858,"href":"https:\/\/radames.manosso.nom.br\/palavras\/wp-json\/wp\/v2\/posts\/4489\/revisions\/7858"}],"wp:attachment":[{"href":"https:\/\/radames.manosso.nom.br\/palavras\/wp-json\/wp\/v2\/media?parent=4489"}],"wp:term":[{"taxonomy":"category","embeddable":true,"href":"https:\/\/radames.manosso.nom.br\/palavras\/wp-json\/wp\/v2\/categories?post=4489"},{"taxonomy":"post_tag","embeddable":true,"href":"https:\/\/radames.manosso.nom.br\/palavras\/wp-json\/wp\/v2\/tags?post=4489"}],"curies":[{"name":"wp","href":"https:\/\/api.w.org\/{rel}","templated":true}]}}