{"id":5152,"date":"2020-06-20T17:41:02","date_gmt":"2020-06-20T20:41:02","guid":{"rendered":"http:\/\/radames.manosso.nom.br\/palavras\/?p=5152"},"modified":"2020-06-20T17:41:08","modified_gmt":"2020-06-20T20:41:08","slug":"os-paises-mais-desenvolvidos-do-mundo","status":"publish","type":"post","link":"https:\/\/radames.manosso.nom.br\/palavras\/geografia\/os-paises-mais-desenvolvidos-do-mundo\/","title":{"rendered":"Os pa\u00edses mais desenvolvidos do mundo"},"content":{"rendered":"\n<p>Vamos apresentar os pa\u00edses melhor ranqueados segundo cinco indicadores de desenvolvimento. S\u00e3o eles:<\/p>\n\n\n\n<ul class=\"wp-block-list\"><li>IDH<\/li><li>GINI<\/li><li>Medalhas Ol\u00edmpicas<\/li><li>Patrim\u00f4nios da Unesco <\/li><li>Pr\u00eamios Nobel<\/li><\/ul>\n\n\n\n<p>Alguns podem dizer que esses indicadores n\u00e3o s\u00e3o os ideais, mas \u00e9 razo\u00e1vel supor que pa\u00edses com bom ranqueamento nos itens acima s\u00e3o desenvolvidos em sentido amplo (social, cultural e econ\u00f4mico).<\/p>\n\n\n\n<figure class=\"wp-block-image size-large\"><img data-recalc-dims=\"1\" loading=\"lazy\" decoding=\"async\" width=\"604\" height=\"336\" data-attachment-id=\"3697\" data-permalink=\"https:\/\/radames.manosso.nom.br\/palavras\/geografia\/quantos-paises-existem-no-mundo\/attachment\/planisferio_politico\/\" data-orig-file=\"https:\/\/i0.wp.com\/radames.manosso.nom.br\/palavras\/files\/2015\/07\/planisferio_politico.jpg?fit=622%2C346&amp;ssl=1\" data-orig-size=\"622,346\" data-comments-opened=\"1\" data-image-meta=\"{&quot;aperture&quot;:&quot;0&quot;,&quot;credit&quot;:&quot;&quot;,&quot;camera&quot;:&quot;&quot;,&quot;caption&quot;:&quot;&quot;,&quot;created_timestamp&quot;:&quot;0&quot;,&quot;copyright&quot;:&quot;&quot;,&quot;focal_length&quot;:&quot;0&quot;,&quot;iso&quot;:&quot;0&quot;,&quot;shutter_speed&quot;:&quot;0&quot;,&quot;title&quot;:&quot;&quot;}\" data-image-title=\"planist\u00e9rio\" data-image-description=\"\" data-image-caption=\"\" data-large-file=\"https:\/\/i0.wp.com\/radames.manosso.nom.br\/palavras\/files\/2015\/07\/planisferio_politico.jpg?fit=604%2C336&amp;ssl=1\" src=\"https:\/\/i0.wp.com\/radames.manosso.nom.br\/palavras\/files\/2015\/07\/planisferio_politico.jpg?resize=604%2C336&#038;ssl=1\" alt=\"\" class=\"wp-image-3697\" srcset=\"https:\/\/i0.wp.com\/radames.manosso.nom.br\/palavras\/files\/2015\/07\/planisferio_politico.jpg?w=622&amp;ssl=1 622w, https:\/\/i0.wp.com\/radames.manosso.nom.br\/palavras\/files\/2015\/07\/planisferio_politico.jpg?resize=300%2C166&amp;ssl=1 300w\" sizes=\"auto, (max-width: 604px) 100vw, 604px\" \/><\/figure>\n\n\n\n<p>Se voc\u00ea est\u00e1 interessado em saber os pa\u00edses mais ricos consulte a <a href=\"https:\/\/radames.manosso.nom.br\/palavras\/geografia\/os-paises-mais-ricos-do-mundo\/\">postagem sobre o assunto neste blog.<\/a><\/p>\n\n\n\n<!--more-->\n\n\n\n<hr class=\"wp-block-separator\"\/>\n\n\n\n<h3 class=\"wp-block-heading\">Planilha completa<\/h3>\n\n\n\n<p>Baixe a planilha gr\u00e1tis com estas e outras informa\u00e7\u00f5es sobre todos os pa\u00edses e territ\u00f3rios do mundo.<\/p>\n\n\n\n<figure class=\"wp-block-image size-medium is-resized\"><a href=\"http:\/\/radames.manosso.nom.br\/bitabit\/planilhas\/todos-os-paises-mundo-no-excel\/\"><img data-recalc-dims=\"1\" loading=\"lazy\" decoding=\"async\" data-attachment-id=\"3896\" data-permalink=\"https:\/\/radames.manosso.nom.br\/palavras\/comportamento\/em-que-fase-a-lua-esta-hoje\/attachment\/download-button\/\" data-orig-file=\"https:\/\/i0.wp.com\/radames.manosso.nom.br\/palavras\/files\/2008\/03\/Download-Button.png?fit=300%2C133&amp;ssl=1\" data-orig-size=\"300,133\" data-comments-opened=\"1\" data-image-meta=\"{&quot;aperture&quot;:&quot;0&quot;,&quot;credit&quot;:&quot;&quot;,&quot;camera&quot;:&quot;&quot;,&quot;caption&quot;:&quot;&quot;,&quot;created_timestamp&quot;:&quot;0&quot;,&quot;copyright&quot;:&quot;&quot;,&quot;focal_length&quot;:&quot;0&quot;,&quot;iso&quot;:&quot;0&quot;,&quot;shutter_speed&quot;:&quot;0&quot;,&quot;title&quot;:&quot;&quot;,&quot;orientation&quot;:&quot;0&quot;}\" data-image-title=\"download-button\" data-image-description=\"\" data-image-caption=\"\" data-large-file=\"https:\/\/i0.wp.com\/radames.manosso.nom.br\/palavras\/files\/2008\/03\/Download-Button.png?fit=300%2C133&amp;ssl=1\" src=\"https:\/\/i0.wp.com\/radames.manosso.nom.br\/palavras\/files\/2008\/03\/Download-Button.png?resize=150%2C67&#038;ssl=1\" alt=\"\" class=\"wp-image-3896\" width=\"150\" height=\"67\"\/><\/a><\/figure>\n\n\n\n<hr class=\"wp-block-separator\"\/>\n\n\n\n<h3 class=\"wp-block-heading\">IDH<\/h3>\n\n\n\n<p>O \u00edndice de desenvolvimento humano \u00e9 um n\u00famero entre 0 e 1 que informa o n\u00edvel de desenvolvimento de um pa\u00eds em tr\u00eas aspectos espec\u00edficos: expectativa de vida ao nascer,  educa\u00e7\u00e3o e PIB. Quanto mais alto o IDH melhor. Na lista, temos os pa\u00edses com IDH na faixa muito alta, ou seja, valores superiores a 0,9.<\/p>\n\n\n\n<figure class=\"wp-block-table\"><table class=\"\"><tbody><tr><td><strong>Pa\u00eds\u00a0<\/strong><\/td><td><strong>IDH<\/strong><\/td><\/tr><tr><td>Noruega<\/td><td>0,954<\/td><\/tr><tr><td>Su\u00ed\u00e7a<\/td><td>0,946<\/td><\/tr><tr><td>Irlanda<\/td><td>0,942<\/td><\/tr><tr><td>Alemanha<\/td><td>0,939<\/td><\/tr><tr><td>Hong Kong<\/td><td>0,939<\/td><\/tr><tr><td>Austr\u00e1lia<\/td><td>0,938<\/td><\/tr><tr><td>Isl\u00e2ndia<\/td><td>0,938<\/td><\/tr><tr><td>Su\u00e9cia<\/td><td>0,937<\/td><\/tr><tr><td>Singapura<\/td><td>0,935<\/td><\/tr><tr><td>Pa\u00edses Baixos<\/td><td>0,933<\/td><\/tr><tr><td>Dinamarca<\/td><td>0,93<\/td><\/tr><tr><td>Finl\u00e2ndia<\/td><td>0,925<\/td><\/tr><tr><td>Canad\u00e1<\/td><td>0,922<\/td><\/tr><tr><td>Nova Zel\u00e2ndia<\/td><td>0,921<\/td><\/tr><tr><td>Reino Unido<\/td><td>0,92<\/td><\/tr><tr><td>Estados Unidos<\/td><td>0,92<\/td><\/tr><tr><td>B\u00e9lgica<\/td><td>0,919<\/td><\/tr><tr><td>Liechtenstein<\/td><td>0,917<\/td><\/tr><tr><td>Jap\u00e3o<\/td><td>0,915<\/td><\/tr><tr><td>\u00c1ustria<\/td><td>0,914<\/td><\/tr><tr><td>Luxemburgo<\/td><td>0,909<\/td><\/tr><tr><td>Coreia do Sul<\/td><td>0,906<\/td><\/tr><tr><td>Israel<\/td><td>0,906<\/td><\/tr><tr><td>Eslov\u00eania<\/td><td>0,902<\/td><\/tr><\/tbody><\/table><\/figure>\n\n\n\n<p>O Brasil apresenta um IDH m\u00e9dio (0,761).<\/p>\n\n\n\n<h3 class=\"wp-block-heading\">GINI<\/h3>\n\n\n\n<p>O \u00edndice GINI \u00e9 um indicador de distribui\u00e7\u00e3o de renda. Quanto menor, melhor. \u00cdndice GINI baixo quer dizer que o pa\u00eds apresenta uma renda melhor distribu\u00edda entre seus habitantes. Na lista, temos os pa\u00edses com melhor distribui\u00e7\u00e3o de renda segundo o padr\u00e3o GINI, ou seja, apresentam valores menores do que 30.<\/p>\n\n\n\n<figure class=\"wp-block-table\"><table class=\"\"><tbody><tr><td><strong>Pa\u00eds\u00a0<\/strong><\/td><td><strong>GINI<\/strong><\/td><\/tr><tr><td>Jap\u00e3o<\/td><td>24,9<\/td><\/tr><tr><td>Su\u00e9cia<\/td><td>25<\/td><\/tr><tr><td>Bielorr\u00fassia<\/td><td>25,4<\/td><\/tr><tr><td>Rep\u00fablica Tcheca<\/td><td>25,9<\/td><\/tr><tr><td>G\u00e2mbia<\/td><td>25,9<\/td><\/tr><tr><td>Mold\u00e1via<\/td><td>25,9<\/td><\/tr><tr><td>Eslov\u00e1quia<\/td><td>26<\/td><\/tr><tr><td>Ucr\u00e2nia<\/td><td>26,4<\/td><\/tr><tr><td>Finl\u00e2ndia<\/td><td>27,1<\/td><\/tr><tr><td>Noruega<\/td><td>27,5<\/td><\/tr><tr><td>B\u00e9lgica<\/td><td>27,7<\/td><\/tr><tr><td>Afeganist\u00e3o<\/td><td>27,8<\/td><\/tr><tr><td>Pa\u00edses Baixos<\/td><td>28,2<\/td><\/tr><tr><td>Dinamarca<\/td><td>28,2<\/td><\/tr><tr><td>Alemanha<\/td><td>28,3<\/td><\/tr><tr><td>Timor Leste<\/td><td>28,7<\/td><\/tr><tr><td>Cazaquist\u00e3o<\/td><td>29<\/td><\/tr><tr><td>Alb\u00e2nia<\/td><td>29<\/td><\/tr><tr><td>Malta<\/td><td>29,4<\/td><\/tr><tr><td>Iraque<\/td><td>29,5<\/td><\/tr><\/tbody><\/table><\/figure>\n\n\n\n<p>O Brasil tem um dos piores indicadores GINI do mundo (53,3), o que indica que a renda em nosso pa\u00eds \u00e9 muito concentrada nas m\u00e3os de poucas pessoas.<\/p>\n\n\n\n<h3 class=\"wp-block-heading\">Pr\u00eamios Nobel<\/h3>\n\n\n\n<p>Para ter um pr\u00eamio Nobel no pa\u00eds \u00e9 preciso investimento em ci\u00eancia, educa\u00e7\u00e3o e cultura. Os n\u00fameros podem estar com alguma distor\u00e7\u00e3o por conta de alguns pa\u00edses laureados como a ex-URSS n\u00e3o existirem mais. Na tabela, temos os pa\u00edses com 10 ou mais pr\u00eamios Nobel.<\/p>\n\n\n\n<figure class=\"wp-block-image size-medium\"><img data-recalc-dims=\"1\" loading=\"lazy\" decoding=\"async\" width=\"300\" height=\"295\" data-attachment-id=\"5157\" data-permalink=\"https:\/\/radames.manosso.nom.br\/palavras\/geografia\/os-paises-mais-desenvolvidos-do-mundo\/attachment\/premio-nobel\/\" data-orig-file=\"https:\/\/i0.wp.com\/radames.manosso.nom.br\/palavras\/files\/2020\/06\/premio-nobel.png?fit=500%2C492&amp;ssl=1\" data-orig-size=\"500,492\" data-comments-opened=\"1\" data-image-meta=\"{&quot;aperture&quot;:&quot;0&quot;,&quot;credit&quot;:&quot;&quot;,&quot;camera&quot;:&quot;&quot;,&quot;caption&quot;:&quot;&quot;,&quot;created_timestamp&quot;:&quot;0&quot;,&quot;copyright&quot;:&quot;&quot;,&quot;focal_length&quot;:&quot;0&quot;,&quot;iso&quot;:&quot;0&quot;,&quot;shutter_speed&quot;:&quot;0&quot;,&quot;title&quot;:&quot;&quot;,&quot;orientation&quot;:&quot;0&quot;}\" data-image-title=\"premio-nobel\" data-image-description=\"\" data-image-caption=\"\" data-large-file=\"https:\/\/i0.wp.com\/radames.manosso.nom.br\/palavras\/files\/2020\/06\/premio-nobel.png?fit=500%2C492&amp;ssl=1\" src=\"https:\/\/i0.wp.com\/radames.manosso.nom.br\/palavras\/files\/2020\/06\/premio-nobel.png?resize=300%2C295&#038;ssl=1\" alt=\"\" class=\"wp-image-5157\" srcset=\"https:\/\/i0.wp.com\/radames.manosso.nom.br\/palavras\/files\/2020\/06\/premio-nobel.png?resize=300%2C295&amp;ssl=1 300w, https:\/\/i0.wp.com\/radames.manosso.nom.br\/palavras\/files\/2020\/06\/premio-nobel.png?w=500&amp;ssl=1 500w\" sizes=\"auto, (max-width: 300px) 100vw, 300px\" \/><\/figure>\n\n\n\n<figure class=\"wp-block-table\"><table class=\"\"><tbody><tr><td><strong>Pa\u00eds<\/strong><\/td><td><strong>Pr\u00eamios Nobel<\/strong><\/td><\/tr><tr><td>Estados Unidos<\/td><td>379<\/td><\/tr><tr><td>Reino Unido<\/td><td>130<\/td><\/tr><tr><td>Alemanha<\/td><td>110<\/td><\/tr><tr><td>Fran\u00e7a<\/td><td>70<\/td><\/tr><tr><td>Su\u00e9cia<\/td><td>31<\/td><\/tr><tr><td>Jap\u00e3o<\/td><td>28<\/td><\/tr><tr><td>Su\u00ed\u00e7a<\/td><td>28<\/td><\/tr><tr><td>R\u00fassia<\/td><td>27<\/td><\/tr><tr><td>Canad\u00e1<\/td><td>24<\/td><\/tr><tr><td>It\u00e1lia<\/td><td>20<\/td><\/tr><tr><td>Pa\u00edses Baixos<\/td><td>20<\/td><\/tr><tr><td>\u00c1ustria<\/td><td>19<\/td><\/tr><tr><td>Pol\u00f4nia<\/td><td>15<\/td><\/tr><tr><td>Dinamarca<\/td><td>14<\/td><\/tr><tr><td>Noruega<\/td><td>14<\/td><\/tr><tr><td>Austr\u00e1lia<\/td><td>13<\/td><\/tr><tr><td>Hungria<\/td><td>12<\/td><\/tr><tr><td>Israel<\/td><td>12<\/td><\/tr><tr><td>B\u00e9lgica<\/td><td>11<\/td><\/tr><tr><td>\u00c1frica do Sul<\/td><td>10<\/td><\/tr><tr><td>China<\/td><td>10<\/td><\/tr><\/tbody><\/table><\/figure>\n\n\n\n<p>O Brasil n\u00e3o tem pr\u00eamio Nobel.<\/p>\n\n\n\n<h3 class=\"wp-block-heading\">Medalhas ol\u00edmpicas<\/h3>\n\n\n\n<p>Para colecionar medalhas ol\u00edmpicas um pa\u00eds precisa investir em educa\u00e7\u00e3o, infraestrutura e esportes em geral. A lista tem alguma distor\u00e7\u00e3o em fun\u00e7\u00e3o de alguns pa\u00edses como a Checoslov\u00e1quia n\u00e3o existirem mais. S\u00e3o listados os pa\u00edses com mais de cem medalhas no total conquistado.<\/p>\n\n\n\n<figure class=\"wp-block-image size-medium\"><img data-recalc-dims=\"1\" loading=\"lazy\" decoding=\"async\" width=\"300\" height=\"199\" data-attachment-id=\"5160\" data-permalink=\"https:\/\/radames.manosso.nom.br\/palavras\/geografia\/os-paises-mais-desenvolvidos-do-mundo\/attachment\/medalhas-olimpicas\/\" data-orig-file=\"https:\/\/i0.wp.com\/radames.manosso.nom.br\/palavras\/files\/2020\/06\/medalhas-olimpicas.jpeg?fit=450%2C299&amp;ssl=1\" data-orig-size=\"450,299\" data-comments-opened=\"1\" data-image-meta=\"{&quot;aperture&quot;:&quot;0&quot;,&quot;credit&quot;:&quot;&quot;,&quot;camera&quot;:&quot;&quot;,&quot;caption&quot;:&quot;&quot;,&quot;created_timestamp&quot;:&quot;0&quot;,&quot;copyright&quot;:&quot;&quot;,&quot;focal_length&quot;:&quot;0&quot;,&quot;iso&quot;:&quot;0&quot;,&quot;shutter_speed&quot;:&quot;0&quot;,&quot;title&quot;:&quot;&quot;,&quot;orientation&quot;:&quot;0&quot;}\" data-image-title=\"medalhas-olimpicas\" data-image-description=\"\" data-image-caption=\"\" data-large-file=\"https:\/\/i0.wp.com\/radames.manosso.nom.br\/palavras\/files\/2020\/06\/medalhas-olimpicas.jpeg?fit=450%2C299&amp;ssl=1\" src=\"https:\/\/i0.wp.com\/radames.manosso.nom.br\/palavras\/files\/2020\/06\/medalhas-olimpicas.jpeg?resize=300%2C199&#038;ssl=1\" alt=\"\" class=\"wp-image-5160\" srcset=\"https:\/\/i0.wp.com\/radames.manosso.nom.br\/palavras\/files\/2020\/06\/medalhas-olimpicas.jpeg?resize=300%2C199&amp;ssl=1 300w, https:\/\/i0.wp.com\/radames.manosso.nom.br\/palavras\/files\/2020\/06\/medalhas-olimpicas.jpeg?w=450&amp;ssl=1 450w\" sizes=\"auto, (max-width: 300px) 100vw, 300px\" \/><\/figure>\n\n\n\n<figure class=\"wp-block-table\"><table class=\"\"><tbody><tr><td><strong>Pa\u00eds<\/strong><\/td><td><strong>Medalhas ol\u00edmpicas (total)<\/strong><\/td><\/tr><tr><td>Estados Unidos<\/td><td>2522<\/td><\/tr><tr><td>Reino Unido<\/td><td>851<\/td><\/tr><tr><td>Fran\u00e7a<\/td><td>716<\/td><\/tr><tr><td>Alemanha<\/td><td>615<\/td><\/tr><tr><td>It\u00e1lia<\/td><td>577<\/td><\/tr><tr><td>China<\/td><td>546<\/td><\/tr><tr><td>Austr\u00e1lia<\/td><td>497<\/td><\/tr><tr><td>Su\u00e9cia<\/td><td>494<\/td><\/tr><tr><td>Hungria<\/td><td>491<\/td><\/tr><tr><td>Jap\u00e3o<\/td><td>439<\/td><\/tr><tr><td>R\u00fassia<\/td><td>428<\/td><\/tr><tr><td>Rom\u00eania<\/td><td>306<\/td><\/tr><tr><td>Finl\u00e2ndia<\/td><td>303<\/td><\/tr><tr><td>Canad\u00e1<\/td><td>302<\/td><\/tr><tr><td>Pa\u00edses Baixos<\/td><td>285<\/td><\/tr><tr><td>Pol\u00f4nia<\/td><td>284<\/td><\/tr><tr><td>Coreia do Sul<\/td><td>267<\/td><\/tr><tr><td>Cuba<\/td><td>226<\/td><\/tr><tr><td>Bulg\u00e1ria<\/td><td>218<\/td><\/tr><tr><td>Dinamarca<\/td><td>194<\/td><\/tr><tr><td>Su\u00ed\u00e7a<\/td><td>192<\/td><\/tr><tr><td>B\u00e9lgica<\/td><td>154<\/td><\/tr><tr><td>Noruega<\/td><td>152<\/td><\/tr><tr><td>Espanha<\/td><td>150<\/td><\/tr><tr><td><strong>Brasil<\/strong><\/td><td><strong>129<\/strong><\/td><\/tr><tr><td>Ucr\u00e2nia<\/td><td>121<\/td><\/tr><tr><td>Nova Zel\u00e2ndia<\/td><td>117<\/td><\/tr><tr><td>Gr\u00e9cia<\/td><td>116<\/td><\/tr><tr><td>Qu\u00eania<\/td><td>102<\/td><\/tr><\/tbody><\/table><\/figure>\n\n\n\n<p><\/p>\n\n\n\n<h3 class=\"wp-block-heading\">Patrim\u00f4nios da Unesco<\/h3>\n\n\n\n<p>Um pa\u00eds com patrim\u00f4nios culturais reconhecidos pela Unesco demonstra preocupa\u00e7\u00e3o com a preserva\u00e7\u00e3o de sua cultura, arte e meio ambiente. Na lista, temos os pa\u00edses que contam com mais de 10 patrim\u00f4nios da Unesco em seu territ\u00f3rio.<\/p>\n\n\n\n<figure class=\"wp-block-table\"><table class=\"\"><tbody><tr><td><strong>Pa\u00eds\u00a0<\/strong><\/td><td><strong>Patrim\u00f4nios da Unesco<\/strong><\/td><\/tr><tr><td>It\u00e1lia<\/td><td>51<\/td><\/tr><tr><td>China<\/td><td>48<\/td><\/tr><tr><td>Espanha<\/td><td>44<\/td><\/tr><tr><td>Fran\u00e7a<\/td><td>41<\/td><\/tr><tr><td>Alemanha<\/td><td>40<\/td><\/tr><tr><td>M\u00e9xico<\/td><td>33<\/td><\/tr><tr><td>\u00cdndia<\/td><td>32<\/td><\/tr><tr><td>Reino Unido<\/td><td>29<\/td><\/tr><tr><td>R\u00fassia<\/td><td>26<\/td><\/tr><tr><td>Estados Unidos<\/td><td>23<\/td><\/tr><tr><td><strong>Brasil<\/strong><\/td><td><strong>21<\/strong><\/td><\/tr><tr><td>Austr\u00e1lia<\/td><td>19<\/td><\/tr><tr><td>Jap\u00e3o<\/td><td>19<\/td><\/tr><tr><td>Ir\u00e3<\/td><td>19<\/td><\/tr><tr><td>Canad\u00e1<\/td><td>17<\/td><\/tr><tr><td>Gr\u00e9cia<\/td><td>17<\/td><\/tr><tr><td>Su\u00e9cia<\/td><td>15<\/td><\/tr><tr><td>Turquia<\/td><td>15<\/td><\/tr><tr><td>Portugal<\/td><td>15<\/td><\/tr><tr><td>Pol\u00f4nia<\/td><td>14<\/td><\/tr><tr><td>Coreia do Sul<\/td><td>12<\/td><\/tr><tr><td>Rep\u00fablica Tcheca<\/td><td>12<\/td><\/tr><tr><td>Peru<\/td><td>12<\/td><\/tr><tr><td>Su\u00ed\u00e7a<\/td><td>11<\/td><\/tr><tr><td>B\u00e9lgica<\/td><td>11<\/td><\/tr><tr><td>Pa\u00edses Baixos<\/td><td>10<\/td><\/tr><\/tbody><\/table><\/figure>\n\n\n\n<figure class=\"wp-block-image size-medium\"><img data-recalc-dims=\"1\" loading=\"lazy\" decoding=\"async\" width=\"300\" height=\"200\" data-attachment-id=\"5162\" data-permalink=\"https:\/\/radames.manosso.nom.br\/palavras\/geografia\/os-paises-mais-desenvolvidos-do-mundo\/attachment\/ouro-preto\/\" data-orig-file=\"https:\/\/i0.wp.com\/radames.manosso.nom.br\/palavras\/files\/2020\/06\/ouro-preto.jpg?fit=900%2C600&amp;ssl=1\" data-orig-size=\"900,600\" data-comments-opened=\"1\" data-image-meta=\"{&quot;aperture&quot;:&quot;0&quot;,&quot;credit&quot;:&quot;&quot;,&quot;camera&quot;:&quot;&quot;,&quot;caption&quot;:&quot;&quot;,&quot;created_timestamp&quot;:&quot;0&quot;,&quot;copyright&quot;:&quot;&quot;,&quot;focal_length&quot;:&quot;0&quot;,&quot;iso&quot;:&quot;0&quot;,&quot;shutter_speed&quot;:&quot;0&quot;,&quot;title&quot;:&quot;&quot;,&quot;orientation&quot;:&quot;0&quot;}\" data-image-title=\"ouro-preto\" data-image-description=\"\" data-image-caption=\"\" data-large-file=\"https:\/\/i0.wp.com\/radames.manosso.nom.br\/palavras\/files\/2020\/06\/ouro-preto.jpg?fit=604%2C403&amp;ssl=1\" src=\"https:\/\/i0.wp.com\/radames.manosso.nom.br\/palavras\/files\/2020\/06\/ouro-preto.jpg?resize=300%2C200&#038;ssl=1\" alt=\"\" class=\"wp-image-5162\" srcset=\"https:\/\/i0.wp.com\/radames.manosso.nom.br\/palavras\/files\/2020\/06\/ouro-preto.jpg?resize=300%2C200&amp;ssl=1 300w, https:\/\/i0.wp.com\/radames.manosso.nom.br\/palavras\/files\/2020\/06\/ouro-preto.jpg?resize=768%2C512&amp;ssl=1 768w, https:\/\/i0.wp.com\/radames.manosso.nom.br\/palavras\/files\/2020\/06\/ouro-preto.jpg?w=900&amp;ssl=1 900w\" sizes=\"auto, (max-width: 300px) 100vw, 300px\" \/><\/figure>\n","protected":false},"excerpt":{"rendered":"<p>Vamos apresentar os pa\u00edses melhor ranqueados segundo cinco indicadores de desenvolvimento. S\u00e3o eles: IDH GINI Medalhas Ol\u00edmpicas Patrim\u00f4nios da Unesco Pr\u00eamios Nobel Alguns podem dizer que esses indicadores n\u00e3o s\u00e3o os ideais, mas \u00e9 razo\u00e1vel supor que pa\u00edses com bom ranqueamento nos itens acima s\u00e3o desenvolvidos em sentido amplo (social, cultural e econ\u00f4mico). Se voc\u00ea &hellip; <a href=\"https:\/\/radames.manosso.nom.br\/palavras\/geografia\/os-paises-mais-desenvolvidos-do-mundo\/\" class=\"more-link\">Continue lendo <span class=\"screen-reader-text\">Os pa\u00edses mais desenvolvidos do mundo<\/span> <span class=\"meta-nav\">&rarr;<\/span><\/a><\/p>\n","protected":false},"author":1,"featured_media":0,"comment_status":"open","ping_status":"closed","sticky":false,"template":"","format":"standard","meta":{"jetpack_post_was_ever_published":false,"_jetpack_newsletter_access":"","_jetpack_dont_email_post_to_subs":false,"_jetpack_newsletter_tier_id":0,"_jetpack_memberships_contains_paywalled_content":false,"_jetpack_memberships_contains_paid_content":false,"footnotes":""},"categories":[275],"tags":[440,334,445,443],"class_list":["post-5152","post","type-post","status-publish","format-standard","hentry","category-geografia","tag-desenvolvimento","tag-paises","tag-patrimonios-da-unesco","tag-premios-nobel"],"jetpack_featured_media_url":"","jetpack_shortlink":"https:\/\/wp.me\/p74VxW-1l6","jetpack-related-posts":[{"id":3965,"url":"https:\/\/radames.manosso.nom.br\/palavras\/geografia\/os-paises-membros-de-coi-fifa-e-onu\/","url_meta":{"origin":5152,"position":0},"title":"Os pa\u00edses membros de COI, FIFA, OMC, ONU e +27 organismos internacionais","author":"Radam\u00e9s","date":false,"format":false,"excerpt":"Aqui voc\u00ea encontra informa\u00e7\u00f5es sobre os pa\u00edses que integram 31 blocos econ\u00f4micos e organismos internacionais. Come\u00e7emos pela lista de organiza\u00e7\u00f5es internacionais: APECCoopera\u00e7\u00e3o Econ\u00f4mica da \u00c1sia e do Pac\u00edficoASEANAssocia\u00e7\u00e3o de Nac\u00f5es do Sudeste Asi\u00e1ticoBRICSBrasil, R\u00fassia, \u00cdndia, China e \u00c1frica do SulCANComunidade Andina de Na\u00e7\u00f5esCAOComunidade da \u00c1frica OrientalCARICOMComunidade do CaribeCEIComunidade de Estados\u2026","rel":"","context":"Em &quot;Geografia&quot;","block_context":{"text":"Geografia","link":"https:\/\/radames.manosso.nom.br\/palavras\/category\/geografia\/"},"img":{"alt_text":"","src":"https:\/\/i0.wp.com\/radames.manosso.nom.br\/palavras\/files\/2015\/07\/planisferio_politico.jpg?resize=350%2C200&ssl=1","width":350,"height":200,"srcset":"https:\/\/i0.wp.com\/radames.manosso.nom.br\/palavras\/files\/2015\/07\/planisferio_politico.jpg?resize=350%2C200&ssl=1 1x, https:\/\/i0.wp.com\/radames.manosso.nom.br\/palavras\/files\/2015\/07\/planisferio_politico.jpg?resize=525%2C300&ssl=1 1.5x"},"classes":[]},{"id":4966,"url":"https:\/\/radames.manosso.nom.br\/palavras\/conteudo-digital\/a-arte-de-escrever-em-tempos-de-internet\/","url_meta":{"origin":5152,"position":1},"title":"A arte de escrever em tempos de Internet","author":"Radam\u00e9s","date":false,"format":false,"excerpt":"Com o advento dos blogs, as pessoas est\u00e3o escrevendo mais, embora pior. Quem disse isso foi o Pr\u00eamio Nobel de Literatura Jos\u00e9 Saramago, ele mesmo blogueiro. Depois de ler essa declara\u00e7\u00e3o forte do Saramago fui direto ao blog dele conferir se a opini\u00e3o se aplicava aos posts que ele mesmo\u2026","rel":"","context":"Em &quot;Conte\u00fado digital&quot;","block_context":{"text":"Conte\u00fado digital","link":"https:\/\/radames.manosso.nom.br\/palavras\/category\/conteudo-digital\/"},"img":{"alt_text":"","src":"https:\/\/i0.wp.com\/radames.manosso.nom.br\/palavras\/files\/2009\/03\/parker-duofold-ouro1.jpg?resize=350%2C200&ssl=1","width":350,"height":200},"classes":[]},{"id":3713,"url":"https:\/\/radames.manosso.nom.br\/palavras\/geografia\/os-maiores-e-os-menores-paises-do-mundo\/","url_meta":{"origin":5152,"position":2},"title":"Os maiores e os menores pa\u00edses do mundo","author":"Radam\u00e9s","date":false,"format":false,"excerpt":"Nesta listagem classificamos os 193 pa\u00edses membros da ONU pela extens\u00e3o territorial. Inclu\u00edmos tamb\u00e9m as \u00e1reas de territ\u00f3rios aut\u00f4nomos, em disputa de soberania e alguns casos especiais. Mais que 5.000.000 km2 Existem seis pa\u00edses com extens\u00e3o territorial maior que cinco milh\u00f5es de quil\u00f4metros quadrados, entre eles o Brasil. Posi\u00e7\u00e3oPa\u00eds\u00a0\u00c1rea (km2)1R\u00fassia\u00a0\u00a0\u2026","rel":"","context":"Em &quot;Geografia&quot;","block_context":{"text":"Geografia","link":"https:\/\/radames.manosso.nom.br\/palavras\/category\/geografia\/"},"img":{"alt_text":"vaticano","src":"https:\/\/i0.wp.com\/radames.manosso.nom.br\/palavras\/files\/2015\/07\/vaticano-e1492043128191.jpg?resize=350%2C200&ssl=1","width":350,"height":200},"classes":[]},{"id":5086,"url":"https:\/\/radames.manosso.nom.br\/palavras\/geografia\/paises-do-mundo-classificados-por-regiao\/","url_meta":{"origin":5152,"position":3},"title":"Pa\u00edses do mundo classificados por regi\u00e3o","author":"Radam\u00e9s","date":false,"format":false,"excerpt":"Nesta postagem os pa\u00edses e territ\u00f3rios do mundo s\u00e3o organizados em continentes e regi\u00f5es globais. \u00c1frica \u00c1frica austral Pa\u00eds\/territ\u00f3rio\u00a0Popula\u00e7\u00e3o\u00a0\u00a0\u00c1rea em Km2\u00a0\u00c1frica do Sul\u00a0\u00a0\u00a0\u00a0\u00a0\u00a0\u00a0\u00a0\u00a0\u00a0\u00a0\u00a0\u00a0\u00a0 58.775.022 \u00a0\u00a0\u00a0\u00a0\u00a0\u00a0\u00a0\u00a0\u00a0\u00a0 1.221.037 Angola\u00a0\u00a0\u00a0\u00a0\u00a0\u00a0\u00a0\u00a0\u00a0\u00a0\u00a0\u00a0\u00a0\u00a0 31.127.674 \u00a0\u00a0\u00a0\u00a0\u00a0\u00a0\u00a0\u00a0\u00a0\u00a0 1.246.700 Botsuana\u00a0\u00a0\u00a0\u00a0\u00a0\u00a0\u00a0\u00a0\u00a0\u00a0\u00a0\u00a0\u00a0\u00a0\u00a0\u00a0 2.338.851 \u00a0\u00a0\u00a0\u00a0\u00a0\u00a0\u00a0\u00a0\u00a0\u00a0\u00a0\u00a0\u00a0\u00a0 581.730 Lesoto\u00a0\u00a0\u00a0\u00a0\u00a0\u00a0\u00a0\u00a0\u00a0\u00a0\u00a0\u00a0\u00a0\u00a0\u00a0\u00a0 2.007.201 \u00a0\u00a0\u00a0\u00a0\u00a0\u00a0\u00a0\u00a0\u00a0\u00a0\u00a0\u00a0\u00a0\u00a0\u00a0\u00a0 30.355 Madagascar\u00a0\u00a0\u00a0\u00a0\u00a0\u00a0\u00a0\u00a0\u00a0\u00a0\u00a0\u00a0\u00a0\u00a0 26.251.309 \u00a0\u00a0\u00a0\u00a0\u00a0\u00a0\u00a0\u00a0\u00a0\u00a0\u00a0\u00a0\u00a0\u00a0 587.041 Malawi\u00a0\u00a0\u00a0\u00a0\u00a0\u00a0\u00a0\u00a0\u00a0\u00a0\u00a0\u00a0\u00a0\u00a0 19.129.952 \u00a0\u00a0\u00a0\u00a0\u00a0\u00a0\u00a0\u00a0\u00a0\u00a0\u00a0\u00a0\u00a0\u00a0 118.484 Mo\u00e7ambique\u00a0\u00a0\u00a0\u00a0\u00a0\u00a0\u00a0\u00a0\u00a0\u00a0\u00a0\u00a0\u00a0\u00a0 30.066.648 \u00a0\u00a0\u00a0\u00a0\u00a0\u00a0\u00a0\u00a0\u00a0\u00a0\u00a0\u00a0\u00a0\u00a0 801.590\u2026","rel":"","context":"Em &quot;Geografia&quot;","block_context":{"text":"Geografia","link":"https:\/\/radames.manosso.nom.br\/palavras\/category\/geografia\/"},"img":{"alt_text":"","src":"https:\/\/i0.wp.com\/radames.manosso.nom.br\/palavras\/files\/2015\/07\/planisferio_politico.jpg?resize=350%2C200&ssl=1","width":350,"height":200,"srcset":"https:\/\/i0.wp.com\/radames.manosso.nom.br\/palavras\/files\/2015\/07\/planisferio_politico.jpg?resize=350%2C200&ssl=1 1x, https:\/\/i0.wp.com\/radames.manosso.nom.br\/palavras\/files\/2015\/07\/planisferio_politico.jpg?resize=525%2C300&ssl=1 1.5x"},"classes":[]},{"id":3696,"url":"https:\/\/radames.manosso.nom.br\/palavras\/geografia\/quantos-paises-existem-no-mundo\/","url_meta":{"origin":5152,"position":4},"title":"Quantos pa\u00edses existem no mundo?","author":"Radam\u00e9s","date":false,"format":false,"excerpt":"A pergunta parece simples, mas quem resolver contar os pa\u00edses do mundo vai se deparar com v\u00e1rias d\u00favidas e, por isso, \u00e9 melhor come\u00e7ar entendendo o que \u00e9 um pa\u00eds. Na maioria dos casos chamamos de pa\u00eds a entidade que pode ser tratada\u00a0como estado soberano. Um estado soberano \u00e9 formado\u2026","rel":"","context":"Em &quot;Geografia&quot;","block_context":{"text":"Geografia","link":"https:\/\/radames.manosso.nom.br\/palavras\/category\/geografia\/"},"img":{"alt_text":"","src":"https:\/\/i0.wp.com\/radames.manosso.nom.br\/palavras\/files\/2015\/07\/planisferio_politico.jpg?resize=350%2C200&ssl=1","width":350,"height":200,"srcset":"https:\/\/i0.wp.com\/radames.manosso.nom.br\/palavras\/files\/2015\/07\/planisferio_politico.jpg?resize=350%2C200&ssl=1 1x, https:\/\/i0.wp.com\/radames.manosso.nom.br\/palavras\/files\/2015\/07\/planisferio_politico.jpg?resize=525%2C300&ssl=1 1.5x"},"classes":[]},{"id":3669,"url":"https:\/\/radames.manosso.nom.br\/palavras\/politica\/o-que-e-maioridade\/","url_meta":{"origin":5152,"position":5},"title":"O que \u00e9 maioridade?","author":"Radam\u00e9s","date":false,"format":false,"excerpt":"A discuss\u00e3o sobre a maioridade penal no Brasil segue tensa, ent\u00e3o vamos entender melhor essa quest\u00e3o come\u00e7ando pelos direitos e deveres dos nossos jovens atualmente. Trabalho. A partir de 14 anos e at\u00e9 os 16 anos o jovem pode ser aprendiz.\u00a0 Com 16 anos pode trabalhar normalmente, exceto em atividades\u2026","rel":"","context":"Em &quot;Pol\u00edtica&quot;","block_context":{"text":"Pol\u00edtica","link":"https:\/\/radames.manosso.nom.br\/palavras\/category\/politica\/"},"img":{"alt_text":"menoridade","src":"https:\/\/i0.wp.com\/radames.manosso.nom.br\/palavras\/files\/2015\/06\/menoridade.jpg?resize=350%2C200","width":350,"height":200},"classes":[]}],"jetpack_sharing_enabled":true,"_links":{"self":[{"href":"https:\/\/radames.manosso.nom.br\/palavras\/wp-json\/wp\/v2\/posts\/5152","targetHints":{"allow":["GET"]}}],"collection":[{"href":"https:\/\/radames.manosso.nom.br\/palavras\/wp-json\/wp\/v2\/posts"}],"about":[{"href":"https:\/\/radames.manosso.nom.br\/palavras\/wp-json\/wp\/v2\/types\/post"}],"author":[{"embeddable":true,"href":"https:\/\/radames.manosso.nom.br\/palavras\/wp-json\/wp\/v2\/users\/1"}],"replies":[{"embeddable":true,"href":"https:\/\/radames.manosso.nom.br\/palavras\/wp-json\/wp\/v2\/comments?post=5152"}],"version-history":[{"count":9,"href":"https:\/\/radames.manosso.nom.br\/palavras\/wp-json\/wp\/v2\/posts\/5152\/revisions"}],"predecessor-version":[{"id":5164,"href":"https:\/\/radames.manosso.nom.br\/palavras\/wp-json\/wp\/v2\/posts\/5152\/revisions\/5164"}],"wp:attachment":[{"href":"https:\/\/radames.manosso.nom.br\/palavras\/wp-json\/wp\/v2\/media?parent=5152"}],"wp:term":[{"taxonomy":"category","embeddable":true,"href":"https:\/\/radames.manosso.nom.br\/palavras\/wp-json\/wp\/v2\/categories?post=5152"},{"taxonomy":"post_tag","embeddable":true,"href":"https:\/\/radames.manosso.nom.br\/palavras\/wp-json\/wp\/v2\/tags?post=5152"}],"curies":[{"name":"wp","href":"https:\/\/api.w.org\/{rel}","templated":true}]}}