{"id":5207,"date":"2020-08-09T13:16:01","date_gmt":"2020-08-09T16:16:01","guid":{"rendered":"http:\/\/radames.manosso.nom.br\/palavras\/?p=5207"},"modified":"2021-03-10T17:21:00","modified_gmt":"2021-03-10T20:21:00","slug":"reflexoes-de-um-implicante-tecnologico","status":"publish","type":"post","link":"https:\/\/radames.manosso.nom.br\/palavras\/comportamento\/reflexoes-de-um-implicante-tecnologico\/","title":{"rendered":"Reflex\u00f5es de um implicante tecnol\u00f3gico"},"content":{"rendered":"\n<p>Algumas fermenta\u00e7\u00f5es mentais de um heavy user de tecnologia com senso cr\u00edtico.<\/p>\n\n\n\n<h2 class=\"wp-block-heading\">Tem coisas que s\u00f3 o velho desktop faz por voc\u00ea<\/h2>\n\n\n\n<p>Estamos na onda dos tablets e smartphones. Eles recebem nota\ndez em mobilidade; a experi\u00eancia de comandar o aparelho com toques na tela\nsens\u00edvel \u00e9 uma beleza e os recursos de geolocaliza\u00e7\u00e3o impressionam. \u00c9 dif\u00edcil\nresistir aos encantos e \u00e0 sensa\u00e7\u00e3o de novidade que um tablet nos traz, mas ser\u00e1\nque no futuro esses dispositivos da hora&nbsp;v\u00e3o aposentar os velhos\ncomputadores de mesa? Antes de responder, vamos pensar em alguns usos que, por\nenquanto, s\u00f3&nbsp;os computadores de mesa conseguem&nbsp;atender a contento.<\/p>\n\n\n\n<ul class=\"wp-block-list\"><li><strong>V\u00e1rias janelas simult\u00e2neas.<\/strong>&nbsp;Escrever um texto, montar uma planilha e  preparar uma apresenta\u00e7\u00e3o, tudo ao mesmo tempo? Servi\u00e7o para o computador  desktop.<\/li><li><strong>Dois ou mais monitores simult\u00e2neos<\/strong>. Quem gosta ou precisa usar mais de um      monitor simultaneamente no mesmo computador vai precisar de um desktop.<\/li><li><strong>Software pesado<\/strong>. Para rodar programas como Photoshop, Visual Studio ou AutoCAD,      n\u00e3o se discute: computador de mesa \u00e9 preciso.<\/li><li><strong>V\u00e1rios perif\u00e9ricos simult\u00e2neos<\/strong>. Teclado f\u00edsico, impressora, scanner, leitor de c\u00f3digo de barras, disco r\u00edgido externo, tudo ao mesmo tempo? Desktop.<\/li><li><strong>Software \u201cantigo\u201d.<\/strong>&nbsp;Quer acessar vers\u00f5es jur\u00e1ssicas de software com mais de      12 meses de exist\u00eancia?<\/li><li><strong>Gerenciamento de rede<\/strong>. Quer usar o computador como servidor?<\/li><li><strong>Acelera\u00e7\u00e3o de v\u00eddeo<\/strong>. Para games uma placa aceleradora de v\u00eddeo cai bem.<\/li><\/ul>\n\n\n\n<p>Poder\u00edamos nos estender na listagem de tarefas que apenas o\ndesktop com seu longo curr\u00edculo de servi\u00e7os prestados pode cumprir. Ao que tudo\nindica, tablets e smartphones vieram para ocupar o lugar de segundo, terceiro\ndispositivo de Inform\u00e1tica do cidad\u00e3o. Para o servi\u00e7o pesado e sujo\ncontinuaremos precisando do velho desktop, ou pelo menos de um notebook bem\nrobusto. \u00c9 assim que funciona a ind\u00fastria. Primeiro voc\u00ea compra o aparelho\nb\u00e1sico e depois segue comprando o segundo, o terceiro \u2026<\/p>\n\n\n\n<!--more-->\n\n\n\n<h2 class=\"wp-block-heading\">Quem precisa de TV inteligente?<\/h2>\n\n\n\n<p>A TV bem que podia ser mais inteligente, n\u00e3o \u00e9 mesmo? N\u00e3o estou falando da qualidade da programa\u00e7\u00e3o, mas de tecnologia. Refiro-me a recursos como interatividade, flexibilidade de hor\u00e1rios e op\u00e7\u00f5es, integra\u00e7\u00e3o com redes sociais, enfim, aquelas coisas que os usu\u00e1rios de Inform\u00e1tica est\u00e3o habituados e adoram. T\u00e1 bom, alguns v\u00e3o dizer que esses recursos n\u00e3o podem ser considerados um ganho de intelig\u00eancia para a velha TV, mas acho que deu para entender do que estou falando. Faz tempo que a Inform\u00e1tica assimilou a TV: \u00e9 poss\u00edvel ver TV no computador, no smartphone ou encontrar programas na Internet, no entanto, a TV ainda tem dificuldade para assimilar a Inform\u00e1tica. A comunica\u00e7\u00e3o unidirecional que come\u00e7a na antena de transmiss\u00e3o e termina no caixote zumbidor da sala de estar segue o mesmo padr\u00e3o h\u00e1 d\u00e9cadas. A TV continua sendo um fluxo ininterrupto de imagens distribu\u00eddo pelo ar e destinado \u00e0 assimila\u00e7\u00e3o passiva. A tecnologia de TV digital implantada no Brasil h\u00e1 pouco tempo prev\u00ea a possibilidade da comunica\u00e7\u00e3o bidirecional que deixaria a TV com uma cara de Internet, mas a pergunta que alguns fazem nessa hora \u00e9: quem quer TV inteligente?<\/p>\n\n\n\n<figure class=\"wp-block-image size-large\"><img data-recalc-dims=\"1\" loading=\"lazy\" decoding=\"async\" width=\"300\" height=\"225\" data-attachment-id=\"5212\" data-permalink=\"https:\/\/radames.manosso.nom.br\/palavras\/comportamento\/reflexoes-de-um-implicante-tecnologico\/attachment\/tv-philips-vintage\/\" data-orig-file=\"https:\/\/i0.wp.com\/radames.manosso.nom.br\/palavras\/files\/2020\/08\/tv-philips-vintage.jpg?fit=300%2C225&amp;ssl=1\" data-orig-size=\"300,225\" data-comments-opened=\"1\" data-image-meta=\"{&quot;aperture&quot;:&quot;0&quot;,&quot;credit&quot;:&quot;&quot;,&quot;camera&quot;:&quot;&quot;,&quot;caption&quot;:&quot;&quot;,&quot;created_timestamp&quot;:&quot;0&quot;,&quot;copyright&quot;:&quot;&quot;,&quot;focal_length&quot;:&quot;0&quot;,&quot;iso&quot;:&quot;0&quot;,&quot;shutter_speed&quot;:&quot;0&quot;,&quot;title&quot;:&quot;&quot;,&quot;orientation&quot;:&quot;1&quot;}\" data-image-title=\"tv-philips-vintage\" data-image-description=\"\" data-image-caption=\"\" data-large-file=\"https:\/\/i0.wp.com\/radames.manosso.nom.br\/palavras\/files\/2020\/08\/tv-philips-vintage.jpg?fit=300%2C225&amp;ssl=1\" src=\"https:\/\/i0.wp.com\/radames.manosso.nom.br\/palavras\/files\/2020\/08\/tv-philips-vintage.jpg?resize=300%2C225&#038;ssl=1\" alt=\"\" class=\"wp-image-5212\"\/><\/figure>\n\n\n\n<p>A Internet \u00e9 uma m\u00eddia ativa: o usu\u00e1rio escolhe, escolhe, escolhe o tempo todo. O uso da Internet \u00e9 de certa forma parecido com a leitura de um jornal. O leitor pode come\u00e7ar a leitura de tr\u00e1s para frente, pular cadernos, ler duas vezes a mesma not\u00edcia, ignorar as propagandas. Trata-se de uma experi\u00eancia diferente de ver um telejornal que segue uma ordem definida pelo editor e intercalada com comerciais. Internet \u00e9 ativa, TV, passiva. Est\u00e3o querendo deixar a TV ativa tamb\u00e9m. Ser\u00e1 que vai dar certo? Pode funcionar desde que a passividade continue sendo o ponto forte dessa m\u00eddia. Eu costumo assistir o telejornal enquanto fa\u00e7o minha refei\u00e7\u00e3o da noite. Funciona bem e n\u00e3o recomendo a ningu\u00e9m usar o notebook para ler not\u00edcias enquanto faz a refei\u00e7\u00e3o, pois o suco pode cair no teclado. Mesmo o mais mach\u00e3o h\u00e1 de concordar que ficar passivo &nbsp;ap\u00f3s um dia de estresse \u00e9 relaxante. T\u00eam horas que uma TV bem burrinha \u00e9 um santo rem\u00e9dio.<\/p>\n\n\n\n<h2 class=\"wp-block-heading\">A prec\u00e1ria Internet em quatro polegadas<\/h2>\n\n\n\n<p>O uso da Internet no celular \u00e9 uma experi\u00eancia bem diferente da que temos em monitores de computador. A raz\u00e3o da diferen\u00e7a \u00e9 simples e est\u00e1 no suporte, ou seja, no aparelho e sua telinha de 4 polegadas em m\u00e9dia. \u00c9 imposs\u00edvel exibir em uma tela pequena a mesma quantidade de informa\u00e7\u00e3o encontrada em um monitor de 23 polegadas. A Internet desenvolvida para monitores de computador \u00e9 abundante, para n\u00e3o dizer exagerada. Quando voc\u00ea acessa a p\u00e1gina de uma not\u00edcia, por exemplo, recebe tamb\u00e9m propagandas, chamadas para outras not\u00edcias, coment\u00e1rios, tags, formul\u00e1rio de busca, informa\u00e7\u00f5es de redes sociais, links para outras \u00e1reas do site, etc.<\/p>\n\n\n\n<p>Toda essa informa\u00e7\u00e3o extra \u00e9 poss\u00edvel gra\u00e7as ao tamanho da\ntela e ao volume de dados que a banda consegue escoar. Os smartphones t\u00eam tela\nmenor, processamento mais modesto e banda geralmente mais limitada. Al\u00e9m disso,\nas telas touchscreen pedem um design mais folgado para que a navega\u00e7\u00e3o seja\nfeita com os dedos sem problemas. Essas limita\u00e7\u00f5es do suporte exigem uma\nInternet minimalista.<\/p>\n\n\n\n<p>Uma coisa de cada vez. Essa \u00e9 o recado para quem usa a\nInternet no smartphone. Ser\u00e1 que a Internet m\u00f3vel vai melhorar a concentra\u00e7\u00e3o\ndos internautas? Talvez um pouco, mas bem pouco, porque embora a Internet m\u00f3vel\nseja menos dispersiva, ela ser\u00e1 baseada em drops de informa\u00e7\u00e3o. Os produtores\nv\u00e3o se adaptar a essa nova m\u00eddia compactando ainda mais seus conte\u00fados para\nexibi\u00e7\u00e3o no celular. Por isso, quem est\u00e1 em busca de maior concentra\u00e7\u00e3o a dica\ncontinua sendo a leitura de um romance de Dostoi\u00e9vski. Ah, sim pode l\u00ea-lo no\nsmartphone.<\/p>\n\n\n\n<h2 class=\"wp-block-heading\">Monitor widescreen n\u00e3o \u00e9 ideal para acessar a Internet<\/h2>\n\n\n\n<p>Os monitores Widescreen est\u00e3o ganhando espa\u00e7o a cada dia diante dos olhos dos usu\u00e1rios de Inform\u00e1tica. Nos notebooks novos, por exemplo, a tela Widescreen j\u00e1 \u00e9 padr\u00e3o. Os monitores seguem a tend\u00eancia impulsionada pela TV digital que adota a propor\u00e7\u00e3o de tela 16:9 e que, por sua vez, \u00e9 parecida com o formato das telas de cinema. A tela larga \u00e9 \u00f3tima para ver filme e programas de TV digital, no entanto, deixa a desejar quando o objetivo \u00e9 navegar pela Internet.<\/p>\n\n\n\n<p>Navegar na web \u00e9 o uso principal do computador para muitas pessoas, inclusive eu. Infelizmente, os sites n\u00e3o s\u00e3o pensados para a tela widescreen. As p\u00e1ginas de Internet costumam ser longas. Quando uma p\u00e1gina t\u00edpica de Internet \u00e9 exibida em monitor widescreen o resultado \u00e9 desanimador. A tela widescreen \u00e9 larga e as p\u00e1ginas s\u00e3o estreitas. O monitor wide tem pouca altura e as p\u00e1ginas web s\u00e3o longas. O resultado \u00e9 um desperd\u00edcio de \u00e1rea de tela e pouca usabilidade j\u00e1 que o usu\u00e1rio tem que ficar usando a barra de rolagem o tempo todo.<\/p>\n\n\n\n<figure class=\"wp-block-image size-large\"><img data-recalc-dims=\"1\" loading=\"lazy\" decoding=\"async\" width=\"300\" height=\"354\" data-attachment-id=\"5211\" data-permalink=\"https:\/\/radames.manosso.nom.br\/palavras\/comportamento\/reflexoes-de-um-implicante-tecnologico\/attachment\/monitor-hp-w2408\/\" data-orig-file=\"https:\/\/i0.wp.com\/radames.manosso.nom.br\/palavras\/files\/2020\/08\/monitor-hp-w2408.jpg?fit=300%2C354&amp;ssl=1\" data-orig-size=\"300,354\" data-comments-opened=\"1\" data-image-meta=\"{&quot;aperture&quot;:&quot;0&quot;,&quot;credit&quot;:&quot;&quot;,&quot;camera&quot;:&quot;&quot;,&quot;caption&quot;:&quot;&quot;,&quot;created_timestamp&quot;:&quot;0&quot;,&quot;copyright&quot;:&quot;&quot;,&quot;focal_length&quot;:&quot;0&quot;,&quot;iso&quot;:&quot;0&quot;,&quot;shutter_speed&quot;:&quot;0&quot;,&quot;title&quot;:&quot;&quot;,&quot;orientation&quot;:&quot;0&quot;}\" data-image-title=\"monitor-hp-w2408\" data-image-description=\"\" data-image-caption=\"\" data-large-file=\"https:\/\/i0.wp.com\/radames.manosso.nom.br\/palavras\/files\/2020\/08\/monitor-hp-w2408.jpg?fit=300%2C354&amp;ssl=1\" src=\"https:\/\/i0.wp.com\/radames.manosso.nom.br\/palavras\/files\/2020\/08\/monitor-hp-w2408.jpg?resize=300%2C354&#038;ssl=1\" alt=\"\" class=\"wp-image-5211\" srcset=\"https:\/\/i0.wp.com\/radames.manosso.nom.br\/palavras\/files\/2020\/08\/monitor-hp-w2408.jpg?w=300&amp;ssl=1 300w, https:\/\/i0.wp.com\/radames.manosso.nom.br\/palavras\/files\/2020\/08\/monitor-hp-w2408.jpg?resize=254%2C300&amp;ssl=1 254w\" sizes=\"auto, (max-width: 300px) 100vw, 300px\" \/><\/figure>\n\n\n\n<p>Como resolver essa parada? Redesenhar as p\u00e1ginas da web para deix\u00e1-las otimizadas ao formato widescreen n\u00e3o \u00e9 vi\u00e1vel, pois a maior parte do conte\u00fado se encaixa melhor no formato estreito e alto. O formato wide, por outro lado, \u00e9 ideal para alguns usos como exibi\u00e7\u00e3o de filmes e de planilhas. A solu\u00e7\u00e3o \u00e9 bem simples, embora pouco usada pela ind\u00fastria: basta girar o monitor, uai. Nos smartphones essa solu\u00e7\u00e3o \u00e9 bastante usada. O iPhone, por exemplo, percebe automaticamente se o usu\u00e1rio quer a tela no formato retrato ou paisagem. Na hora de ver um filme, usa-se o monitor na posi\u00e7\u00e3o paisagem que \u00e9 larga. Quando for para ler um texto longo, gira-se o monitor para a posi\u00e7\u00e3o retrato que \u00e9 alta. Simples assim. Os sistemas operacionais permitem girar o conte\u00fado da tela sem problemas, no entanto, n\u00e3o \u00e9 comum encontrar monitores com pedestal girat\u00f3rio na vertical. Enquanto esses monitores girat\u00f3rios n\u00e3o se tornarem populares o \u00fanico jeito \u00e9 virar o monitor na for\u00e7a bruta deixando o pedestal a balan\u00e7ar as perninhas. Garanto que o efeito est\u00e9tico n\u00e3o \u00e9 dos melhores.<\/p>\n\n\n\n<h2 class=\"wp-block-heading\">Quem precisa de telefone fixo?<\/h2>\n\n\n\n<p>As estat\u00edsticas mostram que muitas resid\u00eancias n\u00e3o tem&nbsp;mais telefone fixo. Nessas casas, a comunica\u00e7\u00e3o \u00e9 feita por outros meios, principalmente por telefone celular. A parcela da popula\u00e7\u00e3o que est\u00e1 abandonando o telefone fixo cresce em ritmo forte. Com a chegada de novas tecnologias de comunica\u00e7\u00e3o, mais avan\u00e7adas e com mais recursos,&nbsp;o velho telefone fixo corre risco de acabar no museu. Nesse mundo repleto de celulares e whatsapp quem precisa de telefone fixo? Eu  preciso, mas n\u00e3o \u00e9 pela necessidade de fazer liga\u00e7\u00f5es. Vou explicar:<\/p>\n\n\n\n<p>A sobrevida do telefone fixo est\u00e1 garantida enquanto vigorarem certas artimanhas de mercado. No Brasil, ainda predomina a venda casada de telefone fixo com servi\u00e7os de banda larga. L\u00e1 em casa, por exemplo, tem uma assinatura de telefone fixo para dispor da conex\u00e3o&nbsp;de Internet banda larga. Em outras palavras: assino dois servi\u00e7os: telefone fixo + conex\u00e3o ADSL. Dos dois, eu s\u00f3 precisaria da conex\u00e3o \u00e0 Internet. <\/p>\n\n\n\n<figure class=\"wp-block-image size-large\"><img data-recalc-dims=\"1\" loading=\"lazy\" decoding=\"async\" width=\"300\" height=\"300\" data-attachment-id=\"1907\" data-permalink=\"https:\/\/radames.manosso.nom.br\/palavras\/?attachment_id=1907\" data-orig-file=\"https:\/\/i0.wp.com\/radames.manosso.nom.br\/palavras\/files\/2010\/06\/terlefone-vermelho-com-dial.jpg?fit=300%2C300&amp;ssl=1\" data-orig-size=\"300,300\" data-comments-opened=\"1\" data-image-meta=\"{&quot;aperture&quot;:&quot;0&quot;,&quot;credit&quot;:&quot;&quot;,&quot;camera&quot;:&quot;&quot;,&quot;caption&quot;:&quot;&quot;,&quot;created_timestamp&quot;:&quot;0&quot;,&quot;copyright&quot;:&quot;&quot;,&quot;focal_length&quot;:&quot;0&quot;,&quot;iso&quot;:&quot;0&quot;,&quot;shutter_speed&quot;:&quot;0&quot;,&quot;title&quot;:&quot;&quot;}\" data-image-title=\"Telefone vermelho com dial\" data-image-description=\"\" data-image-caption=\"\" data-large-file=\"https:\/\/i0.wp.com\/radames.manosso.nom.br\/palavras\/files\/2010\/06\/terlefone-vermelho-com-dial.jpg?fit=300%2C300&amp;ssl=1\" src=\"https:\/\/i0.wp.com\/radames.manosso.nom.br\/palavras\/files\/2010\/06\/terlefone-vermelho-com-dial.jpg?resize=300%2C300&#038;ssl=1\" alt=\"\" class=\"wp-image-1907\" srcset=\"https:\/\/i0.wp.com\/radames.manosso.nom.br\/palavras\/files\/2010\/06\/terlefone-vermelho-com-dial.jpg?w=300&amp;ssl=1 300w, https:\/\/i0.wp.com\/radames.manosso.nom.br\/palavras\/files\/2010\/06\/terlefone-vermelho-com-dial.jpg?resize=150%2C150&amp;ssl=1 150w\" sizes=\"auto, (max-width: 300px) 100vw, 300px\" \/><\/figure>\n\n\n\n<p>O&nbsp;argumento social em favor do telefone fixo tamb\u00e9m j\u00e1 caiu por terra. Embora as tarifas do telefone fixo sejam mais baixas que as do celular,&nbsp;o custo da&nbsp;assinatura&nbsp;e as exig\u00eancias de cadastro o deixam inacess\u00edvel a muitas fam\u00edlias. Al\u00e9m do mais, essas pessoas de menor renda s\u00e3o atendidas pelos celulares pr\u00e9-pagos. O celular pr\u00e9-pago \u00e9 menos burocr\u00e1tico e, em muitos casos, fica mais barato que a alternativa fixa. Algumas pessoas veem o telefone fixo como um aparelho da fam\u00edlia, enquanto que o celular seria um artefato individual, mas t\u00eam fam\u00edlias que compartilham o mesmo&nbsp;celular, o que deixa o seu uso muito parecido com o do aparelho fixo.<\/p>\n\n\n\n<p>Chegar\u00e1 o dia em que a imensa infraestrutura da telefonia\nfixa ser\u00e1 usada apenas para trafegar dados de Internet. Nesse dia, minha conta\nmensal de conex\u00e3o cair\u00e1 pela metade e o aparelho telef\u00f4nico permanecer\u00e1 na\nestante apenas para efeitos decorativos e sentimentais. Se algum neto me\nperguntar para que servia tal engenhoca direi que dava para falar com quem\nestava longe, mas que n\u00e3o tinha v\u00eddeo, nem holograma 3D, nem cheiro.<\/p>\n\n\n\n<h2 class=\"wp-block-heading\">Pendurados por um fio<\/h2>\n\n\n\n<p>Naquela \u00e9poca primitiva em que n\u00e3o havia Internet e possuir\nlinha de telefone fixo era s\u00edmbolo de status, os pais tinham uma grande\npreocupa\u00e7\u00e3o em rela\u00e7\u00e3o aos filhos, mais especificamente com as filhas\nadolescentes: evitar que elas ficassem penduradas no telefone por horas a fio,\nsen\u00e3o, a conta no final do m\u00eas batia no teto enquanto o pai batia as costas no\nch\u00e3o ao abrir a fatura. Pois bem, as mocinhas tagarelas daquela \u00e9poca s\u00e3o as\nm\u00e3es dos adolescentes de hoje e o problema delas agora \u00e9 tirar seus filhos da\nfrente&nbsp;do computador com Internet. S\u00e3o muitos os argumentos usados para\nconvencer os filhos:<\/p>\n\n\n\n<p>\u2014 Vou ligar j\u00e1 para o seu pai.<\/p>\n\n\n\n<p>\u2014 Voc\u00ea vai estragar a vista de tanto olhar para a tela.<\/p>\n\n\n\n<p>\u2014 Vai jogar bola, pegar um ar, tomar um sol.<\/p>\n\n\n\n<p>\u2014 Assim voc\u00ea perde o contato com a realidade.<\/p>\n\n\n\n<p>\u2014 Arrume uma namorada.<\/p>\n\n\n\n<p>Agora vamos falar s\u00e9rio: cada gera\u00e7\u00e3o comete seus excessos. Muitos&nbsp; jogam videogame at\u00e9 ficar com LER e outros n\u00e3o largam o celular nem quando est\u00e3o no volante. Para n\u00e3o falar s\u00f3 dos outros, lembro que na adolesc\u00eancia, eu assistia TV por horas a fio. N\u00e3o \u00e9 de hoje, portanto, que as pessoas viciam em meios de comunica\u00e7\u00e3o e o dependuramento em fios \u00e9 um problema antigo. Por outro lado,&nbsp; ningu\u00e9m duvida que acesso barato \u00e0 tecnologia \u00e9 tudo de bom desde que apreciada com modera\u00e7\u00e3o. Ou como diria o ministro H\u00e9lio Costa das Comunica\u00e7\u00f5es, tem que \u201cdespendurar\u201d de vez em quando, gente.<\/p>\n\n\n\n<h2 class=\"wp-block-heading\">Pessoas multitarefa absorvem menos informa\u00e7\u00e3o<\/h2>\n\n\n\n<p>Esses dias, eu estava sentado \u00e0 mesa fazendo o lanche da\nnoite; a TV estava sintonizada no telejornal; minha mulher contava algo que n\u00e3o\nlembro e meu filho me perguntou se o exerc\u00edcio de matem\u00e1tica estava correto.\nNisso, deu uma not\u00edcia importante na TV, mas n\u00e3o consegui pegar porque minha\nmulher perguntava se eu tinha escutado o que ela disse e meu filho reclamava\nque o gabarito da quest\u00e3o n\u00e3o batia com a resposta que eu dei para o exerc\u00edcio.\nPor essa e por outras \u00e9 que digo: n\u00e3o basta ser multitarefa, tem que dar conta\ndo recado, o que n\u00e3o \u00e9 o meu caso. Fa\u00e7o bem feito quando fa\u00e7o uma coisa de cada\nvez.<\/p>\n\n\n\n<p>Pessoas multitarefa, as que fazem v\u00e1rias coisas ao mesmo\ntempo, existem desde o tempo das cavernas, mas foi com a chegada da tecnologia\ndigital que o modo multitarefa de ser come\u00e7ou a receber mais aten\u00e7\u00e3o e estudos\nacad\u00eamicos. Os nativos digitais, ou seja, os jovens que nasceram imersos na\ntecnologia da informa\u00e7\u00e3o, sempre s\u00e3o descritos como pessoas multitarefa,\nprincipalmente, quando se trata do uso de recursos eletr\u00f4nicos. Eles escutam\nm\u00fasica, usam o computador, falam ao telefone e fazem li\u00e7\u00e3o, tudo ao mesmo\ntempo. Com todo esse bombardeio de est\u00edmulos, era de se esperar que essa\ngarotada tivesse habilidades desenvolvidas para gerenciar informa\u00e7\u00e3o. Por\ngerenciar entenda-se a capacidade de assimilar, priorizar e reter. A gera\u00e7\u00e3o\ndigital est\u00e1 exposta a um volume de informa\u00e7\u00e3o maior do que as gera\u00e7\u00f5es\nanteriores. Al\u00e9m disso, o estilo multitarefa que predomina em suas vidas\ndeveria deix\u00e1-los por condicionamento mais h\u00e1beis para gerenciar dados\nsimult\u00e2neos. Um estudo feito na Universidade de Stanford, por\u00e9m, mostra o\ncontr\u00e1rio.<\/p>\n\n\n\n<p>Os pesquisadores de Stanford fizeram testes com dois grupos\nde jovens: um deles de pessoas caracterizadas como multitarefas ligth e outro,\nde multifarefas intensivos. Esses jovens foram submetidos a testes em que\ntinham que absorver, filtrar e reter informa\u00e7\u00e3o. Os multitarefa pesados tiveram\ndesempenho pior do que os multitarefas leves. O estudo constata fatos, n\u00e3o os\nexplica. Talvez, pessoas que n\u00e3o gerenciam bem a informa\u00e7\u00e3o tenham propens\u00e3o a\nser mais multitarefas por conta de sua dispers\u00e3o. Enquanto isso, pessoas que\ngerenciam melhor a informa\u00e7\u00e3o talvez bloqueiem voluntariamente o excesso de\nest\u00edmulos para mant\u00ea-los dentro de limites administr\u00e1veis.<\/p>\n\n\n\n<p>Eu, migrante digital, n\u00e3o sou um multitasker eficiente e n\u00e3o\nsei se quero me tornar um. N\u00e3o \u00e9 de hoje que conto o n\u00famero de janelas abertas\nno computador. O Windows Starter Edition que s\u00f3 permite abrir tr\u00eas janelas\nsimultaneamente estaria de bom tamanho para mim. Parto do princ\u00edpio que cuidar\nde uma tartaruga \u00e9 simples, cuidar de tr\u00eas tartarugas \u00e9 relativamente simples.\nCuidar de um bando de tartarugas safadas \u00e9 um s\u00e9rio problema.<\/p>\n\n\n\n<h2 class=\"wp-block-heading\">Computadores mandam<\/h2>\n\n\n\n<p>No mundo dos humanos, quando recebemos um n\u00e3o pela terceira vez conclu\u00edmos que se&nbsp;trata de um n\u00e3o definitivo e irrevog\u00e1vel. Computadores podem ser treinados para entender as regras de etiqueta da esp\u00e9cie humana. A Microsoft, por exemplo,&nbsp;tem uma equipe de programadores, psic\u00f3logos e antrop\u00f3logos para adestrar seus programas, mas a perfei\u00e7\u00e3o obviamente s\u00f3 vai ser alcan\u00e7ada no Ju\u00edzo Final.<\/p>\n\n\n\n<p>Est\u00e1 longe o dia em que teremos o controle sobre os computadores. Por enquanto, eles ainda s\u00e3o geniosos e fogem ao nosso controle frequentemente. Eu nunca entendi, por exemplo, porque que uma janela minimizada tem o topete de roubar o foco da janela ativa e se colocar diante de mim de repente\u00a0sem ser chamada. Voc\u00ea est\u00e1 fazendo uma coisa importante e sem aviso\u00a0o programa enxerido se coloca em primeiro plano como a dizer: ei, me atenda agora.\u00a0Quero porque quero que voc\u00ea me d\u00ea aten\u00e7\u00e3o. Lembram daquele fulaninho que se achava: o assistente do Office em forma de clips que abanava o rabo e que ficava aparecendo sem ser chamado para dar palpites inconvenientes? Um dia os computadores v\u00e3o ganhar a discri\u00e7\u00e3o de um mordomo ingl\u00eas, mas por enquanto ainda vivemos a era das m\u00e1quinas que sabem o que \u00e9 melhor para n\u00f3s.<\/p>\n\n\n\n<h3 class=\"wp-block-heading\">Reflex\u00f5es<\/h3>\n\n\n\n<ul class=\"wp-block-list\">\n<li><a href=\"https:\/\/radames.manosso.nom.br\/palavras\/comportamento\/datas-comemorativas-em-transformacao\/\">Datas comemorativas em transforma\u00e7\u00e3o<\/a><\/li>\n\n\n\n<li><a href=\"https:\/\/radames.manosso.nom.br\/palavras\/comportamento\/o-pioramento-genetico-do-pit-bull\/\">O pioramento gen\u00e9tico do pit bull<\/a><\/li>\n\n\n\n<li><a href=\"https:\/\/radames.manosso.nom.br\/palavras\/comportamento\/preferencia-para-quem-precisa-de-preferencia\/\">Prefer\u00eancia para quem precisa de prefer\u00eancia<\/a><\/li>\n\n\n\n<li><a href=\"https:\/\/radames.manosso.nom.br\/palavras\/comportamento\/loucos-por-listas\/\">Loucos por listas<\/a><\/li>\n\n\n\n<li><a href=\"https:\/\/radames.manosso.nom.br\/palavras\/comportamento\/em-que-fase-a-lua-esta-hoje\/\">Em que fase a lua est\u00e1 hoje?<\/a><\/li>\n\n\n\n<li><a href=\"https:\/\/radames.manosso.nom.br\/palavras\/comportamento\/as-virtudes-da-ordem-alfabetica\/\">As virtudes da ordem alfab\u00e9tica<\/a><\/li>\n\n\n\n<li><a href=\"https:\/\/radames.manosso.nom.br\/palavras\/educacao\/para-que-serve-um-caderno-de-caligrafia\/\">Para que serve um caderno de caligrafia?<\/a><\/li>\n\n\n\n<li><a href=\"https:\/\/radames.manosso.nom.br\/palavras\/comportamento\/aprendi-com-um-velho-indio\/\">Aprendi com um velho \u00edndio<\/a><\/li>\n\n\n\n<li><a href=\"https:\/\/radames.manosso.nom.br\/palavras\/comportamento\/meu-museu-tecnologico-domestico\/\">Meu museu tecnol\u00f3gico dom\u00e9stico<\/a><\/li>\n\n\n\n<li><a href=\"https:\/\/radames.manosso.nom.br\/palavras\/comportamento\/reflexoes-de-um-implicante-tecnologico\/\">Reflex\u00f5es de um implicante tecnol\u00f3gico<\/a><\/li>\n\n\n\n<li><a href=\"https:\/\/radames.manosso.nom.br\/palavras\/comportamento\/quando-o-brega-se-tornar-chique\/\">Quando o brega se tornar chique<\/a><\/li>\n\n\n\n<li><a href=\"https:\/\/radames.manosso.nom.br\/palavras\/comportamento\/o-futuro-incerto-do-nosso-passado-digital\/\">O futuro incerto do nosso passado digital<\/a><\/li>\n\n\n\n<li><a href=\"https:\/\/radames.manosso.nom.br\/palavras\/geral\/saudosa-marmelada\/\">Saudosa marmelada<\/a><\/li>\n\n\n\n<li><a href=\"https:\/\/radames.manosso.nom.br\/palavras\/politica\/biografias-chapa-branca\/\">Biografias chapa-branca<\/a><\/li>\n<\/ul>\n","protected":false},"excerpt":{"rendered":"<p>Algumas fermenta\u00e7\u00f5es mentais de um heavy user de tecnologia com senso cr\u00edtico. Tem coisas que s\u00f3 o velho desktop faz por voc\u00ea Estamos na onda dos tablets e smartphones. Eles recebem nota dez em mobilidade; a experi\u00eancia de comandar o aparelho com toques na tela sens\u00edvel \u00e9 uma beleza e os recursos de geolocaliza\u00e7\u00e3o impressionam. &hellip; <a href=\"https:\/\/radames.manosso.nom.br\/palavras\/comportamento\/reflexoes-de-um-implicante-tecnologico\/\" class=\"more-link\">Continue lendo <span class=\"screen-reader-text\">Reflex\u00f5es de um implicante tecnol\u00f3gico<\/span> <span class=\"meta-nav\">&rarr;<\/span><\/a><\/p>\n","protected":false},"author":1,"featured_media":0,"comment_status":"open","ping_status":"closed","sticky":false,"template":"","format":"standard","meta":{"jetpack_post_was_ever_published":false,"_jetpack_newsletter_access":"","_jetpack_dont_email_post_to_subs":false,"_jetpack_newsletter_tier_id":0,"_jetpack_memberships_contains_paywalled_content":false,"_jetpack_memberships_contains_paid_content":false,"footnotes":""},"categories":[6],"tags":[449],"class_list":["post-5207","post","type-post","status-publish","format-standard","hentry","category-comportamento","tag-critica"],"jetpack_featured_media_url":"","jetpack_shortlink":"https:\/\/wp.me\/p74VxW-1lZ","jetpack-related-posts":[{"id":731,"url":"https:\/\/radames.manosso.nom.br\/palavras\/educacao\/para-que-serve-um-caderno-de-caligrafia\/","url_meta":{"origin":5207,"position":0},"title":"Para que serve um caderno de caligrafia?","author":"Radam\u00e9s","date":false,"format":false,"excerpt":"J\u00e1 \u00e9 poss\u00edvel ver alunos brasileiros assistindo aula com notebook sobre a carteira. Alguns deles s\u00e3o felizardos com renda familiar para tanto. Outros s\u00e3o alunos que participam de programas de governo. Esses alunos s\u00e3o resistentes \u00e0 escrita manual. Dizem que teclar \u00e9 mais pr\u00e1tico, mais organizado, mais moderno. Uma parte\u2026","rel":"","context":"Em &quot;Educa\u00e7\u00e3o&quot;","block_context":{"text":"Educa\u00e7\u00e3o","link":"https:\/\/radames.manosso.nom.br\/palavras\/category\/educacao\/"},"img":{"alt_text":"","src":"https:\/\/i0.wp.com\/radames.manosso.nom.br\/palavras\/files\/2009\/03\/parker-duofold-ouro1.jpg?resize=350%2C200&ssl=1","width":350,"height":200},"classes":[]},{"id":7456,"url":"https:\/\/radames.manosso.nom.br\/palavras\/produtividade\/setup-tecnologico-domestico\/","url_meta":{"origin":5207,"position":1},"title":"Setup tecnol\u00f3gico dom\u00e9stico","author":"Radam\u00e9s","date":false,"format":false,"excerpt":"Quais s\u00e3o os equipamentos necess\u00e1rios em casa para ser produtivo? Depende do que voc\u00ea faz, obviamente, mas algumas coisas s\u00e3o comuns \u00e0 maioria das pessoas. Para todos Computador de trabalho O dispositivo central de qualquer setup tecnol\u00f3gico \u00e9 o computador que pode ser notebook, de mesa (desktop) ou, em alguns\u2026","rel":"","context":"Em &quot;Produtividade&quot;","block_context":{"text":"Produtividade","link":"https:\/\/radames.manosso.nom.br\/palavras\/category\/produtividade\/"},"img":{"alt_text":"impressora","src":"https:\/\/i0.wp.com\/radames.manosso.nom.br\/palavras\/files\/2025\/01\/impressora.jpg?resize=350%2C200&ssl=1","width":350,"height":200,"srcset":"https:\/\/i0.wp.com\/radames.manosso.nom.br\/palavras\/files\/2025\/01\/impressora.jpg?resize=350%2C200&ssl=1 1x, https:\/\/i0.wp.com\/radames.manosso.nom.br\/palavras\/files\/2025\/01\/impressora.jpg?resize=525%2C300&ssl=1 1.5x"},"classes":[]},{"id":7261,"url":"https:\/\/radames.manosso.nom.br\/palavras\/produtividade\/seu-backup-pessoal\/","url_meta":{"origin":5207,"position":2},"title":"Seu backup pessoal","author":"Radam\u00e9s","date":false,"format":false,"excerpt":"De vez em quando me bate uma preocupa\u00e7\u00e3o com a seguran\u00e7a de meus dados. Dura pouco tempo, mas nessa hora lembro que investi tempo e dinheiro para produzi-los e que de certa forma eles contam a hist\u00f3ria da minha vida.\u00a0Ent\u00e3o me vem \u00e0 cabe\u00e7a a lei fundamentall do backup: Mantenha\u2026","rel":"","context":"Em &quot;Produtividade&quot;","block_context":{"text":"Produtividade","link":"https:\/\/radames.manosso.nom.br\/palavras\/category\/produtividade\/"},"img":{"alt_text":"","src":"","width":0,"height":0},"classes":[]},{"id":5216,"url":"https:\/\/radames.manosso.nom.br\/palavras\/produtividade\/o-que-e-preciso-saber-para-viver-2\/","url_meta":{"origin":5207,"position":3},"title":"O que \u00e9 preciso saber para viver?","author":"Radam\u00e9s","date":"10\/08\/2020","format":false,"excerpt":"Pode parecer que estamos retomando o ideal renascentista do homem que dominava as mais variadas artes e ci\u00eancias. Se f\u00f4ssemos listar as compet\u00eancias e padr\u00f5es de comportamento esperados do profissional moderno precisar\u00edamos de muito papel e talvez a rela\u00e7\u00e3o ficasse mais extensa do que a lista de habilidades dominadas por\u2026","rel":"","context":"Em &quot;Produtividade&quot;","block_context":{"text":"Produtividade","link":"https:\/\/radames.manosso.nom.br\/palavras\/category\/produtividade\/"},"img":{"alt_text":"checklist","src":"https:\/\/i0.wp.com\/radames.manosso.nom.br\/palavras\/files\/2019\/09\/checklist.png?resize=350%2C200&ssl=1","width":350,"height":200},"classes":[]},{"id":5188,"url":"https:\/\/radames.manosso.nom.br\/palavras\/comportamento\/meu-museu-tecnologico-domestico\/","url_meta":{"origin":5207,"position":4},"title":"Meu museu tecnol\u00f3gico dom\u00e9stico","author":"Radam\u00e9s","date":"15\/07\/2020","format":false,"excerpt":"Tirei a foto juntando pe\u00e7as do meu museu dom\u00e9stico da tecnologia. Para a nova gera\u00e7\u00e3o entender vou explicar a fun\u00e7\u00e3o de cada item: M\u00e1quina de escrever. Imprime enquanto voc\u00ea digita.Globo. Google Maps 3D que n\u00e3o dava zoom.\u00a0 Alguns mostram lugares que n\u00e3o existem como Uni\u00e3o Sovi\u00e9tica, Tchecoslov\u00e1quia e Iugosl\u00e1via.M\u00e1quina fotogr\u00e1fica\u2026","rel":"","context":"Em &quot;Comportamento&quot;","block_context":{"text":"Comportamento","link":"https:\/\/radames.manosso.nom.br\/palavras\/category\/comportamento\/"},"img":{"alt_text":"","src":"","width":0,"height":0},"classes":[]},{"id":7799,"url":"https:\/\/radames.manosso.nom.br\/palavras\/produtividade\/casa-tecnologica-aparelhos\/","url_meta":{"origin":5207,"position":5},"title":"Casa tecnol\u00f3gica &#8211; aparelhos","author":"Radam\u00e9s","date":false,"format":false,"excerpt":"Neste artigo falaremos sobre os aparelhos que comp\u00f5e uma casa tecnol\u00f3gica. \u00c1udio. Forno e fog\u00e3o Lavadora de roupa. Refrigerador. Televis\u00e3o. Videogame. Oficina. Mais aparelhos. \u00c1udio No passado, era comum encontrar nas casas de classe m\u00e9dia aparelhos de som sofisticados e caros que propiciavam uma experi\u00eancia incr\u00edvel para ouvir m\u00fasica. Com\u2026","rel":"","context":"Em &quot;Produtividade&quot;","block_context":{"text":"Produtividade","link":"https:\/\/radames.manosso.nom.br\/palavras\/category\/produtividade\/"},"img":{"alt_text":"cafeteira","src":"https:\/\/i0.wp.com\/radames.manosso.nom.br\/palavras\/files\/2025\/04\/cafeteira.jpg?resize=350%2C200&ssl=1","width":350,"height":200,"srcset":"https:\/\/i0.wp.com\/radames.manosso.nom.br\/palavras\/files\/2025\/04\/cafeteira.jpg?resize=350%2C200&ssl=1 1x, https:\/\/i0.wp.com\/radames.manosso.nom.br\/palavras\/files\/2025\/04\/cafeteira.jpg?resize=525%2C300&ssl=1 1.5x"},"classes":[]}],"jetpack_sharing_enabled":true,"_links":{"self":[{"href":"https:\/\/radames.manosso.nom.br\/palavras\/wp-json\/wp\/v2\/posts\/5207","targetHints":{"allow":["GET"]}}],"collection":[{"href":"https:\/\/radames.manosso.nom.br\/palavras\/wp-json\/wp\/v2\/posts"}],"about":[{"href":"https:\/\/radames.manosso.nom.br\/palavras\/wp-json\/wp\/v2\/types\/post"}],"author":[{"embeddable":true,"href":"https:\/\/radames.manosso.nom.br\/palavras\/wp-json\/wp\/v2\/users\/1"}],"replies":[{"embeddable":true,"href":"https:\/\/radames.manosso.nom.br\/palavras\/wp-json\/wp\/v2\/comments?post=5207"}],"version-history":[{"count":6,"href":"https:\/\/radames.manosso.nom.br\/palavras\/wp-json\/wp\/v2\/posts\/5207\/revisions"}],"predecessor-version":[{"id":5766,"href":"https:\/\/radames.manosso.nom.br\/palavras\/wp-json\/wp\/v2\/posts\/5207\/revisions\/5766"}],"wp:attachment":[{"href":"https:\/\/radames.manosso.nom.br\/palavras\/wp-json\/wp\/v2\/media?parent=5207"}],"wp:term":[{"taxonomy":"category","embeddable":true,"href":"https:\/\/radames.manosso.nom.br\/palavras\/wp-json\/wp\/v2\/categories?post=5207"},{"taxonomy":"post_tag","embeddable":true,"href":"https:\/\/radames.manosso.nom.br\/palavras\/wp-json\/wp\/v2\/tags?post=5207"}],"curies":[{"name":"wp","href":"https:\/\/api.w.org\/{rel}","templated":true}]}}