{"id":5645,"date":"2021-02-15T20:10:15","date_gmt":"2021-02-15T23:10:15","guid":{"rendered":"http:\/\/radames.manosso.nom.br\/palavras\/?p=5645"},"modified":"2025-03-14T15:09:25","modified_gmt":"2025-03-14T18:09:25","slug":"redes-sociais-e-servicos-alternativos-anti-big-techs","status":"publish","type":"post","link":"https:\/\/radames.manosso.nom.br\/palavras\/comportamento\/redes-sociais-e-servicos-alternativos-anti-big-techs\/","title":{"rendered":"Redes sociais alternativas e servi\u00e7os anti Big Techs"},"content":{"rendered":"\n<p>Talvez voc\u00ea j\u00e1 tenha chegado \u00e0 conclus\u00e3o de que \u00e9 preciso buscar alternativas \u00e0s Big Techs. Os grandes servi\u00e7os digitais como Google, Facebook, YouTube, WhatsApp etc. est\u00e3o sob controle de um reduzido grupo de bilion\u00e1rios exc\u00eantricos. At\u00e9 pouco tempo atr\u00e1s esses bar\u00f5es do mundo digital eram apenas jovens nerds fundadores de startups de garagem. Em poucos anos eles acumularam poder e influ\u00eancia global. E com o poder vem o abuso do poder.<\/p>\n\n\n\n<figure class=\"wp-block-image size-full\"><a href=\"https:\/\/i0.wp.com\/radames.manosso.nom.br\/palavras\/files\/2021\/02\/tabela-redes-sociais.jpg?ssl=1\"><img data-recalc-dims=\"1\" loading=\"lazy\" decoding=\"async\" width=\"604\" height=\"571\" data-attachment-id=\"7751\" data-permalink=\"https:\/\/radames.manosso.nom.br\/palavras\/comportamento\/redes-sociais-e-servicos-alternativos-anti-big-techs\/attachment\/tabela-redes-sociais\/\" data-orig-file=\"https:\/\/i0.wp.com\/radames.manosso.nom.br\/palavras\/files\/2021\/02\/tabela-redes-sociais.jpg?fit=857%2C810&amp;ssl=1\" data-orig-size=\"857,810\" data-comments-opened=\"1\" data-image-meta=\"{&quot;aperture&quot;:&quot;0&quot;,&quot;credit&quot;:&quot;&quot;,&quot;camera&quot;:&quot;&quot;,&quot;caption&quot;:&quot;&quot;,&quot;created_timestamp&quot;:&quot;0&quot;,&quot;copyright&quot;:&quot;&quot;,&quot;focal_length&quot;:&quot;0&quot;,&quot;iso&quot;:&quot;0&quot;,&quot;shutter_speed&quot;:&quot;0&quot;,&quot;title&quot;:&quot;&quot;,&quot;orientation&quot;:&quot;0&quot;}\" data-image-title=\"Servi\u00e7os Blue pill x red pill\" data-image-description=\"&lt;p&gt;Servi\u00e7os Blue pill x red pill&lt;\/p&gt;\n\" data-image-caption=\"\" data-large-file=\"https:\/\/i0.wp.com\/radames.manosso.nom.br\/palavras\/files\/2021\/02\/tabela-redes-sociais.jpg?fit=604%2C571&amp;ssl=1\" src=\"https:\/\/i0.wp.com\/radames.manosso.nom.br\/palavras\/files\/2021\/02\/tabela-redes-sociais.jpg?resize=604%2C571&#038;ssl=1\" alt=\"Servi\u00e7os Blue pill x red pill\" class=\"wp-image-7751\" srcset=\"https:\/\/i0.wp.com\/radames.manosso.nom.br\/palavras\/files\/2021\/02\/tabela-redes-sociais.jpg?w=857&amp;ssl=1 857w, https:\/\/i0.wp.com\/radames.manosso.nom.br\/palavras\/files\/2021\/02\/tabela-redes-sociais.jpg?resize=300%2C284&amp;ssl=1 300w, https:\/\/i0.wp.com\/radames.manosso.nom.br\/palavras\/files\/2021\/02\/tabela-redes-sociais.jpg?resize=768%2C726&amp;ssl=1 768w\" sizes=\"auto, (max-width: 604px) 100vw, 604px\" \/><\/a><\/figure>\n\n\n\n<p>As Big Techs t\u00eam desrespeitado continuamente direitos do cidad\u00e3o como LIBERDADE, PRIVACIDADE e SEGURAN\u00c7A. A a\u00e7\u00e3o individual mais efetiva que podemos lan\u00e7ar m\u00e3o para nos proteger \u00e9 a DIVERSIFICA\u00c7\u00c3O. Onde alguns veem crise, outros veem oportunidade e v\u00e1rios servi\u00e7os digitais est\u00e3o surgindo como alternativa \u00e0s Big Techs.  Este artigo apresenta v\u00e1rias op\u00e7\u00f5es para voc\u00ea escapar da Matrix das Big Techs.<\/p>\n\n\n\n<!--more-->\n\n\n\n<h2 class=\"wp-block-heading\">P\u00edlula vermelha x p\u00edlula azul<\/h2>\n\n\n\n<p>Em uma cena do filme Matrix o personagem Neo tem que fazer uma escolha: tomar a p\u00edlula azul ou a p\u00edlula vermelha. Se tomar a p\u00edlula azul Neo continuar\u00e1 levando uma vida mediana, c\u00f4moda, sem maiores conflitos. Se tomar a p\u00edlula vermelha, por\u00e9m, conhecer\u00e1 a verdade.<\/p>\n\n\n\n<figure class=\"wp-block-image size-large\"><a href=\"https:\/\/i0.wp.com\/radames.manosso.nom.br\/palavras\/files\/2021\/01\/red-or-blue-pill.jpg?ssl=1\"><img data-recalc-dims=\"1\" loading=\"lazy\" decoding=\"async\" width=\"500\" height=\"289\" data-attachment-id=\"5626\" data-permalink=\"https:\/\/radames.manosso.nom.br\/palavras\/comportamento\/resistencia-ao-poder-das-big-techs\/attachment\/red-or-blue-pill\/\" data-orig-file=\"https:\/\/i0.wp.com\/radames.manosso.nom.br\/palavras\/files\/2021\/01\/red-or-blue-pill.jpg?fit=500%2C289&amp;ssl=1\" data-orig-size=\"500,289\" data-comments-opened=\"1\" data-image-meta=\"{&quot;aperture&quot;:&quot;2.8&quot;,&quot;credit&quot;:&quot;&quot;,&quot;camera&quot;:&quot;NIKON D200&quot;,&quot;caption&quot;:&quot;&quot;,&quot;created_timestamp&quot;:&quot;1157319774&quot;,&quot;copyright&quot;:&quot;&quot;,&quot;focal_length&quot;:&quot;50&quot;,&quot;iso&quot;:&quot;200&quot;,&quot;shutter_speed&quot;:&quot;0.016666666666667&quot;,&quot;title&quot;:&quot;&quot;,&quot;orientation&quot;:&quot;1&quot;}\" data-image-title=\"p\u00edlula azul x p\u00edlula vermelha\" data-image-description=\"&lt;p&gt;p\u00edlula azul x p\u00edlula vermelha&lt;\/p&gt;\n\" data-image-caption=\"\" data-large-file=\"https:\/\/i0.wp.com\/radames.manosso.nom.br\/palavras\/files\/2021\/01\/red-or-blue-pill.jpg?fit=500%2C289&amp;ssl=1\" src=\"https:\/\/i0.wp.com\/radames.manosso.nom.br\/palavras\/files\/2021\/01\/red-or-blue-pill.jpg?resize=500%2C289&#038;ssl=1\" alt=\"p\u00edlula azul x p\u00edlula vermelha\" class=\"wp-image-5626\" srcset=\"https:\/\/i0.wp.com\/radames.manosso.nom.br\/palavras\/files\/2021\/01\/red-or-blue-pill.jpg?w=500&amp;ssl=1 500w, https:\/\/i0.wp.com\/radames.manosso.nom.br\/palavras\/files\/2021\/01\/red-or-blue-pill.jpg?resize=300%2C173&amp;ssl=1 300w\" sizes=\"auto, (max-width: 500px) 100vw, 500px\" \/><\/a><\/figure>\n\n\n\n<p>Neste artigo usamos a alegoria das p\u00edlulas para diferenciar os servi\u00e7os prestados no mundo digital. Servi\u00e7os p\u00edlula azul s\u00e3o c\u00f4modos, bem conhecidos, eficientes, usados pela maioria, consolidados, hegem\u00f4nicos. No entanto, deixam a desejar nos quesitos liberdade, privacidade e seguran\u00e7a.<\/p>\n\n\n\n<p>Os servi\u00e7os p\u00edlula vermelha, por outro lado, t\u00eam limita\u00e7\u00f5es de conveni\u00eancia, efici\u00eancia, capilaridade, etc. S\u00e3o servi\u00e7os ainda em forma\u00e7\u00e3o e por conta das diretrizes que adotam n\u00e3o se equiparam aos servi\u00e7os azuis dominantes. Por\u00e9m, os servi\u00e7os red pill oferecem vantagens que podemos resumir nas tr\u00eas palavras m\u00e1gicas: liberdade, privacidade e seguran\u00e7a.<\/p>\n\n\n\n<p>Servi\u00e7os red pill precisam ser prestigiados para crescerem, precisam ser divulgados para ganharem tra\u00e7\u00e3o. Esta \u00e9 a sua parte. Acompanhe as sugest\u00f5es.<\/p>\n\n\n\n<h2 class=\"wp-block-heading\">Buscadores<\/h2>\n\n\n\n<p>Quando o assunto \u00e9 busca na Internet o Google \u00e9 rei. Google domina o mercado de buscas e se integra com todo o ecossistema Google. Google \u00e9 um servi\u00e7o p\u00edlula azul principalmente por conta da invas\u00e3o de privacidade do usu\u00e1rio. O Google rastreia tudo que o usu\u00e1rio faz no ambiente digital. H\u00e1 vantagens nisso em termos de comodidade e conveni\u00eancia, mas os algoritmos da empresa funcionam como dragas de suc\u00e7\u00e3o de informa\u00e7\u00e3o privada.<\/p>\n\n\n\n<figure class=\"wp-block-image size-large\"><a href=\"https:\/\/i0.wp.com\/radames.manosso.nom.br\/palavras\/files\/2021\/02\/buscadores-red-pill-blue-pill.jpg?ssl=1\"><img data-recalc-dims=\"1\" loading=\"lazy\" decoding=\"async\" width=\"500\" height=\"216\" data-attachment-id=\"5693\" data-permalink=\"https:\/\/radames.manosso.nom.br\/palavras\/comportamento\/redes-sociais-e-servicos-alternativos-anti-big-techs\/attachment\/buscadores-red-pill-blue-pill\/\" data-orig-file=\"https:\/\/i0.wp.com\/radames.manosso.nom.br\/palavras\/files\/2021\/02\/buscadores-red-pill-blue-pill.jpg?fit=500%2C216&amp;ssl=1\" data-orig-size=\"500,216\" data-comments-opened=\"1\" data-image-meta=\"{&quot;aperture&quot;:&quot;0&quot;,&quot;credit&quot;:&quot;&quot;,&quot;camera&quot;:&quot;&quot;,&quot;caption&quot;:&quot;&quot;,&quot;created_timestamp&quot;:&quot;0&quot;,&quot;copyright&quot;:&quot;&quot;,&quot;focal_length&quot;:&quot;0&quot;,&quot;iso&quot;:&quot;0&quot;,&quot;shutter_speed&quot;:&quot;0&quot;,&quot;title&quot;:&quot;&quot;,&quot;orientation&quot;:&quot;0&quot;}\" data-image-title=\"Buscadores red pill x blue pill\" data-image-description=\"&lt;p&gt;Buscadores red pill x blue pill&lt;\/p&gt;\n\" data-image-caption=\"\" data-large-file=\"https:\/\/i0.wp.com\/radames.manosso.nom.br\/palavras\/files\/2021\/02\/buscadores-red-pill-blue-pill.jpg?fit=500%2C216&amp;ssl=1\" src=\"https:\/\/i0.wp.com\/radames.manosso.nom.br\/palavras\/files\/2021\/02\/buscadores-red-pill-blue-pill.jpg?resize=500%2C216&#038;ssl=1\" alt=\"Buscadores red pill x blue pill\" class=\"wp-image-5693\" srcset=\"https:\/\/i0.wp.com\/radames.manosso.nom.br\/palavras\/files\/2021\/02\/buscadores-red-pill-blue-pill.jpg?w=500&amp;ssl=1 500w, https:\/\/i0.wp.com\/radames.manosso.nom.br\/palavras\/files\/2021\/02\/buscadores-red-pill-blue-pill.jpg?resize=300%2C130&amp;ssl=1 300w\" sizes=\"auto, (max-width: 500px) 100vw, 500px\" \/><\/a><\/figure>\n\n\n\n<p>O Google diz que a coleta de informa\u00e7\u00f5es visa a melhorar a experi\u00eancia e deixar a publicidade mais relevante para o usu\u00e1rio. Tudo bem, mas n\u00e3o \u00e9 s\u00f3 isso. Eles tra\u00e7am um perfil de cada usu\u00e1rio em termos pol\u00edticos, sociais e comportamentais. Aqui entramos numa \u00e1rea perigosa e, por isso, vamos falar um pouco sobre outro buscador mais compromissado com privacidade: Duck Duck Go.<\/p>\n\n\n\n<h3 class=\"wp-block-heading\">DuckDuckGo<\/h3>\n\n\n\n<p>\u201cCansado de ser rastreado online? N\u00f3s podemos ajudar.\u201d Esta \u00e9 a frase que est\u00e1 na p\u00e1gina inicial do buscador DuckDuckGo. O servi\u00e7o \u00e9 mantido por uma empresa americana que propaga aos quatro ventos que n\u00e3o rastreia usu\u00e1rios e n\u00e3o coleta informa\u00e7\u00f5es pessoais. Al\u00e9m disso, a empresa produz extens\u00f5es para os navegadores populares que visam a bloquear a coleta de dados privados.<\/p>\n\n\n\n<p>Eu fiz alguns testes comparativos Google x DuckDuckGo. Um dos testes me fez pensar. Digitei \u201cJair Bolsonaro\u201d em ambas as buscas. Apareceram resultados esperados nos dois buscadores como o verbete da Wikipedia sobre o pol\u00edtico. Al\u00e9m disso, apareceram op\u00e7\u00f5es de not\u00edcias sobre o presidente em ve\u00edculos de m\u00eddia brasileira.<\/p>\n\n\n\n<figure class=\"wp-block-image size-large\"><a href=\"https:\/\/i0.wp.com\/radames.manosso.nom.br\/palavras\/files\/2021\/02\/DuckDuckGo-logo.jpg?ssl=1\"><img data-recalc-dims=\"1\" loading=\"lazy\" decoding=\"async\" width=\"300\" height=\"80\" data-attachment-id=\"5695\" data-permalink=\"https:\/\/radames.manosso.nom.br\/palavras\/comportamento\/redes-sociais-e-servicos-alternativos-anti-big-techs\/attachment\/duckduckgo-logo\/\" data-orig-file=\"https:\/\/i0.wp.com\/radames.manosso.nom.br\/palavras\/files\/2021\/02\/DuckDuckGo-logo.jpg?fit=300%2C80&amp;ssl=1\" data-orig-size=\"300,80\" data-comments-opened=\"1\" data-image-meta=\"{&quot;aperture&quot;:&quot;0&quot;,&quot;credit&quot;:&quot;&quot;,&quot;camera&quot;:&quot;&quot;,&quot;caption&quot;:&quot;&quot;,&quot;created_timestamp&quot;:&quot;0&quot;,&quot;copyright&quot;:&quot;&quot;,&quot;focal_length&quot;:&quot;0&quot;,&quot;iso&quot;:&quot;0&quot;,&quot;shutter_speed&quot;:&quot;0&quot;,&quot;title&quot;:&quot;&quot;,&quot;orientation&quot;:&quot;1&quot;}\" data-image-title=\"DuckDuckGo logo\" data-image-description=\"&lt;p&gt;DuckDuckGo logo&lt;\/p&gt;\n\" data-image-caption=\"\" data-large-file=\"https:\/\/i0.wp.com\/radames.manosso.nom.br\/palavras\/files\/2021\/02\/DuckDuckGo-logo.jpg?fit=300%2C80&amp;ssl=1\" src=\"https:\/\/i0.wp.com\/radames.manosso.nom.br\/palavras\/files\/2021\/02\/DuckDuckGo-logo.jpg?resize=300%2C80&#038;ssl=1\" alt=\"DuckDuckGo logo\" class=\"wp-image-5695\"\/><\/a><\/figure>\n\n\n\n<p>No Google, por\u00e9m, os primeiros resultados levavam a m\u00eddias com as quais tenho maior afinidade como <em>Gazeta do Povo<\/em>. Em outras palavras: o Google conhece minhas prefer\u00eancias pol\u00edticas. O DuckDuckGo ordenou as m\u00eddias pelo porte dando destaque para a grande m\u00eddia. Percebem a diferen\u00e7a? Google, provavelmente, me conhece melhor que eu mesmo. DuckDuckGo ordena resultados a partir dos acessos. Algu\u00e9m pode dizer: que bom, o Google o conhece e isso melhora a experi\u00eancia. Ser\u00e1?<\/p>\n\n\n\n<h2 class=\"wp-block-heading\">Mensageiros<\/h2>\n\n\n\n<p>Os mensageiros s\u00e3o populares para comunica\u00e7\u00e3o privada. Whatsapp e Messenger, ambos propriedade do Facebook, s\u00e3o os mais utilizados. Estes dois servi\u00e7os s\u00e3o p\u00edlula azul por v\u00e1rios motivos: O Facebook quer acesso a informa\u00e7\u00f5es dos seus mensageiros para melhorar seu sistema de publicidade. Isso tem gerado questionamentos sobre privacidade do usu\u00e1rio.<\/p>\n\n\n\n<figure class=\"wp-block-image size-large\"><a href=\"https:\/\/i0.wp.com\/radames.manosso.nom.br\/palavras\/files\/2021\/02\/mensageiros-red-pill-blue-pill.jpg?ssl=1\"><img data-recalc-dims=\"1\" loading=\"lazy\" decoding=\"async\" width=\"500\" height=\"272\" data-attachment-id=\"5678\" data-permalink=\"https:\/\/radames.manosso.nom.br\/palavras\/comportamento\/redes-sociais-e-servicos-alternativos-anti-big-techs\/attachment\/mensageiros-red-pill-blue-pill\/\" data-orig-file=\"https:\/\/i0.wp.com\/radames.manosso.nom.br\/palavras\/files\/2021\/02\/mensageiros-red-pill-blue-pill.jpg?fit=500%2C272&amp;ssl=1\" data-orig-size=\"500,272\" data-comments-opened=\"1\" data-image-meta=\"{&quot;aperture&quot;:&quot;0&quot;,&quot;credit&quot;:&quot;&quot;,&quot;camera&quot;:&quot;&quot;,&quot;caption&quot;:&quot;&quot;,&quot;created_timestamp&quot;:&quot;0&quot;,&quot;copyright&quot;:&quot;&quot;,&quot;focal_length&quot;:&quot;0&quot;,&quot;iso&quot;:&quot;0&quot;,&quot;shutter_speed&quot;:&quot;0&quot;,&quot;title&quot;:&quot;&quot;,&quot;orientation&quot;:&quot;1&quot;}\" data-image-title=\"Mensageiros Red pill x blue pill\" data-image-description=\"&lt;p&gt;Mensageiros Red pill x blue pill&lt;\/p&gt;\n\" data-image-caption=\"\" data-large-file=\"https:\/\/i0.wp.com\/radames.manosso.nom.br\/palavras\/files\/2021\/02\/mensageiros-red-pill-blue-pill.jpg?fit=500%2C272&amp;ssl=1\" src=\"https:\/\/i0.wp.com\/radames.manosso.nom.br\/palavras\/files\/2021\/02\/mensageiros-red-pill-blue-pill.jpg?resize=500%2C272&#038;ssl=1\" alt=\"Mensageiros Red pill x blue pill\" class=\"wp-image-5678\" srcset=\"https:\/\/i0.wp.com\/radames.manosso.nom.br\/palavras\/files\/2021\/02\/mensageiros-red-pill-blue-pill.jpg?w=500&amp;ssl=1 500w, https:\/\/i0.wp.com\/radames.manosso.nom.br\/palavras\/files\/2021\/02\/mensageiros-red-pill-blue-pill.jpg?resize=300%2C163&amp;ssl=1 300w\" sizes=\"auto, (max-width: 500px) 100vw, 500px\" \/><\/a><\/figure>\n\n\n\n<p>O WhatsApp, por ser muito usado, \u00e9 o queridinho dos golpistas que levam os usu\u00e1rios a preju\u00edzos financeiros com frequ\u00eancia. O WhatsApp tamb\u00e9m tem agido politicamente de forma seletiva. Por exemplo: No Brasil, reduziu o alcance de seus grupos para evitar a propaga\u00e7\u00e3o massiva de mensagens pol\u00edticas.<\/p>\n\n\n\n<p>Falta de privacidade, inseguran\u00e7a e interven\u00e7\u00e3o pol\u00edtica tem sido as principais cr\u00edticas aos mensageiros p\u00edlula azul. E agora vamos falar sobre dois mensageiros alternativos: Signal e Telegram.<\/p>\n\n\n\n<h3 class=\"wp-block-heading\">Signal<\/h3>\n\n\n\n<p>O mensageiro Signal \u00e9 mantido por uma organiza\u00e7\u00e3o americana sem fins lucrativos e \u00e9 considerado muito seguro. <\/p>\n\n\n\n<p>As mensagens circulam sempre com criptografia de ponta a ponta e os metadados (lista de contatos, por exemplo) tamb\u00e9m ficam indispon\u00edveis para os administradores da plataforma. O protocolo de transmiss\u00e3o de dados do Signal \u00e9 pr\u00f3prio. <\/p>\n\n\n\n<p>O aplicativo n\u00e3o faz backup em nuvem, o que reduz o risco de vazamento de informa\u00e7\u00f5es. Cabe ao usu\u00e1rio se cuidar para n\u00e3o depender do que foi armazenado no mensageiro.<\/p>\n\n\n\n<figure class=\"wp-block-image size-large\"><a href=\"https:\/\/signal.org\/pt_BR\/\" target=\"_blank\" rel=\"https:\/\/signal.org\/pt_BR\/ noopener noreferrer\"><img data-recalc-dims=\"1\" loading=\"lazy\" decoding=\"async\" width=\"300\" height=\"100\" data-attachment-id=\"5676\" data-permalink=\"https:\/\/radames.manosso.nom.br\/palavras\/comportamento\/redes-sociais-e-servicos-alternativos-anti-big-techs\/attachment\/signal-logo\/\" data-orig-file=\"https:\/\/i0.wp.com\/radames.manosso.nom.br\/palavras\/files\/2021\/02\/signal-logo.png?fit=300%2C100&amp;ssl=1\" data-orig-size=\"300,100\" data-comments-opened=\"1\" data-image-meta=\"{&quot;aperture&quot;:&quot;0&quot;,&quot;credit&quot;:&quot;&quot;,&quot;camera&quot;:&quot;&quot;,&quot;caption&quot;:&quot;&quot;,&quot;created_timestamp&quot;:&quot;0&quot;,&quot;copyright&quot;:&quot;&quot;,&quot;focal_length&quot;:&quot;0&quot;,&quot;iso&quot;:&quot;0&quot;,&quot;shutter_speed&quot;:&quot;0&quot;,&quot;title&quot;:&quot;&quot;,&quot;orientation&quot;:&quot;0&quot;}\" data-image-title=\"Logo Signal\" data-image-description=\"&lt;p&gt;Logo Signal&lt;\/p&gt;\n\" data-image-caption=\"\" data-large-file=\"https:\/\/i0.wp.com\/radames.manosso.nom.br\/palavras\/files\/2021\/02\/signal-logo.png?fit=300%2C100&amp;ssl=1\" src=\"https:\/\/i0.wp.com\/radames.manosso.nom.br\/palavras\/files\/2021\/02\/signal-logo.png?resize=300%2C100&#038;ssl=1\" alt=\"Logo Signal\" class=\"wp-image-5676\"\/><\/a><\/figure>\n\n\n\n<p>O Signal promete que n\u00e3o ter\u00e1 publicidade e n\u00e3o far\u00e1 rastreamento dos usu\u00e1rios. Sem rastreamento, diminui o risco de o usu\u00e1rio ser manipulado pela plataforma.<\/p>\n\n\n\n<h3 class=\"wp-block-heading\">Telegram<\/h3>\n\n\n\n<p>O Telegram vem ganhando adeptos desde que o WhatsApp come\u00e7ou a agir de forma mais agressiva contra a privacidade dos usu\u00e1rios. \u00c9 uma empresa privada fundada por russos e com sede nos Emirados \u00c1rabes.<\/p>\n\n\n\n<p>A criptografia padr\u00e3o do Telegram \u00e9 do tipo cliente servidor, ou seja, as mensagens saem do celular e v\u00e3o criptografadas para a nuvem. Ou seja: existe um servidor intermediando a conex\u00e3o entre dois usu\u00e1rios. A empresa diz que as mensagens s\u00e3o distribu\u00eddas na nuvem e que para ter acesso a elas seria preciso vencer barreiras jur\u00eddicas de v\u00e1rios pa\u00edses.<\/p>\n\n\n\n<figure class=\"wp-block-image size-large\"><a href=\"https:\/\/web.telegram.org\/\" target=\"_blank\" rel=\"https:\/\/web.telegram.org\/ noopener noreferrer\"><img data-recalc-dims=\"1\" loading=\"lazy\" decoding=\"async\" width=\"300\" height=\"85\" data-attachment-id=\"5677\" data-permalink=\"https:\/\/radames.manosso.nom.br\/palavras\/comportamento\/redes-sociais-e-servicos-alternativos-anti-big-techs\/attachment\/telegram-logo\/\" data-orig-file=\"https:\/\/i0.wp.com\/radames.manosso.nom.br\/palavras\/files\/2021\/02\/telegram-logo.jpg?fit=300%2C85&amp;ssl=1\" data-orig-size=\"300,85\" data-comments-opened=\"1\" data-image-meta=\"{&quot;aperture&quot;:&quot;0&quot;,&quot;credit&quot;:&quot;&quot;,&quot;camera&quot;:&quot;&quot;,&quot;caption&quot;:&quot;&quot;,&quot;created_timestamp&quot;:&quot;0&quot;,&quot;copyright&quot;:&quot;&quot;,&quot;focal_length&quot;:&quot;0&quot;,&quot;iso&quot;:&quot;0&quot;,&quot;shutter_speed&quot;:&quot;0&quot;,&quot;title&quot;:&quot;&quot;,&quot;orientation&quot;:&quot;1&quot;}\" data-image-title=\"Logo Telegram\" data-image-description=\"&lt;p&gt;Logo Telegram&lt;\/p&gt;\n\" data-image-caption=\"\" data-large-file=\"https:\/\/i0.wp.com\/radames.manosso.nom.br\/palavras\/files\/2021\/02\/telegram-logo.jpg?fit=300%2C85&amp;ssl=1\" src=\"https:\/\/i0.wp.com\/radames.manosso.nom.br\/palavras\/files\/2021\/02\/telegram-logo.jpg?resize=300%2C85&#038;ssl=1\" alt=\"Logo Telegram\" class=\"wp-image-5677\"\/><\/a><\/figure>\n\n\n\n<p>Se o usu\u00e1rio quiser mais seguran\u00e7a pode adotar criptografia de ponta a ponta. Nesse caso, a passagem pelo servidor em nuvem \u00e9 eliminada. O backup do Telegram fica em sua pr\u00f3pria estrutura em nuvem reduzindo as chances de terceiros acessarem informa\u00e7\u00f5es a partir do backup. O protocolo de seguran\u00e7a do Telegram \u00e9 pr\u00f3prio. <\/p>\n\n\n\n<p>O Telegram tem sido mais r\u00edgido na prote\u00e7\u00e3o das informa\u00e7\u00f5es dos usu\u00e1rios sem ced\u00ea-las a governos e autoridades judiciais. Outro recurso que interessa a muita gente \u00e9 a possibilidade de criar grupos de Telegram com at\u00e9 200.000 membros. Isso facilita a divulga\u00e7\u00e3o em massa de informa\u00e7\u00f5es.<\/p>\n\n\n\n<h2 class=\"wp-block-heading\">Microblogs<\/h2>\n\n\n\n<p>As redes sociais de textos curtos (microblogs) s\u00e3o bastante usadas por personalidades para divulgar suas ideias, agenda e opini\u00f5es. Os usu\u00e1rios comuns, por sua vez, usam esse tipo de rede para fazer guerra de hashtags, promover ou combater ideias, pessoas e tend\u00eancias. <\/p>\n\n\n\n<figure class=\"wp-block-image size-full\"><a href=\"https:\/\/i0.wp.com\/radames.manosso.nom.br\/palavras\/files\/2021\/02\/tabela-microblogs.jpg?ssl=1\"><img data-recalc-dims=\"1\" loading=\"lazy\" decoding=\"async\" width=\"604\" height=\"395\" data-attachment-id=\"7752\" data-permalink=\"https:\/\/radames.manosso.nom.br\/palavras\/comportamento\/redes-sociais-e-servicos-alternativos-anti-big-techs\/attachment\/tabela-microblogs\/\" data-orig-file=\"https:\/\/i0.wp.com\/radames.manosso.nom.br\/palavras\/files\/2021\/02\/tabela-microblogs.jpg?fit=1004%2C657&amp;ssl=1\" data-orig-size=\"1004,657\" data-comments-opened=\"1\" data-image-meta=\"{&quot;aperture&quot;:&quot;0&quot;,&quot;credit&quot;:&quot;&quot;,&quot;camera&quot;:&quot;&quot;,&quot;caption&quot;:&quot;&quot;,&quot;created_timestamp&quot;:&quot;0&quot;,&quot;copyright&quot;:&quot;&quot;,&quot;focal_length&quot;:&quot;0&quot;,&quot;iso&quot;:&quot;0&quot;,&quot;shutter_speed&quot;:&quot;0&quot;,&quot;title&quot;:&quot;&quot;,&quot;orientation&quot;:&quot;0&quot;}\" data-image-title=\"tabela microblogs\" data-image-description=\"&lt;p&gt;tabela microblogs&lt;\/p&gt;\n\" data-image-caption=\"\" data-large-file=\"https:\/\/i0.wp.com\/radames.manosso.nom.br\/palavras\/files\/2021\/02\/tabela-microblogs.jpg?fit=604%2C395&amp;ssl=1\" src=\"https:\/\/i0.wp.com\/radames.manosso.nom.br\/palavras\/files\/2021\/02\/tabela-microblogs.jpg?resize=604%2C395&#038;ssl=1\" alt=\"tabela microblogs\" class=\"wp-image-7752\" srcset=\"https:\/\/i0.wp.com\/radames.manosso.nom.br\/palavras\/files\/2021\/02\/tabela-microblogs.jpg?w=1004&amp;ssl=1 1004w, https:\/\/i0.wp.com\/radames.manosso.nom.br\/palavras\/files\/2021\/02\/tabela-microblogs.jpg?resize=300%2C196&amp;ssl=1 300w, https:\/\/i0.wp.com\/radames.manosso.nom.br\/palavras\/files\/2021\/02\/tabela-microblogs.jpg?resize=768%2C503&amp;ssl=1 768w\" sizes=\"auto, (max-width: 604px) 100vw, 604px\" \/><\/a><\/figure>\n\n\n\n<p>O Twitter era o padr\u00e3o p\u00edlula azul desse segmento. O r\u00f3tulo p\u00edlula azul caia como uma luva no Twitter principalmente pelas pol\u00eamicas em que essa rede se envolve no campo pol\u00edtico. O Twitter baniu o ent\u00e3o presidente dos EUA Donald Trump da plataforma, s\u00f3 para exemplificar. Depois que Elon Musk comprou a plataforma mudando o nome para X a situa\u00e7\u00e3o mudou. Hoje, o X-Twitter \u00e9 considerado uma plataforma com mais liberdade de express\u00e3o, em especial, por ceder espa\u00e7o ao pensamento conservador.<\/p>\n\n\n\n<p>Outras alternativas red pill merecem ser citadas nesse segmento: Mastodon, Getrt e Parler.<\/p>\n\n\n\n<h3 class=\"wp-block-heading\">Mastodon<\/h3>\n\n\n\n<p>Mastodon n\u00e3o \u00e9 uma rede centralizada como o X-Twitter. Mastodon \u00e9 uma arquitetura federada para redes sociais de textos curtos. Lembra-nos a forma como circulam os e-mails na Internet. Existem milhares de servidores de e-mail pelo mundo afora, mas as mensagens v\u00e3o de um servidor para outro sem problema.<\/p>\n\n\n\n<figure class=\"wp-block-image size-large\"><a href=\"https:\/\/mastodon.social\/about\" target=\"_blank\" rel=\"noopener noreferrer\"><img data-recalc-dims=\"1\" loading=\"lazy\" decoding=\"async\" width=\"400\" height=\"130\" data-attachment-id=\"5663\" data-permalink=\"https:\/\/radames.manosso.nom.br\/palavras\/comportamento\/redes-sociais-e-servicos-alternativos-anti-big-techs\/attachment\/mastodon-logo\/\" data-orig-file=\"https:\/\/i0.wp.com\/radames.manosso.nom.br\/palavras\/files\/2021\/02\/mastodon-logo.png?fit=400%2C130&amp;ssl=1\" data-orig-size=\"400,130\" data-comments-opened=\"1\" data-image-meta=\"{&quot;aperture&quot;:&quot;0&quot;,&quot;credit&quot;:&quot;&quot;,&quot;camera&quot;:&quot;&quot;,&quot;caption&quot;:&quot;&quot;,&quot;created_timestamp&quot;:&quot;0&quot;,&quot;copyright&quot;:&quot;&quot;,&quot;focal_length&quot;:&quot;0&quot;,&quot;iso&quot;:&quot;0&quot;,&quot;shutter_speed&quot;:&quot;0&quot;,&quot;title&quot;:&quot;&quot;,&quot;orientation&quot;:&quot;0&quot;}\" data-image-title=\"Logo rede social Mastodon\" data-image-description=\"&lt;p&gt;Logo rede social Mastodon&lt;\/p&gt;\n\" data-image-caption=\"\" data-large-file=\"https:\/\/i0.wp.com\/radames.manosso.nom.br\/palavras\/files\/2021\/02\/mastodon-logo.png?fit=400%2C130&amp;ssl=1\" src=\"https:\/\/i0.wp.com\/radames.manosso.nom.br\/palavras\/files\/2021\/02\/mastodon-logo.png?resize=400%2C130&#038;ssl=1\" alt=\"Logo rede social Mastodon\" class=\"wp-image-5663\" srcset=\"https:\/\/i0.wp.com\/radames.manosso.nom.br\/palavras\/files\/2021\/02\/mastodon-logo.png?w=400&amp;ssl=1 400w, https:\/\/i0.wp.com\/radames.manosso.nom.br\/palavras\/files\/2021\/02\/mastodon-logo.png?resize=300%2C98&amp;ssl=1 300w\" sizes=\"auto, (max-width: 400px) 100vw, 400px\" \/><\/a><\/figure>\n\n\n\n<p>Mastodon \u00e9 uma rede de servidores independentes que conversam entre si. Nesse conceito voc\u00ea se cadastra em uma inst\u00e2ncia Mastodon, mas pode seguir pessoas de outras inst\u00e2ncias. Voc\u00ea pode compartilhar postagens de outras inst\u00e2ncias e pessoas de outras inst\u00e2ncias podem interagir com voc\u00ea.<\/p>\n\n\n\n<figure class=\"wp-block-image size-large\"><a href=\"https:\/\/i0.wp.com\/radames.manosso.nom.br\/palavras\/files\/2021\/02\/mastodon-instances.png?ssl=1\"><img data-recalc-dims=\"1\" loading=\"lazy\" decoding=\"async\" width=\"300\" height=\"264\" data-attachment-id=\"5656\" data-permalink=\"https:\/\/radames.manosso.nom.br\/palavras\/comportamento\/redes-sociais-e-servicos-alternativos-anti-big-techs\/attachment\/mastodon-instances\/\" data-orig-file=\"https:\/\/i0.wp.com\/radames.manosso.nom.br\/palavras\/files\/2021\/02\/mastodon-instances.png?fit=300%2C264&amp;ssl=1\" data-orig-size=\"300,264\" data-comments-opened=\"1\" data-image-meta=\"{&quot;aperture&quot;:&quot;0&quot;,&quot;credit&quot;:&quot;&quot;,&quot;camera&quot;:&quot;&quot;,&quot;caption&quot;:&quot;&quot;,&quot;created_timestamp&quot;:&quot;0&quot;,&quot;copyright&quot;:&quot;&quot;,&quot;focal_length&quot;:&quot;0&quot;,&quot;iso&quot;:&quot;0&quot;,&quot;shutter_speed&quot;:&quot;0&quot;,&quot;title&quot;:&quot;&quot;,&quot;orientation&quot;:&quot;0&quot;}\" data-image-title=\"Inst\u00e2ncias Mastodon\" data-image-description=\"&lt;p&gt;Inst\u00e2ncias Mastodon&lt;\/p&gt;\n\" data-image-caption=\"\" data-large-file=\"https:\/\/i0.wp.com\/radames.manosso.nom.br\/palavras\/files\/2021\/02\/mastodon-instances.png?fit=300%2C264&amp;ssl=1\" src=\"https:\/\/i0.wp.com\/radames.manosso.nom.br\/palavras\/files\/2021\/02\/mastodon-instances.png?resize=300%2C264&#038;ssl=1\" alt=\"Inst\u00e2ncias Mastodon\" class=\"wp-image-5656\"\/><\/a><\/figure>\n\n\n\n<p>Como \u00e9 uma rede distribu\u00edda, cada inst\u00e2ncia pode ter suas regras pr\u00f3prias. Isso d\u00e1 tranquilidade a quem teme ser censurado globalmente. A rede Mastodon leva a s\u00e9rio aquele conselho de vov\u00f3: n\u00e3o coloque todos os ovos na mesma cesta.<\/p>\n\n\n\n<p>A fragilidade da rede Mastodon vem do fato de n\u00e3o ser administrada por uma empresa comercial que recebe grandes investimentos para divulgar e massificar o servi\u00e7o. No entanto, seu modelo distribu\u00eddo e aberto previne o abuso de poder que acontece quando se forma um monop\u00f3lio. Uma boa combina\u00e7\u00e3o ter\u00edamos caso uma empresa capitalizada adotasse a arquitetura Mastodon para dar tra\u00e7\u00e3o a essa plataforma. <\/p>\n\n\n\n<p>Gostou da ideia? Escolha uma inst\u00e2ncia Mastodon que combina com voc\u00ea.<\/p>\n\n\n\n<ul class=\"wp-block-list\">\n<li><a href=\"https:\/\/mastodon.social\/about\" target=\"_blank\" rel=\"noreferrer noopener\">Mastodon oficial.<\/a><\/li>\n\n\n\n<li><a href=\"https:\/\/pt.wikipedia.org\/wiki\/Mastodon_(software)\" target=\"_blank\" rel=\"noreferrer noopener\">Mastodon na Wikipedia<\/a><\/li>\n\n\n\n<li><a href=\"https:\/\/instances.social\/\" target=\"_blank\" rel=\"noreferrer noopener\">Inst\u00e2ncias Mastodon<\/a><\/li>\n\n\n\n<li><a href=\"https:\/\/mas.to\/@RadamesManosso\" target=\"_blank\" rel=\"noreferrer noopener\">Meu Mastodon (Radam\u00e9s Manosso)<\/a><\/li>\n<\/ul>\n\n\n\n<h3 class=\"wp-block-heading\">Parler<\/h3>\n\n\n\n<p>A rede Parler se colocou como uma alternativa e come\u00e7ou a ganhar visibilidade principalmente depois que o ent\u00e3o presidente Donald Trump aderiu \u00e0 plataforma. Al\u00e9m de Trump outras vozes \u00e0 direita no espectro pol\u00edtico entraram no Parler.<\/p>\n\n\n\n<figure class=\"wp-block-image size-large\"><a href=\"https:\/\/parler.com\/\" target=\"_blank\" rel=\"noopener noreferrer\"><img data-recalc-dims=\"1\" loading=\"lazy\" decoding=\"async\" width=\"400\" height=\"96\" data-attachment-id=\"5665\" data-permalink=\"https:\/\/radames.manosso.nom.br\/palavras\/comportamento\/redes-sociais-e-servicos-alternativos-anti-big-techs\/attachment\/parler-logo\/\" data-orig-file=\"https:\/\/i0.wp.com\/radames.manosso.nom.br\/palavras\/files\/2021\/02\/parler-logo.jpeg?fit=400%2C96&amp;ssl=1\" data-orig-size=\"400,96\" data-comments-opened=\"1\" data-image-meta=\"{&quot;aperture&quot;:&quot;0&quot;,&quot;credit&quot;:&quot;&quot;,&quot;camera&quot;:&quot;&quot;,&quot;caption&quot;:&quot;&quot;,&quot;created_timestamp&quot;:&quot;0&quot;,&quot;copyright&quot;:&quot;&quot;,&quot;focal_length&quot;:&quot;0&quot;,&quot;iso&quot;:&quot;0&quot;,&quot;shutter_speed&quot;:&quot;0&quot;,&quot;title&quot;:&quot;&quot;,&quot;orientation&quot;:&quot;1&quot;}\" data-image-title=\"Logo rede social Parler\" data-image-description=\"&lt;p&gt;Logo rede social Parler&lt;\/p&gt;\n\" data-image-caption=\"\" data-large-file=\"https:\/\/i0.wp.com\/radames.manosso.nom.br\/palavras\/files\/2021\/02\/parler-logo.jpeg?fit=400%2C96&amp;ssl=1\" src=\"https:\/\/i0.wp.com\/radames.manosso.nom.br\/palavras\/files\/2021\/02\/parler-logo.jpeg?resize=400%2C96&#038;ssl=1\" alt=\"Logo rede social Parler\" class=\"wp-image-5665\" srcset=\"https:\/\/i0.wp.com\/radames.manosso.nom.br\/palavras\/files\/2021\/02\/parler-logo.jpeg?w=400&amp;ssl=1 400w, https:\/\/i0.wp.com\/radames.manosso.nom.br\/palavras\/files\/2021\/02\/parler-logo.jpeg?resize=300%2C72&amp;ssl=1 300w\" sizes=\"auto, (max-width: 400px) 100vw, 400px\" \/><\/a><\/figure>\n\n\n\n<p>No in\u00edcio de 2021 o Parler foi derrubado pelas Big Techs. Apple e Google baniram o Parler de suas lojas de aplicativos e a Amazon removeu o Parler de seus servidores. A empresa est\u00e1 restaurando o servi\u00e7o e tentando encontrar op\u00e7\u00f5es seguras para operar.<\/p>\n\n\n\n<p>A grande imprensa tenta colar no Parler o r\u00f3tulo de reduto da extrema direita. Outra rede similar, o Gab, tamb\u00e9m enfrenta esse tipo de desconstru\u00e7\u00e3o. Uma an\u00e1lise mais ponderada, por\u00e9m, nos mostra que redes p\u00edlula azultamb\u00e9m est\u00e3o infiltradas por direitistas radicais, al\u00e9m de outros radicais para todos os gostos.<\/p>\n\n\n\n<p>N\u00e3o vamos nos iludir: a grande m\u00eddia vai desqualificar qualquer iniciativa que se coloque como op\u00e7\u00e3o \u00e0s redes azuis. Qualquer pensamento dissonante da hegemonia progressista ser\u00e1 rotulado como extremista. Mas se voc\u00ea n\u00e3o est\u00e1 mais na esfera de influ\u00eancia da grande m\u00eddia, conhe\u00e7a o Parler nos links abaixo.<\/p>\n\n\n\n<ul class=\"wp-block-list\">\n<li><a href=\"https:\/\/parler.com\/\" target=\"_blank\" rel=\"noreferrer noopener\">Parler oficial<\/a><\/li>\n\n\n\n<li><a href=\"https:\/\/pt.wikipedia.org\/wiki\/Parler\" target=\"_blank\" rel=\"noreferrer noopener\">Parler na Wikipedia<\/a><\/li>\n\n\n\n<li><a href=\"https:\/\/parler.com\/profile\/Radamesm\/posts\" target=\"_blank\" rel=\"noreferrer noopener\">Meu Parler (Radam\u00e9s Manosso)<\/a><\/li>\n<\/ul>\n\n\n\n<h2 class=\"wp-block-heading\">Navegadores<\/h2>\n\n\n\n<p>H\u00e1 pelo menos uma dezena de navegadores de Internet para voc\u00ea escolher. O mais usado \u00e9 o Chrome que faz parte do ecossistema Google. Como todos os produtos e servi\u00e7os desta empresa o Chrome \u00e9 uma m\u00e1quina de rastreamento de usu\u00e1rios. <\/p>\n\n\n\n<figure class=\"wp-block-image size-large\"><a href=\"https:\/\/i0.wp.com\/radames.manosso.nom.br\/palavras\/files\/2021\/02\/tabela-navegadores.jpg?ssl=1\"><img data-recalc-dims=\"1\" loading=\"lazy\" decoding=\"async\" width=\"604\" height=\"274\" data-attachment-id=\"7754\" data-permalink=\"https:\/\/radames.manosso.nom.br\/palavras\/comportamento\/redes-sociais-e-servicos-alternativos-anti-big-techs\/attachment\/tabela-navegadores\/\" data-orig-file=\"https:\/\/i0.wp.com\/radames.manosso.nom.br\/palavras\/files\/2021\/02\/tabela-navegadores.jpg?fit=1034%2C470&amp;ssl=1\" data-orig-size=\"1034,470\" data-comments-opened=\"1\" data-image-meta=\"{&quot;aperture&quot;:&quot;0&quot;,&quot;credit&quot;:&quot;&quot;,&quot;camera&quot;:&quot;&quot;,&quot;caption&quot;:&quot;&quot;,&quot;created_timestamp&quot;:&quot;0&quot;,&quot;copyright&quot;:&quot;&quot;,&quot;focal_length&quot;:&quot;0&quot;,&quot;iso&quot;:&quot;0&quot;,&quot;shutter_speed&quot;:&quot;0&quot;,&quot;title&quot;:&quot;&quot;,&quot;orientation&quot;:&quot;0&quot;}\" data-image-title=\"tabela-navegadores\" data-image-description=\"&lt;p&gt;tabela-navegadores&lt;\/p&gt;\n\" data-image-caption=\"\" data-large-file=\"https:\/\/i0.wp.com\/radames.manosso.nom.br\/palavras\/files\/2021\/02\/tabela-navegadores.jpg?fit=604%2C274&amp;ssl=1\" src=\"https:\/\/i0.wp.com\/radames.manosso.nom.br\/palavras\/files\/2021\/02\/tabela-navegadores.jpg?resize=604%2C274&#038;ssl=1\" alt=\"tabela-navegadores\" class=\"wp-image-7754\" srcset=\"https:\/\/i0.wp.com\/radames.manosso.nom.br\/palavras\/files\/2021\/02\/tabela-navegadores.jpg?resize=1024%2C465&amp;ssl=1 1024w, https:\/\/i0.wp.com\/radames.manosso.nom.br\/palavras\/files\/2021\/02\/tabela-navegadores.jpg?resize=300%2C136&amp;ssl=1 300w, https:\/\/i0.wp.com\/radames.manosso.nom.br\/palavras\/files\/2021\/02\/tabela-navegadores.jpg?resize=768%2C349&amp;ssl=1 768w, https:\/\/i0.wp.com\/radames.manosso.nom.br\/palavras\/files\/2021\/02\/tabela-navegadores.jpg?w=1034&amp;ssl=1 1034w\" sizes=\"auto, (max-width: 604px) 100vw, 604px\" \/><\/a><\/figure>\n\n\n\n<p>Tudo que voc\u00ea faz no navegador Chrome ser\u00e1 usado para melhor a experi\u00eancia &#8230; do Google. Apesar da \u00f3tima integra\u00e7\u00e3o com os demais servi\u00e7os Google, o Chrome \u00e9 o t\u00edpico navegador blue pill.<\/p>\n\n\n\n<h3 class=\"wp-block-heading\">Firefox<\/h3>\n\n\n\n<p>O navegador Firefox \u00e9 mantido pela Funda\u00e7\u00e3o Mozilla que se dedica \u00e0 produ\u00e7\u00e3o de solu\u00e7\u00f5es de c\u00f3digo aberto. Firefox \u00e9 o decano dos navegadores e fica como sugest\u00e3o  para aqueles que querem navegar com mais privacidade. <\/p>\n\n\n\n<p>Na configura\u00e7\u00e3o padr\u00e3o o Firefox n\u00e3o \u00e9 muito r\u00edgido na privacidade, mas \u00e9 poss\u00edvel ir na \u00e1rea de configura\u00e7\u00f5es e blindar o navegador ao gosto do cliente.<\/p>\n\n\n\n<figure class=\"wp-block-image size-large\"><a href=\"https:\/\/www.mozilla.org\/pt-BR\/firefox\/new\/\" target=\"_blank\" rel=\"noopener noreferrer\"><img data-recalc-dims=\"1\" loading=\"lazy\" decoding=\"async\" width=\"300\" height=\"114\" data-attachment-id=\"5704\" data-permalink=\"https:\/\/radames.manosso.nom.br\/palavras\/comportamento\/redes-sociais-e-servicos-alternativos-anti-big-techs\/attachment\/firefox-logo\/\" data-orig-file=\"https:\/\/i0.wp.com\/radames.manosso.nom.br\/palavras\/files\/2021\/02\/firefox-logo.jpg?fit=300%2C114&amp;ssl=1\" data-orig-size=\"300,114\" data-comments-opened=\"1\" data-image-meta=\"{&quot;aperture&quot;:&quot;0&quot;,&quot;credit&quot;:&quot;&quot;,&quot;camera&quot;:&quot;&quot;,&quot;caption&quot;:&quot;&quot;,&quot;created_timestamp&quot;:&quot;0&quot;,&quot;copyright&quot;:&quot;&quot;,&quot;focal_length&quot;:&quot;0&quot;,&quot;iso&quot;:&quot;0&quot;,&quot;shutter_speed&quot;:&quot;0&quot;,&quot;title&quot;:&quot;&quot;,&quot;orientation&quot;:&quot;1&quot;}\" data-image-title=\"Firefox logo\" data-image-description=\"&lt;p&gt;Firefox logo&lt;\/p&gt;\n\" data-image-caption=\"\" data-large-file=\"https:\/\/i0.wp.com\/radames.manosso.nom.br\/palavras\/files\/2021\/02\/firefox-logo.jpg?fit=300%2C114&amp;ssl=1\" src=\"https:\/\/i0.wp.com\/radames.manosso.nom.br\/palavras\/files\/2021\/02\/firefox-logo.jpg?resize=300%2C114&#038;ssl=1\" alt=\"Firefox logo\" class=\"wp-image-5704\"\/><\/a><\/figure>\n\n\n\n<p>Existem navegadores com mais recursos de privacidade como Brave e Tor para pessoas que precisam de n\u00edveis de privacidade muito altos.<\/p>\n\n\n\n<h2 class=\"wp-block-heading\">Redes sociais horizontais<\/h2>\n\n\n\n<p>As redes sociais onde todos falam sobre tudo (horizontais) deveriam funcionar como uma \u00e1gora, ou seja, aquela pra\u00e7a p\u00fablica da Antiga Gr\u00e9cia onde os cidad\u00e3os se re\u00fanem para discutir livremente os assuntos da sociedade. N\u00e3o \u00e9 o que acontece.<\/p>\n\n\n\n<figure class=\"wp-block-image size-large\"><a href=\"https:\/\/i0.wp.com\/radames.manosso.nom.br\/palavras\/files\/2021\/02\/redes-sociais-red-pill-blue-pill.jpg?ssl=1\"><img data-recalc-dims=\"1\" loading=\"lazy\" decoding=\"async\" width=\"500\" height=\"201\" data-attachment-id=\"5714\" data-permalink=\"https:\/\/radames.manosso.nom.br\/palavras\/comportamento\/redes-sociais-e-servicos-alternativos-anti-big-techs\/attachment\/redes-sociais-red-pill-blue-pill\/\" data-orig-file=\"https:\/\/i0.wp.com\/radames.manosso.nom.br\/palavras\/files\/2021\/02\/redes-sociais-red-pill-blue-pill.jpg?fit=500%2C201&amp;ssl=1\" data-orig-size=\"500,201\" data-comments-opened=\"1\" data-image-meta=\"{&quot;aperture&quot;:&quot;0&quot;,&quot;credit&quot;:&quot;&quot;,&quot;camera&quot;:&quot;&quot;,&quot;caption&quot;:&quot;&quot;,&quot;created_timestamp&quot;:&quot;0&quot;,&quot;copyright&quot;:&quot;&quot;,&quot;focal_length&quot;:&quot;0&quot;,&quot;iso&quot;:&quot;0&quot;,&quot;shutter_speed&quot;:&quot;0&quot;,&quot;title&quot;:&quot;&quot;,&quot;orientation&quot;:&quot;0&quot;}\" data-image-title=\"Redes sociais red pill x blue pill\" data-image-description=\"&lt;p&gt;Redes sociais red pill x blue pill&lt;\/p&gt;\n\" data-image-caption=\"\" data-large-file=\"https:\/\/i0.wp.com\/radames.manosso.nom.br\/palavras\/files\/2021\/02\/redes-sociais-red-pill-blue-pill.jpg?fit=500%2C201&amp;ssl=1\" src=\"https:\/\/i0.wp.com\/radames.manosso.nom.br\/palavras\/files\/2021\/02\/redes-sociais-red-pill-blue-pill.jpg?resize=500%2C201&#038;ssl=1\" alt=\"Redes sociais red pill x blue pill\" class=\"wp-image-5714\" srcset=\"https:\/\/i0.wp.com\/radames.manosso.nom.br\/palavras\/files\/2021\/02\/redes-sociais-red-pill-blue-pill.jpg?w=500&amp;ssl=1 500w, https:\/\/i0.wp.com\/radames.manosso.nom.br\/palavras\/files\/2021\/02\/redes-sociais-red-pill-blue-pill.jpg?resize=300%2C121&amp;ssl=1 300w\" sizes=\"auto, (max-width: 500px) 100vw, 500px\" \/><\/a><\/figure>\n\n\n\n<p>A rede social horizontal dominante \u00e9 o Facebook, que est\u00e1 no topo em n\u00famero de usu\u00e1rios no mundo. O Facebook pisa na bola nos tr\u00eas quesitos fundamentais: liberdade, privacidade e seguran\u00e7a.  Encontrar uma alternativa para o Facebook n\u00e3o \u00e9 simples, pois a empresa de Zuckerberg dizimou a concorr\u00eancia.  A sugest\u00e3o que apresentamos \u00e9 o MeWe.<\/p>\n\n\n\n<h3 class=\"wp-block-heading\">MeWe<\/h3>\n\n\n\n<p>Estou na fase de testes com a rede social MeWe, mas me chama a aten\u00e7\u00e3o que eles declaram na sua p\u00e1gina inicial compromisso com liberdade, privacidade e seguran\u00e7a. \u00c9 uma rede que funciona redondo e pode agradar quem gosta deste tipo de plataforma.<\/p>\n\n\n\n<figure class=\"wp-block-image size-large\"><a href=\"https:\/\/mewe.com\/\" target=\"_blank\" rel=\"noopener noreferrer\"><img data-recalc-dims=\"1\" loading=\"lazy\" decoding=\"async\" width=\"388\" height=\"165\" data-attachment-id=\"5711\" data-permalink=\"https:\/\/radames.manosso.nom.br\/palavras\/comportamento\/redes-sociais-e-servicos-alternativos-anti-big-techs\/attachment\/mewe-logo\/\" data-orig-file=\"https:\/\/i0.wp.com\/radames.manosso.nom.br\/palavras\/files\/2021\/02\/mewe-logo.png?fit=388%2C165&amp;ssl=1\" data-orig-size=\"388,165\" data-comments-opened=\"1\" data-image-meta=\"{&quot;aperture&quot;:&quot;0&quot;,&quot;credit&quot;:&quot;&quot;,&quot;camera&quot;:&quot;&quot;,&quot;caption&quot;:&quot;&quot;,&quot;created_timestamp&quot;:&quot;0&quot;,&quot;copyright&quot;:&quot;&quot;,&quot;focal_length&quot;:&quot;0&quot;,&quot;iso&quot;:&quot;0&quot;,&quot;shutter_speed&quot;:&quot;0&quot;,&quot;title&quot;:&quot;&quot;,&quot;orientation&quot;:&quot;0&quot;}\" data-image-title=\"mewe logo\" data-image-description=\"&lt;p&gt;mewe logo&lt;\/p&gt;\n\" data-image-caption=\"\" data-large-file=\"https:\/\/i0.wp.com\/radames.manosso.nom.br\/palavras\/files\/2021\/02\/mewe-logo.png?fit=388%2C165&amp;ssl=1\" src=\"https:\/\/i0.wp.com\/radames.manosso.nom.br\/palavras\/files\/2021\/02\/mewe-logo.png?resize=388%2C165&#038;ssl=1\" alt=\"mewe logo\" class=\"wp-image-5711\" srcset=\"https:\/\/i0.wp.com\/radames.manosso.nom.br\/palavras\/files\/2021\/02\/mewe-logo.png?w=388&amp;ssl=1 388w, https:\/\/i0.wp.com\/radames.manosso.nom.br\/palavras\/files\/2021\/02\/mewe-logo.png?resize=300%2C128&amp;ssl=1 300w\" sizes=\"auto, (max-width: 388px) 100vw, 388px\" \/><\/a><\/figure>\n\n\n\n<ul class=\"wp-block-list\">\n<li><a href=\"https:\/\/mewe.com\/\" target=\"_blank\" rel=\"noreferrer noopener\">MeWe oficial<\/a><\/li>\n\n\n\n<li><a href=\"https:\/\/en.wikipedia.org\/wiki\/MeWe\" target=\"_blank\" rel=\"noreferrer noopener\">MeWe na Wikipedia<\/a><\/li>\n\n\n\n<li><a href=\"https:\/\/mewe.com\/i\/radam%C3%A9smanosso\" target=\"_blank\" rel=\"noreferrer noopener\">Meu MeWe (Radam\u00e9s Manosso)<\/a><\/li>\n<\/ul>\n\n\n\n<h2 class=\"wp-block-heading\">Lista de redes sociais e servi\u00e7os red pill ou blue pill<\/h2>\n\n\n\n<p>Na tabela abaixo temos uma lista de servi\u00e7os de Internet classificados pelos crit\u00e9rios red pill x blue pill.  As redes p\u00edlula vermelha s\u00e3o comprometidas com liberdade, privacidade e seguran\u00e7a. <\/p>\n\n\n\n<p>As redes p\u00edlula azul tem hist\u00f3rico de de abuso de poder contra os interesses do usu\u00e1rios. Est\u00e3o na lista servi\u00e7os controlados pelas principais big techs ou por governos antidemocr\u00e1ticos como \u00e9 o caso dos servi\u00e7os sediados na China.<\/p>\n\n\n\n<table id=\"tablepress-7\" class=\"tablepress tablepress-id-7\">\n<thead>\n<tr class=\"row-1\">\n\t<th class=\"column-1\">Servi\u00e7o<\/th><th class=\"column-2\">Finalidade<\/th><th class=\"column-3\">Red x Blue<\/th>\n<\/tr>\n<\/thead>\n<tbody class=\"row-striping row-hover\">\n<tr class=\"row-2\">\n\t<td class=\"column-1\">DuckDuckGo<\/td><td class=\"column-2\">Buscador<\/td><td class=\"column-3\">Red<\/td>\n<\/tr>\n<tr class=\"row-3\">\n\t<td class=\"column-1\">PeerTube<\/td><td class=\"column-2\">Compartilhamento de v\u00eddeo<\/td><td class=\"column-3\">Red<\/td>\n<\/tr>\n<tr class=\"row-4\">\n\t<td class=\"column-1\">Rumble<\/td><td class=\"column-2\">Compartilhamento de v\u00eddeo<\/td><td class=\"column-3\">Red<\/td>\n<\/tr>\n<tr class=\"row-5\">\n\t<td class=\"column-1\">Signal<\/td><td class=\"column-2\">Mensageiro<\/td><td class=\"column-3\">Red<\/td>\n<\/tr>\n<tr class=\"row-6\">\n\t<td class=\"column-1\">Telegram<\/td><td class=\"column-2\">Mensageiro<\/td><td class=\"column-3\">Red<\/td>\n<\/tr>\n<tr class=\"row-7\">\n\t<td class=\"column-1\">Gab<\/td><td class=\"column-2\">Microblog<\/td><td class=\"column-3\">Red<\/td>\n<\/tr>\n<tr class=\"row-8\">\n\t<td class=\"column-1\">Mastodon<\/td><td class=\"column-2\">Microblog<\/td><td class=\"column-3\">Red<\/td>\n<\/tr>\n<tr class=\"row-9\">\n\t<td class=\"column-1\">Parler<\/td><td class=\"column-2\">Microblog<\/td><td class=\"column-3\">Red<\/td>\n<\/tr>\n<tr class=\"row-10\">\n\t<td class=\"column-1\">Brave<\/td><td class=\"column-2\">Navegador<\/td><td class=\"column-3\">Red<\/td>\n<\/tr>\n<tr class=\"row-11\">\n\t<td class=\"column-1\">Firefox<\/td><td class=\"column-2\">Navegador<\/td><td class=\"column-3\">Red<\/td>\n<\/tr>\n<tr class=\"row-12\">\n\t<td class=\"column-1\">Tor<\/td><td class=\"column-2\">Navegador<\/td><td class=\"column-3\">Red<\/td>\n<\/tr>\n<tr class=\"row-13\">\n\t<td class=\"column-1\">Ello<\/td><td class=\"column-2\">Rede social horizontal<\/td><td class=\"column-3\">Red<\/td>\n<\/tr>\n<tr class=\"row-14\">\n\t<td class=\"column-1\">MeWe<\/td><td class=\"column-2\">Rede social horizontal<\/td><td class=\"column-3\">Red<\/td>\n<\/tr>\n<tr class=\"row-15\">\n\t<td class=\"column-1\">Vero<\/td><td class=\"column-2\">Rede social horizontal<\/td><td class=\"column-3\">Red<\/td>\n<\/tr>\n<tr class=\"row-16\">\n\t<td class=\"column-1\">Bing<\/td><td class=\"column-2\">Buscador<\/td><td class=\"column-3\">Blue<\/td>\n<\/tr>\n<tr class=\"row-17\">\n\t<td class=\"column-1\">Google<\/td><td class=\"column-2\">Buscador<\/td><td class=\"column-3\">Blue<\/td>\n<\/tr>\n<tr class=\"row-18\">\n\t<td class=\"column-1\">Yahoo<\/td><td class=\"column-2\">Buscador<\/td><td class=\"column-3\">Blue<\/td>\n<\/tr>\n<tr class=\"row-19\">\n\t<td class=\"column-1\">Quaishou<\/td><td class=\"column-2\">Compartilhamento de v\u00eddeo<\/td><td class=\"column-3\">blue<\/td>\n<\/tr>\n<tr class=\"row-20\">\n\t<td class=\"column-1\">YouTube<\/td><td class=\"column-2\">Compartilhamento de v\u00eddeo<\/td><td class=\"column-3\">Blue<\/td>\n<\/tr>\n<tr class=\"row-21\">\n\t<td class=\"column-1\">Facebook Messenger<\/td><td class=\"column-2\">Mensageiro<\/td><td class=\"column-3\">Blue<\/td>\n<\/tr>\n<tr class=\"row-22\">\n\t<td class=\"column-1\">Skype<\/td><td class=\"column-2\">Mensageiro<\/td><td class=\"column-3\">Blue<\/td>\n<\/tr>\n<tr class=\"row-23\">\n\t<td class=\"column-1\">X-Twitter<\/td><td class=\"column-2\">Microblog<\/td><td class=\"column-3\">Red<\/td>\n<\/tr>\n<tr class=\"row-24\">\n\t<td class=\"column-1\">Chrome<\/td><td class=\"column-2\">Navegador<\/td><td class=\"column-3\">Blue<\/td>\n<\/tr>\n<tr class=\"row-25\">\n\t<td class=\"column-1\">Edge<\/td><td class=\"column-2\">Navegador<\/td><td class=\"column-3\">Blue<\/td>\n<\/tr>\n<tr class=\"row-26\">\n\t<td class=\"column-1\">Safari<\/td><td class=\"column-2\">Navegador<\/td><td class=\"column-3\">Blue<\/td>\n<\/tr>\n<tr class=\"row-27\">\n\t<td class=\"column-1\">Facebook<\/td><td class=\"column-2\">Rede social horizontal<\/td><td class=\"column-3\">Blue<\/td>\n<\/tr>\n<tr class=\"row-28\">\n\t<td class=\"column-1\">Instagram<\/td><td class=\"column-2\">Rede social horizontal<\/td><td class=\"column-3\">Blue<\/td>\n<\/tr>\n<tr class=\"row-29\">\n\t<td class=\"column-1\">QZone<\/td><td class=\"column-2\">Rede social horizontal<\/td><td class=\"column-3\">Blue<\/td>\n<\/tr>\n<tr class=\"row-30\">\n\t<td class=\"column-1\">TikTok<\/td><td class=\"column-2\">Rede social horizontal<\/td><td class=\"column-3\">Blue<\/td>\n<\/tr>\n<tr class=\"row-31\">\n\t<td class=\"column-1\">WeChat<\/td><td class=\"column-2\">Rede social horizontal<\/td><td class=\"column-3\">Blue<\/td>\n<\/tr>\n<tr class=\"row-32\">\n\t<td class=\"column-1\">Weibo<\/td><td class=\"column-2\">Rede social horizontal<\/td><td class=\"column-3\">Blue<\/td>\n<\/tr>\n<tr class=\"row-33\">\n\t<td class=\"column-1\">Linkedin<\/td><td class=\"column-2\">Rede social vertical<\/td><td class=\"column-3\">Blue<\/td>\n<\/tr>\n<tr class=\"row-34\">\n\t<td class=\"column-1\">Yammer<\/td><td class=\"column-2\">Rede social vertical<\/td><td class=\"column-3\">Blue<\/td>\n<\/tr>\n<\/tbody>\n<\/table>\n\n\n\n\n<div class=\"wp-block-group\"><div class=\"wp-block-group__inner-container is-layout-constrained wp-block-group-is-layout-constrained\">\n<h3 class=\"wp-block-heading\">Fuga da Matrix<\/h3>\n\n\n\n<ul id=\"block-4ab13a54-6962-4a2b-ad40-dba4c34e3bea\" class=\"wp-block-list\">\n<li><a href=\"https:\/\/radames.manosso.nom.br\/palavras\/geral\/desaforismos-e-pensamentos-incorretos\/\">Desaforismos e pensamentos incorretos<\/a><\/li>\n\n\n\n<li><a href=\"https:\/\/radames.manosso.nom.br\/palavras\/comportamento\/meu-balanco-redpill\/\">Meu balan\u00e7o redpill<\/a><\/li>\n\n\n\n<li><a href=\"https:\/\/radames.manosso.nom.br\/palavras\/comportamento\/redes-sociais-e-servicos-alternativos-anti-big-techs\/\">Redes sociais e servi\u00e7os alternativos anti Big Techs<\/a><\/li>\n\n\n\n<li><a href=\"https:\/\/radames.manosso.nom.br\/palavras\/comportamento\/resistencia-ao-poder-das-big-techs\/\">Resist\u00eancia ao poder das Big Techs<\/a><\/li>\n\n\n\n<li><a href=\"https:\/\/radames.manosso.nom.br\/palavras\/comportamento\/13-motivos-para-sair-do-facebook\/\">13 motivos para sair do Facebook<\/a><\/li>\n\n\n\n<li><a href=\"https:\/\/radames.manosso.nom.br\/palavras\/comportamento\/como-nao-fazer-uma-foto-de-perfil\/\">Como n\u00e3o fazer uma foto de perfil<\/a><\/li>\n\n\n\n<li><a href=\"https:\/\/radames.manosso.nom.br\/palavras\/comportamento\/dez-habilidades-da-mulher-moderna\/\">Dez habilidades da mulher moderna<\/a><\/li>\n\n\n\n<li><a href=\"https:\/\/radames.manosso.nom.br\/palavras\/comportamento\/as-mulheres-preferem-os-inteligentes\/\">As mulheres preferem os inteligentes?<\/a><\/li>\n\n\n\n<li><a href=\"https:\/\/radames.manosso.nom.br\/palavras\/comportamento\/a-feminista-e-o-galao-de-agua-mineral\/\">O feminista e o gal\u00e3o de \u00e1gua mineral<\/a><\/li>\n\n\n\n<li><a href=\"https:\/\/radames.manosso.nom.br\/palavras\/politica\/pequeno-dicionario-politicamente-incorreto\/\">Pequeno dicion\u00e1rio politicamente incorreto<\/a><\/li>\n<\/ul>\n<\/div><\/div>\n","protected":false},"excerpt":{"rendered":"<p>Talvez voc\u00ea j\u00e1 tenha chegado \u00e0 conclus\u00e3o de que \u00e9 preciso buscar alternativas \u00e0s Big Techs. Os grandes servi\u00e7os digitais como Google, Facebook, YouTube, WhatsApp etc. est\u00e3o sob controle de um reduzido grupo de bilion\u00e1rios exc\u00eantricos. At\u00e9 pouco tempo atr\u00e1s esses bar\u00f5es do mundo digital eram apenas jovens nerds fundadores de startups de garagem. Em &hellip; <a href=\"https:\/\/radames.manosso.nom.br\/palavras\/comportamento\/redes-sociais-e-servicos-alternativos-anti-big-techs\/\" class=\"more-link\">Continue lendo <span class=\"screen-reader-text\">Redes sociais alternativas e servi\u00e7os anti Big Techs<\/span> <span class=\"meta-nav\">&rarr;<\/span><\/a><\/p>\n","protected":false},"author":1,"featured_media":0,"comment_status":"open","ping_status":"closed","sticky":false,"template":"","format":"standard","meta":{"jetpack_post_was_ever_published":false,"_jetpack_newsletter_access":"","_jetpack_dont_email_post_to_subs":false,"_jetpack_newsletter_tier_id":0,"_jetpack_memberships_contains_paywalled_content":false,"_jetpack_memberships_contains_paid_content":false,"footnotes":""},"categories":[6],"tags":[459,460,353,461],"class_list":["post-5645","post","type-post","status-publish","format-standard","hentry","category-comportamento","tag-big-techs","tag-pilula-vermelha","tag-redes-sociais","tag-redes-sociais-alternativas"],"jetpack_featured_media_url":"","jetpack_shortlink":"https:\/\/wp.me\/p74VxW-1t3","jetpack-related-posts":[{"id":5591,"url":"https:\/\/radames.manosso.nom.br\/palavras\/comportamento\/resistencia-ao-poder-das-big-techs\/","url_meta":{"origin":5645,"position":0},"title":"Resist\u00eancia ao poder das Big Techs","author":"Radam\u00e9s","date":false,"format":false,"excerpt":"Voc\u00ea j\u00e1 teve a sensa\u00e7\u00e3o de que existe algo de errado no mundo perfeito da alta tecnologia? J\u00e1 sentiu-se espionado por olhos invis\u00edveis? Desconfiou que algu\u00e9m influencia as suas decis\u00f5es cotidianas? Sentiu-se preso \u00e0 luz azulada das telas dos dispositivos digitais? Caso sua resposta \u00e0s perguntas seja sim, apresento-lhe duas\u2026","rel":"","context":"Em &quot;Comportamento&quot;","block_context":{"text":"Comportamento","link":"https:\/\/radames.manosso.nom.br\/palavras\/category\/comportamento\/"},"img":{"alt_text":"big techs","src":"https:\/\/i0.wp.com\/radames.manosso.nom.br\/palavras\/files\/2021\/01\/big-techs.jpg?resize=350%2C200&ssl=1","width":350,"height":200},"classes":[]},{"id":192,"url":"https:\/\/radames.manosso.nom.br\/palavras\/comportamento\/as-mulheres-preferem-os-inteligentes\/","url_meta":{"origin":5645,"position":1},"title":"As mulheres preferem os inteligentes?","author":"Radam\u00e9s","date":false,"format":false,"excerpt":"Os homens preferem as loiras e as mulheres preferem os inteligentes, certo? H\u00e1 controv\u00e9rsias. Algumas mulheres preferem homens, digamos, desinteligentes e muitas preferem mesmo os espertos. Intelig\u00eancia em sentido estrito \u00e9 aquela capacidade de resolver problemas complexos, mas esot\u00e9ricos como deduzir um teorema ou entender a Cr\u00edtica da Raz\u00e3o Pura\u2026","rel":"","context":"Em &quot;Comportamento&quot;","block_context":{"text":"Comportamento","link":"https:\/\/radames.manosso.nom.br\/palavras\/category\/comportamento\/"},"img":{"alt_text":"","src":"https:\/\/i0.wp.com\/radames.manosso.nom.br\/palavras\/files\/2008\/08\/brain.gif?resize=350%2C200&ssl=1","width":350,"height":200},"classes":[]},{"id":4056,"url":"https:\/\/radames.manosso.nom.br\/palavras\/comportamento\/como-nao-fazer-uma-foto-de-perfil\/","url_meta":{"origin":5645,"position":2},"title":"Como n\u00e3o fazer uma foto de perfil","author":"Radam\u00e9s","date":false,"format":false,"excerpt":"O perfil \u00e9 seu, a foto \u00e9 sua, mas pense no que voc\u00ea est\u00e1 informando aos outros em sua foto de perfil. Aqui v\u00e3o umas coisas que me chamam a aten\u00e7\u00e3o nas redes sociais. A dica mais preciosa, por\u00e9m, \u00e9: fa\u00e7a do seu jeito desde que consciente. Photoshop no \u00faltimo\u2026","rel":"","context":"Em &quot;Comportamento&quot;","block_context":{"text":"Comportamento","link":"https:\/\/radames.manosso.nom.br\/palavras\/category\/comportamento\/"},"img":{"alt_text":"","src":"https:\/\/i0.wp.com\/radames.manosso.nom.br\/palavras\/files\/2018\/05\/photoshopada.jpg?resize=350%2C200&ssl=1","width":350,"height":200},"classes":[]},{"id":4046,"url":"https:\/\/radames.manosso.nom.br\/palavras\/comportamento\/13-motivos-para-sair-do-facebook\/","url_meta":{"origin":5645,"position":3},"title":"13 motivos para sair do Facebook","author":"Radam\u00e9s","date":false,"format":false,"excerpt":"Se voc\u00ea est\u00e1 indeciso se deixa de uma vez o Facebook, aqui v\u00e3o treze motivos que podem ajud\u00e1-lo a tomar uma decis\u00e3o. Toma muito tempo.\u00a0Principalmente se o Face se torna uma obsess\u00e3o. A\u00ed o sujeito quer acessar no meio da noite, no banheiro, na rua, no sexo, etc. Sinto-me exposto(a).\u00a0Talvez\u2026","rel":"","context":"Em &quot;Comportamento&quot;","block_context":{"text":"Comportamento","link":"https:\/\/radames.manosso.nom.br\/palavras\/category\/comportamento\/"},"img":{"alt_text":"","src":"https:\/\/i0.wp.com\/radames.manosso.nom.br\/palavras\/files\/2018\/05\/rua-japao.jpg?resize=350%2C200&ssl=1","width":350,"height":200,"srcset":"https:\/\/i0.wp.com\/radames.manosso.nom.br\/palavras\/files\/2018\/05\/rua-japao.jpg?resize=350%2C200&ssl=1 1x, https:\/\/i0.wp.com\/radames.manosso.nom.br\/palavras\/files\/2018\/05\/rua-japao.jpg?resize=525%2C300&ssl=1 1.5x, https:\/\/i0.wp.com\/radames.manosso.nom.br\/palavras\/files\/2018\/05\/rua-japao.jpg?resize=700%2C400&ssl=1 2x"},"classes":[]},{"id":1407,"url":"https:\/\/radames.manosso.nom.br\/palavras\/comportamento\/a-feminista-e-o-galao-de-agua-mineral\/","url_meta":{"origin":5645,"position":4},"title":"O feminista e o gal\u00e3o de \u00e1gua mineral","author":"Radam\u00e9s","date":false,"format":false,"excerpt":"Quando acabava a \u00e1gua no bebedouro do escrit\u00f3rio n\u00e3o demorava at\u00e9 aparecer uma colaboradora proativa para resolver o problema: \u2014 Ser\u00e1 que n\u00e3o tem um homem forte\u00a0nesta sala para virar o gal\u00e3o de \u00e1gua mineral? Imediatamente, v\u00e3o surgindo as desculpas: \u2014 Estou com uma s\u00e9ria lombalgia. \u2014 Tenho que terminar\u2026","rel":"","context":"Em &quot;Comportamento&quot;","block_context":{"text":"Comportamento","link":"https:\/\/radames.manosso.nom.br\/palavras\/category\/comportamento\/"},"img":{"alt_text":"","src":"https:\/\/i0.wp.com\/radames.manosso.nom.br\/palavras\/files\/2009\/11\/bebedouro-agua-mineral.jpg?resize=350%2C200&ssl=1","width":350,"height":200},"classes":[]},{"id":3038,"url":"https:\/\/radames.manosso.nom.br\/palavras\/comportamento\/dez-habilidades-da-mulher-moderna\/","url_meta":{"origin":5645,"position":5},"title":"Dez habilidades da mulher moderna","author":"Radam\u00e9s","date":false,"format":false,"excerpt":"As mulheres est\u00e3o ampliando a cada dia seu espa\u00e7o na sociedade. Elas est\u00e3o nas faculdades, nas empresas e na pol\u00edtica.\u00a0As diferen\u00e7as sociais entre homens e mulheres diminuem a olhos vistos, por\u00e9m alguns res\u00edduos da cultura machista persistem nos dias atuais. N\u00e3o estou falando de homens mas de mulheres machistas que\u2026","rel":"","context":"Em &quot;Comportamento&quot;","block_context":{"text":"Comportamento","link":"https:\/\/radames.manosso.nom.br\/palavras\/category\/comportamento\/"},"img":{"alt_text":"","src":"https:\/\/i0.wp.com\/radames.manosso.nom.br\/palavras\/files\/2012\/09\/mulher-troca-pneu.jpg?resize=350%2C200&ssl=1","width":350,"height":200},"classes":[]}],"jetpack_sharing_enabled":true,"_links":{"self":[{"href":"https:\/\/radames.manosso.nom.br\/palavras\/wp-json\/wp\/v2\/posts\/5645","targetHints":{"allow":["GET"]}}],"collection":[{"href":"https:\/\/radames.manosso.nom.br\/palavras\/wp-json\/wp\/v2\/posts"}],"about":[{"href":"https:\/\/radames.manosso.nom.br\/palavras\/wp-json\/wp\/v2\/types\/post"}],"author":[{"embeddable":true,"href":"https:\/\/radames.manosso.nom.br\/palavras\/wp-json\/wp\/v2\/users\/1"}],"replies":[{"embeddable":true,"href":"https:\/\/radames.manosso.nom.br\/palavras\/wp-json\/wp\/v2\/comments?post=5645"}],"version-history":[{"count":42,"href":"https:\/\/radames.manosso.nom.br\/palavras\/wp-json\/wp\/v2\/posts\/5645\/revisions"}],"predecessor-version":[{"id":7756,"href":"https:\/\/radames.manosso.nom.br\/palavras\/wp-json\/wp\/v2\/posts\/5645\/revisions\/7756"}],"wp:attachment":[{"href":"https:\/\/radames.manosso.nom.br\/palavras\/wp-json\/wp\/v2\/media?parent=5645"}],"wp:term":[{"taxonomy":"category","embeddable":true,"href":"https:\/\/radames.manosso.nom.br\/palavras\/wp-json\/wp\/v2\/categories?post=5645"},{"taxonomy":"post_tag","embeddable":true,"href":"https:\/\/radames.manosso.nom.br\/palavras\/wp-json\/wp\/v2\/tags?post=5645"}],"curies":[{"name":"wp","href":"https:\/\/api.w.org\/{rel}","templated":true}]}}