{"id":7297,"date":"2025-01-01T18:08:36","date_gmt":"2025-01-01T21:08:36","guid":{"rendered":"https:\/\/radames.manosso.nom.br\/palavras\/?p=7297"},"modified":"2025-01-29T10:29:16","modified_gmt":"2025-01-29T13:29:16","slug":"edc-every-day-carry-objetos-de-porte-diario","status":"publish","type":"post","link":"https:\/\/radames.manosso.nom.br\/palavras\/produtividade\/edc-every-day-carry-objetos-de-porte-diario\/","title":{"rendered":"EDC every day carry &#8211; objetos de porte di\u00e1rio"},"content":{"rendered":"\n<p>EDC \u00e9 um assunto para pessoas interessadas em produtividade, estilo e sobrevivencialismo. Vou apresentar aqui minha lista de objetos de porte di\u00e1rio.<\/p>\n\n\n\n<h2 class=\"wp-block-heading\">Todas as ocasi\u00f5es<\/h2>\n\n\n\n<p>H\u00e1 duas coisas que devemos carregar sempre que sa\u00edmos de casa:<\/p>\n\n\n\n<ul class=\"wp-block-list\">\n<li><strong>Smartphone<\/strong>. \u00c9 o EDC n\u00famero um da vida moderna. Dispensa coment\u00e1rios.<\/li>\n\n\n\n<li><strong>Carteira<\/strong>. Uma carteira minimalista onde caibam os itens b\u00e1sicos:\n<ul class=\"wp-block-list\">\n<li><strong>Documento oficial com foto<\/strong>. No Brasil, \u00e9 conveniente carregar um documento e se voc\u00ea dirige use a CNH caso tenha que apresenta-la \u00e0s autoridades. Em viagem ao exterior, informe-se sobre o documento recomendado no local em que se encontra.<\/li>\n\n\n\n<li><strong>Informa\u00e7\u00f5es de emerg\u00eancia<\/strong>. Mantenha um cart\u00e3o com dados seus para casos de extravio, acidente ou emerg\u00eancia m\u00e9dica. Inclua no cart\u00e3o dados de outra pessoa para contato em emerg\u00eancias. Inclua informa\u00e7\u00f5es m\u00e9dicas se necess\u00e1rio.<\/li>\n\n\n\n<li><strong>Dois cart\u00f5es de pagamento<\/strong>. Ter mais de um cart\u00e3o previne falhas variadas. Melhor se os cart\u00f5es combinarem as fun\u00e7\u00f5es de d\u00e9bito, cr\u00e9dito, pr\u00e9-pago e multi moedas. No exterior, o cart\u00e3o multi moedas \u00e9 a melhor op\u00e7\u00e3o.<\/li>\n\n\n\n<li><strong>Dinheiro em esp\u00e9cie<\/strong>. Importante para pagamentos mi\u00fados onde meios digitais n\u00e3o s\u00e3o aceitos.<\/li>\n<\/ul>\n<\/li>\n<\/ul>\n\n\n\n<figure class=\"wp-block-image size-full is-resized\"><a href=\"https:\/\/i0.wp.com\/radames.manosso.nom.br\/palavras\/files\/2025\/01\/carteira-minimalista.jpg?ssl=1\"><img data-recalc-dims=\"1\" loading=\"lazy\" decoding=\"async\" width=\"500\" height=\"357\" data-attachment-id=\"7301\" data-permalink=\"https:\/\/radames.manosso.nom.br\/palavras\/produtividade\/edc-every-day-carry-objetos-de-porte-diario\/attachment\/carteira-minimalista\/\" data-orig-file=\"https:\/\/i0.wp.com\/radames.manosso.nom.br\/palavras\/files\/2025\/01\/carteira-minimalista.jpg?fit=500%2C357&amp;ssl=1\" data-orig-size=\"500,357\" data-comments-opened=\"1\" data-image-meta=\"{&quot;aperture&quot;:&quot;0&quot;,&quot;credit&quot;:&quot;&quot;,&quot;camera&quot;:&quot;&quot;,&quot;caption&quot;:&quot;&quot;,&quot;created_timestamp&quot;:&quot;0&quot;,&quot;copyright&quot;:&quot;&quot;,&quot;focal_length&quot;:&quot;0&quot;,&quot;iso&quot;:&quot;0&quot;,&quot;shutter_speed&quot;:&quot;0&quot;,&quot;title&quot;:&quot;&quot;,&quot;orientation&quot;:&quot;0&quot;}\" data-image-title=\"carteira minimalista\" data-image-description=\"&lt;p&gt;carteira minimalista&lt;\/p&gt;\n\" data-image-caption=\"\" data-large-file=\"https:\/\/i0.wp.com\/radames.manosso.nom.br\/palavras\/files\/2025\/01\/carteira-minimalista.jpg?fit=500%2C357&amp;ssl=1\" src=\"https:\/\/i0.wp.com\/radames.manosso.nom.br\/palavras\/files\/2025\/01\/carteira-minimalista.jpg?resize=500%2C357&#038;ssl=1\" alt=\"carteira minimalista\" class=\"wp-image-7301\" style=\"width:634px;height:auto\" srcset=\"https:\/\/i0.wp.com\/radames.manosso.nom.br\/palavras\/files\/2025\/01\/carteira-minimalista.jpg?w=500&amp;ssl=1 500w, https:\/\/i0.wp.com\/radames.manosso.nom.br\/palavras\/files\/2025\/01\/carteira-minimalista.jpg?resize=300%2C214&amp;ssl=1 300w\" sizes=\"auto, (max-width: 500px) 100vw, 500px\" \/><\/a><\/figure>\n\n\n\n<!--more-->\n\n\n\n<h2 class=\"wp-block-heading\">A depender da ocasi\u00e3o<\/h2>\n\n\n\n<p>Muitos objetos voc\u00ea leva ao sair de casa, mas tudo depende da necessidade e da ocasi\u00e3o.<\/p>\n\n\n\n<ul class=\"wp-block-list\">\n<li><strong>Caderneta de anota\u00e7\u00f5es<\/strong>. Para anotar ideias, dados, fazer desenhos e croquis a caderneta em papel continua sendo uma op\u00e7\u00e3o pr\u00e1tica.<\/li>\n\n\n\n<li><strong>Camisinhas<\/strong>. Indispens\u00e1veis para aqueles momentos.<\/li>\n\n\n\n<li><strong>Caneta\/lapiseira<\/strong>. Para tomar notas, a velha caneta ou lapiseira a gosto.<\/li>\n\n\n\n<li><strong>Canivete multiuso<\/strong>. Para sa\u00eddas a campo o canivete multiuso pode resolver v\u00e1rias paradas no mato, no s\u00edtio, no parque, etc.<\/li>\n\n\n\n<li><strong>Chap\u00e9u<\/strong>. Panam\u00e1, Fedora, bon\u00e9, gorro etc. Um acess\u00f3rio para proteger a cabe\u00e7a do sol ou do frio pode ser necess\u00e1rio ao ar livre.<\/li>\n\n\n\n<li><strong>Chaveiro<\/strong>. Quando \u00e9 preciso sair com as chaves da casa, da empresa, do carro. Prefira chaveiros compactos dobr\u00e1veis que ocupam pouco espa\u00e7o e n\u00e3o fazem barulho.<\/li>\n\n\n\n<li><strong>Controle de alarme<\/strong>. Da casa, do carro, da empresa, etc.<\/li>\n\n\n\n<li><strong>Fones de ouvido<\/strong>. Para chamadas, m\u00fasica, etc. A solu\u00e7\u00e3o minimalista \u00e9 o par de fones sem fio Bluetooth. <\/li>\n\n\n\n<li><strong>Len\u00e7os<\/strong>. Obrigat\u00f3rios no passado, atualmente podem ser usados os descart\u00e1veis.<\/li>\n\n\n\n<li><strong>\u00d3culos de sol<\/strong>. Para sa\u00eddas ao sol, nada como dar conforto aos olhos.<\/li>\n\n\n\n<li><strong>Pente<\/strong>. Pode ser necess\u00e1rio a depender de sua realidade capilar.<\/li>\n\n\n\n<li><strong>Rel\u00f3gio de pulso<\/strong>. Acess\u00f3rio masculino por excel\u00eancia continua sendo a melhor forma de consultar as horas.<\/li>\n\n\n\n<li><strong>Rem\u00e9dios etc<\/strong>. Aspirina, digestivo, filtro solar. Em alguns casos \u00e9 melhor usar um estojo porta rem\u00e9dios para facilitar a vida. <\/li>\n<\/ul>\n\n\n\n<figure class=\"wp-block-image size-full\"><a href=\"https:\/\/i0.wp.com\/radames.manosso.nom.br\/palavras\/files\/2025\/01\/canivete.jpg?ssl=1\"><img data-recalc-dims=\"1\" loading=\"lazy\" decoding=\"async\" width=\"449\" height=\"413\" data-attachment-id=\"7303\" data-permalink=\"https:\/\/radames.manosso.nom.br\/palavras\/produtividade\/edc-every-day-carry-objetos-de-porte-diario\/attachment\/canivete\/\" data-orig-file=\"https:\/\/i0.wp.com\/radames.manosso.nom.br\/palavras\/files\/2025\/01\/canivete.jpg?fit=449%2C413&amp;ssl=1\" data-orig-size=\"449,413\" data-comments-opened=\"1\" data-image-meta=\"{&quot;aperture&quot;:&quot;0&quot;,&quot;credit&quot;:&quot;&quot;,&quot;camera&quot;:&quot;&quot;,&quot;caption&quot;:&quot;&quot;,&quot;created_timestamp&quot;:&quot;0&quot;,&quot;copyright&quot;:&quot;&quot;,&quot;focal_length&quot;:&quot;0&quot;,&quot;iso&quot;:&quot;0&quot;,&quot;shutter_speed&quot;:&quot;0&quot;,&quot;title&quot;:&quot;&quot;,&quot;orientation&quot;:&quot;0&quot;}\" data-image-title=\"canivete multiuso\" data-image-description=\"&lt;p&gt;canivete multiuso&lt;\/p&gt;\n\" data-image-caption=\"\" data-large-file=\"https:\/\/i0.wp.com\/radames.manosso.nom.br\/palavras\/files\/2025\/01\/canivete.jpg?fit=449%2C413&amp;ssl=1\" src=\"https:\/\/i0.wp.com\/radames.manosso.nom.br\/palavras\/files\/2025\/01\/canivete.jpg?resize=449%2C413&#038;ssl=1\" alt=\"canivete multiuso\" class=\"wp-image-7303\" srcset=\"https:\/\/i0.wp.com\/radames.manosso.nom.br\/palavras\/files\/2025\/01\/canivete.jpg?w=449&amp;ssl=1 449w, https:\/\/i0.wp.com\/radames.manosso.nom.br\/palavras\/files\/2025\/01\/canivete.jpg?resize=300%2C276&amp;ssl=1 300w\" sizes=\"auto, (max-width: 449px) 100vw, 449px\" \/><\/a><\/figure>\n\n\n\n<figure class=\"wp-block-image size-full is-resized\"><a href=\"https:\/\/i0.wp.com\/radames.manosso.nom.br\/palavras\/files\/2025\/01\/chaveiro-compacto.jpg?ssl=1\"><img data-recalc-dims=\"1\" loading=\"lazy\" decoding=\"async\" width=\"603\" height=\"579\" data-attachment-id=\"7317\" data-permalink=\"https:\/\/radames.manosso.nom.br\/palavras\/produtividade\/edc-every-day-carry-objetos-de-porte-diario\/attachment\/chaveiro-compacto\/\" data-orig-file=\"https:\/\/i0.wp.com\/radames.manosso.nom.br\/palavras\/files\/2025\/01\/chaveiro-compacto.jpg?fit=603%2C579&amp;ssl=1\" data-orig-size=\"603,579\" data-comments-opened=\"1\" data-image-meta=\"{&quot;aperture&quot;:&quot;0&quot;,&quot;credit&quot;:&quot;&quot;,&quot;camera&quot;:&quot;&quot;,&quot;caption&quot;:&quot;&quot;,&quot;created_timestamp&quot;:&quot;0&quot;,&quot;copyright&quot;:&quot;&quot;,&quot;focal_length&quot;:&quot;0&quot;,&quot;iso&quot;:&quot;0&quot;,&quot;shutter_speed&quot;:&quot;0&quot;,&quot;title&quot;:&quot;&quot;,&quot;orientation&quot;:&quot;1&quot;}\" data-image-title=\"chaveiro compacto\" data-image-description=\"&lt;p&gt;chaveiro compacto&lt;\/p&gt;\n\" data-image-caption=\"\" data-large-file=\"https:\/\/i0.wp.com\/radames.manosso.nom.br\/palavras\/files\/2025\/01\/chaveiro-compacto.jpg?fit=603%2C579&amp;ssl=1\" src=\"https:\/\/i0.wp.com\/radames.manosso.nom.br\/palavras\/files\/2025\/01\/chaveiro-compacto.jpg?resize=603%2C579&#038;ssl=1\" alt=\"chaveiro compacto\" class=\"wp-image-7317\" style=\"width:390px;height:auto\" srcset=\"https:\/\/i0.wp.com\/radames.manosso.nom.br\/palavras\/files\/2025\/01\/chaveiro-compacto.jpg?w=603&amp;ssl=1 603w, https:\/\/i0.wp.com\/radames.manosso.nom.br\/palavras\/files\/2025\/01\/chaveiro-compacto.jpg?resize=300%2C288&amp;ssl=1 300w\" sizes=\"auto, (max-width: 603px) 100vw, 603px\" \/><\/a><\/figure>\n\n\n\n<figure class=\"wp-block-image size-full is-resized\"><a href=\"https:\/\/i0.wp.com\/radames.manosso.nom.br\/palavras\/files\/2025\/01\/fone.jpg?ssl=1\"><img data-recalc-dims=\"1\" loading=\"lazy\" decoding=\"async\" width=\"364\" height=\"500\" data-attachment-id=\"7318\" data-permalink=\"https:\/\/radames.manosso.nom.br\/palavras\/produtividade\/edc-every-day-carry-objetos-de-porte-diario\/attachment\/fone\/\" data-orig-file=\"https:\/\/i0.wp.com\/radames.manosso.nom.br\/palavras\/files\/2025\/01\/fone.jpg?fit=364%2C500&amp;ssl=1\" data-orig-size=\"364,500\" data-comments-opened=\"1\" data-image-meta=\"{&quot;aperture&quot;:&quot;0&quot;,&quot;credit&quot;:&quot;&quot;,&quot;camera&quot;:&quot;&quot;,&quot;caption&quot;:&quot;&quot;,&quot;created_timestamp&quot;:&quot;0&quot;,&quot;copyright&quot;:&quot;&quot;,&quot;focal_length&quot;:&quot;0&quot;,&quot;iso&quot;:&quot;0&quot;,&quot;shutter_speed&quot;:&quot;0&quot;,&quot;title&quot;:&quot;&quot;,&quot;orientation&quot;:&quot;0&quot;}\" data-image-title=\"fone de ouvido\" data-image-description=\"&lt;p&gt;fone de ouvido&lt;\/p&gt;\n\" data-image-caption=\"\" data-large-file=\"https:\/\/i0.wp.com\/radames.manosso.nom.br\/palavras\/files\/2025\/01\/fone.jpg?fit=364%2C500&amp;ssl=1\" src=\"https:\/\/i0.wp.com\/radames.manosso.nom.br\/palavras\/files\/2025\/01\/fone.jpg?resize=364%2C500&#038;ssl=1\" alt=\"fone de ouvido\" class=\"wp-image-7318\" style=\"width:248px;height:auto\" srcset=\"https:\/\/i0.wp.com\/radames.manosso.nom.br\/palavras\/files\/2025\/01\/fone.jpg?w=364&amp;ssl=1 364w, https:\/\/i0.wp.com\/radames.manosso.nom.br\/palavras\/files\/2025\/01\/fone.jpg?resize=218%2C300&amp;ssl=1 218w\" sizes=\"auto, (max-width: 364px) 100vw, 364px\" \/><\/a><\/figure>\n\n\n\n<h2 class=\"wp-block-heading\">Viajante<\/h2>\n\n\n\n<p>Alguns EDCs s\u00e3o espec\u00edficos para viagens.<\/p>\n\n\n\n<ul class=\"wp-block-list\">\n<li><strong>Adaptador universal de tomadas<\/strong>. Um adaptador para tomadas variadas vai bem em viagens ao exterior porque a quantidade de pinos diferentes mundo a fora \u00e9 impressionante.<\/li>\n\n\n\n<li><strong>Mochila para equipamento fotogr\u00e1fico<\/strong>. Para quem tem equipamento fotogr\u00e1fico ou de grava\u00e7\u00e3o \u00e9 melhor tratar bem seu equipamento.<\/li>\n\n\n\n<li><strong>Bolsa para notebook<\/strong>. Viajar com notebook \u00e9 trabalhoso especialmente em aeroportos, mas uma bolsa vai protege-lo melhor.<\/li>\n\n\n\n<li><strong>Carteira para passaporte<\/strong>. Na viagens internacionais talvez seja o caso de trocar a carteira di\u00e1ria por uma que comporte seus passaportes.<\/li>\n\n\n\n<li><strong>Bolsa de viagem<\/strong>. Para os itens mais sens\u00edveis use uma bolsa de m\u00e3o que ficar\u00e1 pr\u00f3xima de voc\u00ea durante toda a viagem.<\/li>\n\n\n\n<li><strong>Mala de viagem 10kg<\/strong>. Uma mala padr\u00e3o com rodinhas que dispensa despacho \u00e9 suficiente para viajar. Ah, mas e as malas de 23kg? Minimalista n\u00e3o precisa dessas.<\/li>\n<\/ul>\n\n\n\n<figure class=\"wp-block-image size-full is-resized\"><a href=\"https:\/\/i0.wp.com\/radames.manosso.nom.br\/palavras\/files\/2025\/01\/adaptador.jpg?ssl=1\"><img data-recalc-dims=\"1\" loading=\"lazy\" decoding=\"async\" width=\"450\" height=\"408\" data-attachment-id=\"7307\" data-permalink=\"https:\/\/radames.manosso.nom.br\/palavras\/produtividade\/edc-every-day-carry-objetos-de-porte-diario\/attachment\/adaptador\/\" data-orig-file=\"https:\/\/i0.wp.com\/radames.manosso.nom.br\/palavras\/files\/2025\/01\/adaptador.jpg?fit=450%2C408&amp;ssl=1\" data-orig-size=\"450,408\" data-comments-opened=\"1\" data-image-meta=\"{&quot;aperture&quot;:&quot;0&quot;,&quot;credit&quot;:&quot;&quot;,&quot;camera&quot;:&quot;&quot;,&quot;caption&quot;:&quot;&quot;,&quot;created_timestamp&quot;:&quot;0&quot;,&quot;copyright&quot;:&quot;&quot;,&quot;focal_length&quot;:&quot;0&quot;,&quot;iso&quot;:&quot;0&quot;,&quot;shutter_speed&quot;:&quot;0&quot;,&quot;title&quot;:&quot;&quot;,&quot;orientation&quot;:&quot;0&quot;}\" data-image-title=\"adaptador universal de tomadas\" data-image-description=\"&lt;p&gt;adaptador universal de tomadas&lt;\/p&gt;\n\" data-image-caption=\"\" data-large-file=\"https:\/\/i0.wp.com\/radames.manosso.nom.br\/palavras\/files\/2025\/01\/adaptador.jpg?fit=450%2C408&amp;ssl=1\" src=\"https:\/\/i0.wp.com\/radames.manosso.nom.br\/palavras\/files\/2025\/01\/adaptador.jpg?resize=450%2C408&#038;ssl=1\" alt=\"adaptador universal de tomadas\" class=\"wp-image-7307\" style=\"width:253px;height:auto\" srcset=\"https:\/\/i0.wp.com\/radames.manosso.nom.br\/palavras\/files\/2025\/01\/adaptador.jpg?w=450&amp;ssl=1 450w, https:\/\/i0.wp.com\/radames.manosso.nom.br\/palavras\/files\/2025\/01\/adaptador.jpg?resize=300%2C272&amp;ssl=1 300w\" sizes=\"auto, (max-width: 450px) 100vw, 450px\" \/><\/a><\/figure>\n\n\n\n<figure class=\"wp-block-image size-full is-resized\"><a href=\"https:\/\/i0.wp.com\/radames.manosso.nom.br\/palavras\/files\/2025\/01\/carteira-passaporte.jpeg?ssl=1\"><img data-recalc-dims=\"1\" loading=\"lazy\" decoding=\"async\" width=\"600\" height=\"600\" data-attachment-id=\"7328\" data-permalink=\"https:\/\/radames.manosso.nom.br\/palavras\/produtividade\/edc-every-day-carry-objetos-de-porte-diario\/attachment\/carteira-passaporte\/\" data-orig-file=\"https:\/\/i0.wp.com\/radames.manosso.nom.br\/palavras\/files\/2025\/01\/carteira-passaporte.jpeg?fit=600%2C600&amp;ssl=1\" data-orig-size=\"600,600\" data-comments-opened=\"1\" data-image-meta=\"{&quot;aperture&quot;:&quot;0&quot;,&quot;credit&quot;:&quot;&quot;,&quot;camera&quot;:&quot;&quot;,&quot;caption&quot;:&quot;&quot;,&quot;created_timestamp&quot;:&quot;0&quot;,&quot;copyright&quot;:&quot;&quot;,&quot;focal_length&quot;:&quot;0&quot;,&quot;iso&quot;:&quot;0&quot;,&quot;shutter_speed&quot;:&quot;0&quot;,&quot;title&quot;:&quot;&quot;,&quot;orientation&quot;:&quot;1&quot;}\" data-image-title=\"carteira para passaporte\" data-image-description=\"&lt;p&gt;carteira para passaporte&lt;\/p&gt;\n\" data-image-caption=\"\" data-large-file=\"https:\/\/i0.wp.com\/radames.manosso.nom.br\/palavras\/files\/2025\/01\/carteira-passaporte.jpeg?fit=600%2C600&amp;ssl=1\" src=\"https:\/\/i0.wp.com\/radames.manosso.nom.br\/palavras\/files\/2025\/01\/carteira-passaporte.jpeg?resize=600%2C600&#038;ssl=1\" alt=\"carteira para passaporte\" class=\"wp-image-7328\" style=\"width:333px;height:auto\" srcset=\"https:\/\/i0.wp.com\/radames.manosso.nom.br\/palavras\/files\/2025\/01\/carteira-passaporte.jpeg?w=600&amp;ssl=1 600w, https:\/\/i0.wp.com\/radames.manosso.nom.br\/palavras\/files\/2025\/01\/carteira-passaporte.jpeg?resize=300%2C300&amp;ssl=1 300w, https:\/\/i0.wp.com\/radames.manosso.nom.br\/palavras\/files\/2025\/01\/carteira-passaporte.jpeg?resize=150%2C150&amp;ssl=1 150w\" sizes=\"auto, (max-width: 600px) 100vw, 600px\" \/><\/a><\/figure>\n\n\n\n<figure class=\"wp-block-image size-full is-resized\"><a href=\"https:\/\/i0.wp.com\/radames.manosso.nom.br\/palavras\/files\/2025\/01\/bolsa.jpg?ssl=1\"><img data-recalc-dims=\"1\" loading=\"lazy\" decoding=\"async\" width=\"600\" height=\"600\" data-attachment-id=\"7322\" data-permalink=\"https:\/\/radames.manosso.nom.br\/palavras\/produtividade\/edc-every-day-carry-objetos-de-porte-diario\/attachment\/bolsa\/\" data-orig-file=\"https:\/\/i0.wp.com\/radames.manosso.nom.br\/palavras\/files\/2025\/01\/bolsa.jpg?fit=600%2C600&amp;ssl=1\" data-orig-size=\"600,600\" data-comments-opened=\"1\" data-image-meta=\"{&quot;aperture&quot;:&quot;0&quot;,&quot;credit&quot;:&quot;&quot;,&quot;camera&quot;:&quot;&quot;,&quot;caption&quot;:&quot;&quot;,&quot;created_timestamp&quot;:&quot;0&quot;,&quot;copyright&quot;:&quot;&quot;,&quot;focal_length&quot;:&quot;0&quot;,&quot;iso&quot;:&quot;0&quot;,&quot;shutter_speed&quot;:&quot;0&quot;,&quot;title&quot;:&quot;&quot;,&quot;orientation&quot;:&quot;1&quot;}\" data-image-title=\"bolsa\" data-image-description=\"&lt;p&gt;bolsa&lt;\/p&gt;\n\" data-image-caption=\"\" data-large-file=\"https:\/\/i0.wp.com\/radames.manosso.nom.br\/palavras\/files\/2025\/01\/bolsa.jpg?fit=600%2C600&amp;ssl=1\" src=\"https:\/\/i0.wp.com\/radames.manosso.nom.br\/palavras\/files\/2025\/01\/bolsa.jpg?resize=600%2C600&#038;ssl=1\" alt=\"bolsa\" class=\"wp-image-7322\" style=\"width:385px;height:auto\" srcset=\"https:\/\/i0.wp.com\/radames.manosso.nom.br\/palavras\/files\/2025\/01\/bolsa.jpg?w=600&amp;ssl=1 600w, https:\/\/i0.wp.com\/radames.manosso.nom.br\/palavras\/files\/2025\/01\/bolsa.jpg?resize=300%2C300&amp;ssl=1 300w, https:\/\/i0.wp.com\/radames.manosso.nom.br\/palavras\/files\/2025\/01\/bolsa.jpg?resize=150%2C150&amp;ssl=1 150w\" sizes=\"auto, (max-width: 600px) 100vw, 600px\" \/><\/a><\/figure>\n\n\n\n<figure class=\"wp-block-image size-full is-resized\"><a href=\"https:\/\/i0.wp.com\/radames.manosso.nom.br\/palavras\/files\/2025\/01\/mala.jpg?ssl=1\"><img data-recalc-dims=\"1\" loading=\"lazy\" decoding=\"async\" width=\"356\" height=\"600\" data-attachment-id=\"7323\" data-permalink=\"https:\/\/radames.manosso.nom.br\/palavras\/produtividade\/edc-every-day-carry-objetos-de-porte-diario\/attachment\/mala\/\" data-orig-file=\"https:\/\/i0.wp.com\/radames.manosso.nom.br\/palavras\/files\/2025\/01\/mala.jpg?fit=356%2C600&amp;ssl=1\" data-orig-size=\"356,600\" data-comments-opened=\"1\" data-image-meta=\"{&quot;aperture&quot;:&quot;0&quot;,&quot;credit&quot;:&quot;&quot;,&quot;camera&quot;:&quot;&quot;,&quot;caption&quot;:&quot;&quot;,&quot;created_timestamp&quot;:&quot;0&quot;,&quot;copyright&quot;:&quot;&quot;,&quot;focal_length&quot;:&quot;0&quot;,&quot;iso&quot;:&quot;0&quot;,&quot;shutter_speed&quot;:&quot;0&quot;,&quot;title&quot;:&quot;&quot;,&quot;orientation&quot;:&quot;1&quot;}\" data-image-title=\"mala de viagem 10kg\" data-image-description=\"&lt;p&gt;mala de viagem 10kg&lt;\/p&gt;\n\" data-image-caption=\"\" data-large-file=\"https:\/\/i0.wp.com\/radames.manosso.nom.br\/palavras\/files\/2025\/01\/mala.jpg?fit=356%2C600&amp;ssl=1\" src=\"https:\/\/i0.wp.com\/radames.manosso.nom.br\/palavras\/files\/2025\/01\/mala.jpg?resize=356%2C600&#038;ssl=1\" alt=\"mala de viagem 10kg\" class=\"wp-image-7323\" style=\"width:295px;height:auto\" srcset=\"https:\/\/i0.wp.com\/radames.manosso.nom.br\/palavras\/files\/2025\/01\/mala.jpg?w=356&amp;ssl=1 356w, https:\/\/i0.wp.com\/radames.manosso.nom.br\/palavras\/files\/2025\/01\/mala.jpg?resize=178%2C300&amp;ssl=1 178w\" sizes=\"auto, (max-width: 356px) 100vw, 356px\" \/><\/a><\/figure>\n\n\n\n<h2 class=\"wp-block-heading\">Sobrevivencialista<\/h2>\n\n\n\n<p>Para enfrentar situa\u00e7\u00f5es de risco mais elevado alguns EDCs v\u00e3o bem.<\/p>\n\n\n\n<ul class=\"wp-block-list\">\n<li><strong>Lanterna de bolso<\/strong>. Uma lanterna com mais poder de ilumina\u00e7\u00e3o que a do celular \u00e9 \u00fatil em ambientes sem energia el\u00e9trica.<\/li>\n\n\n\n<li><strong>Canivete t\u00e1tico<\/strong>. Um canivete sobrevivencialista \u00e9 indicado para sair a campo.<\/li>\n\n\n\n<li><strong>Isqueiro<\/strong>. Para v\u00e1rias fun\u00e7\u00f5es em ambiente hostil.<\/li>\n\n\n\n<li><strong>Cantil<\/strong>. Indicado para condi\u00e7\u00f5es afastadas dos confortos da civiliza\u00e7\u00e3o.<\/li>\n\n\n\n<li><strong>Estojo Altoids<\/strong>. \u00c9 um estojo pequeno com v\u00e1rios itens sobrevivencialistas que voc\u00ea vai montar e para isso pegue dicas com os especialistas no assunto.<\/li>\n<\/ul>\n\n\n\n<figure class=\"wp-block-image size-full is-resized\"><a href=\"https:\/\/i0.wp.com\/radames.manosso.nom.br\/palavras\/files\/2025\/01\/lanterna-tatica.jpg?ssl=1\"><img data-recalc-dims=\"1\" loading=\"lazy\" decoding=\"async\" width=\"600\" height=\"600\" data-attachment-id=\"7310\" data-permalink=\"https:\/\/radames.manosso.nom.br\/palavras\/produtividade\/edc-every-day-carry-objetos-de-porte-diario\/attachment\/lanterna-tatica\/\" data-orig-file=\"https:\/\/i0.wp.com\/radames.manosso.nom.br\/palavras\/files\/2025\/01\/lanterna-tatica.jpg?fit=600%2C600&amp;ssl=1\" data-orig-size=\"600,600\" data-comments-opened=\"1\" data-image-meta=\"{&quot;aperture&quot;:&quot;0&quot;,&quot;credit&quot;:&quot;&quot;,&quot;camera&quot;:&quot;&quot;,&quot;caption&quot;:&quot;&quot;,&quot;created_timestamp&quot;:&quot;0&quot;,&quot;copyright&quot;:&quot;&quot;,&quot;focal_length&quot;:&quot;0&quot;,&quot;iso&quot;:&quot;0&quot;,&quot;shutter_speed&quot;:&quot;0&quot;,&quot;title&quot;:&quot;&quot;,&quot;orientation&quot;:&quot;0&quot;}\" data-image-title=\"lanterna t\u00e1tica\" data-image-description=\"&lt;p&gt;lanterna t\u00e1tica&lt;\/p&gt;\n\" data-image-caption=\"\" data-large-file=\"https:\/\/i0.wp.com\/radames.manosso.nom.br\/palavras\/files\/2025\/01\/lanterna-tatica.jpg?fit=600%2C600&amp;ssl=1\" src=\"https:\/\/i0.wp.com\/radames.manosso.nom.br\/palavras\/files\/2025\/01\/lanterna-tatica.jpg?resize=600%2C600&#038;ssl=1\" alt=\"lanterna t\u00e1tica\" class=\"wp-image-7310\" style=\"width:297px;height:auto\" srcset=\"https:\/\/i0.wp.com\/radames.manosso.nom.br\/palavras\/files\/2025\/01\/lanterna-tatica.jpg?w=600&amp;ssl=1 600w, https:\/\/i0.wp.com\/radames.manosso.nom.br\/palavras\/files\/2025\/01\/lanterna-tatica.jpg?resize=300%2C300&amp;ssl=1 300w, https:\/\/i0.wp.com\/radames.manosso.nom.br\/palavras\/files\/2025\/01\/lanterna-tatica.jpg?resize=150%2C150&amp;ssl=1 150w\" sizes=\"auto, (max-width: 600px) 100vw, 600px\" \/><\/a><\/figure>\n\n\n\n<figure class=\"wp-block-image size-full\"><a href=\"https:\/\/i0.wp.com\/radames.manosso.nom.br\/palavras\/files\/2025\/01\/canivete-tatico.jpg?ssl=1\"><img data-recalc-dims=\"1\" loading=\"lazy\" decoding=\"async\" width=\"294\" height=\"611\" data-attachment-id=\"7326\" data-permalink=\"https:\/\/radames.manosso.nom.br\/palavras\/produtividade\/edc-every-day-carry-objetos-de-porte-diario\/attachment\/canivete-tatico\/\" data-orig-file=\"https:\/\/i0.wp.com\/radames.manosso.nom.br\/palavras\/files\/2025\/01\/canivete-tatico.jpg?fit=294%2C611&amp;ssl=1\" data-orig-size=\"294,611\" data-comments-opened=\"1\" data-image-meta=\"{&quot;aperture&quot;:&quot;0&quot;,&quot;credit&quot;:&quot;&quot;,&quot;camera&quot;:&quot;&quot;,&quot;caption&quot;:&quot;&quot;,&quot;created_timestamp&quot;:&quot;0&quot;,&quot;copyright&quot;:&quot;&quot;,&quot;focal_length&quot;:&quot;0&quot;,&quot;iso&quot;:&quot;0&quot;,&quot;shutter_speed&quot;:&quot;0&quot;,&quot;title&quot;:&quot;&quot;,&quot;orientation&quot;:&quot;1&quot;}\" data-image-title=\"canivete t\u00e1tico\" data-image-description=\"&lt;p&gt;canivete t\u00e1tico&lt;\/p&gt;\n\" data-image-caption=\"\" data-large-file=\"https:\/\/i0.wp.com\/radames.manosso.nom.br\/palavras\/files\/2025\/01\/canivete-tatico.jpg?fit=294%2C611&amp;ssl=1\" src=\"https:\/\/i0.wp.com\/radames.manosso.nom.br\/palavras\/files\/2025\/01\/canivete-tatico.jpg?resize=294%2C611&#038;ssl=1\" alt=\"canivete t\u00e1tico\" class=\"wp-image-7326\" srcset=\"https:\/\/i0.wp.com\/radames.manosso.nom.br\/palavras\/files\/2025\/01\/canivete-tatico.jpg?w=294&amp;ssl=1 294w, https:\/\/i0.wp.com\/radames.manosso.nom.br\/palavras\/files\/2025\/01\/canivete-tatico.jpg?resize=144%2C300&amp;ssl=1 144w\" sizes=\"auto, (max-width: 294px) 100vw, 294px\" \/><\/a><\/figure>\n\n\n\n<p>Total de itens listados: 30+. Muito ou pouco?<\/p>\n\n\n\n<div class=\"wp-block-group\"><div class=\"wp-block-group__inner-container is-layout-constrained wp-block-group-is-layout-constrained\">\n<h3 class=\"wp-block-heading\">Produtividade<\/h3>\n\n\n\n<ul class=\"wp-block-list\">\n<li><a href=\"https:\/\/radames.manosso.nom.br\/palavras\/sem-categoria\/tres-niveis-e-oito-areas-do-desenvolvimento-pessoal\/\">Tr\u00eas n\u00edveis e oito \u00e1reas do desenvolvimento pessoal<\/a><\/li>\n\n\n\n<li><a href=\"https:\/\/radames.manosso.nom.br\/palavras\/produtividade\/os-cinco-degraus-da-independencia-financeira\/\">Os cinco degraus da independ\u00eancia financeira<\/a><\/li>\n\n\n\n<li><a href=\"https:\/\/radames.manosso.nom.br\/palavras\/produtividade\/conscienciosidade\/\">Conscienciosidade <\/a><\/li>\n\n\n\n<li><a href=\"https:\/\/radames.manosso.nom.br\/palavras\/produtividade\/controle-suas-financas-pessoais-com-uma-planilha-simples\/\">Controle suas finan\u00e7as com uma planilha simples<\/a><\/li>\n\n\n\n<li><a href=\"https:\/\/radames.manosso.nom.br\/palavras\/produtividade\/seu-backup-pessoal\/tegoria\/seu-backup-pessoal\/\">Seu backup pessoal<\/a><\/li>\n\n\n\n<li><a href=\"https:\/\/radames.manosso.nom.br\/palavras\/produtividade\/crie-senhas-fortes\/\">Crie senhas fortes<\/a><\/li>\n\n\n\n<li><a href=\"https:\/\/radames.manosso.nom.br\/palavras\/produtividade\/como-cuidar-de-suas-senhas\/\">Como cuidar de suas senhas<\/a><\/li>\n\n\n\n<li><a href=\"https:\/\/radames.manosso.nom.br\/palavras\/produtividade\/como-gerenciar-suas-tarefas\/\">Como gerenciar suas tarefas<\/a><\/li>\n\n\n\n<li><a href=\"https:\/\/radames.manosso.nom.br\/palavras\/produtividade\/setup-tecnologico-domestico\/\">Setup tecnol\u00f3gico dom\u00e9stico<\/a><\/li>\n\n\n\n<li><a href=\"https:\/\/radames.manosso.nom.br\/palavras\/produtividade\/software-apps-e-servicos-de-produtividade\/\">Software, apps e servi\u00e7os de produtividade<\/a><\/li>\n\n\n\n<li><a href=\"https:\/\/radames.manosso.nom.br\/palavras\/produtividade\/edc-every-day-carry-objetos-de-porte-diario\/\">EDC every day carry \u2013 objetos de porte di\u00e1rio<\/a><\/li>\n\n\n\n<li><a href=\"https:\/\/radames.manosso.nom.br\/palavras\/produtividade\/tecnicas-empresariais-para-seu-cotidiano\/\">T\u00e9cnicas empresariais para seu cotidiano<\/a><\/li>\n\n\n\n<li><a href=\"https:\/\/radames.manosso.nom.br\/palavras\/educacao\/o-que-e-preciso-saber-para-viver-2\/\">O que \u00e9 preciso saber para viver?<\/a><\/li>\n<\/ul>\n<\/div><\/div>\n","protected":false},"excerpt":{"rendered":"<p>EDC \u00e9 um assunto para pessoas interessadas em produtividade, estilo e sobrevivencialismo. Vou apresentar aqui minha lista de objetos de porte di\u00e1rio. Todas as ocasi\u00f5es H\u00e1 duas coisas que devemos carregar sempre que sa\u00edmos de casa:<\/p>\n","protected":false},"author":1,"featured_media":0,"comment_status":"open","ping_status":"closed","sticky":false,"template":"","format":"standard","meta":{"jetpack_post_was_ever_published":false,"_jetpack_newsletter_access":"","_jetpack_dont_email_post_to_subs":false,"_jetpack_newsletter_tier_id":0,"_jetpack_memberships_contains_paywalled_content":false,"_jetpack_memberships_contains_paid_content":false,"footnotes":""},"categories":[473],"tags":[],"class_list":["post-7297","post","type-post","status-publish","format-standard","hentry","category-produtividade"],"jetpack_featured_media_url":"","jetpack_shortlink":"https:\/\/wp.me\/p74VxW-1TH","jetpack-related-posts":[{"id":7261,"url":"https:\/\/radames.manosso.nom.br\/palavras\/produtividade\/seu-backup-pessoal\/","url_meta":{"origin":7297,"position":0},"title":"Seu backup pessoal","author":"Radam\u00e9s","date":"27\/12\/2024","format":false,"excerpt":"De vez em quando me bate uma preocupa\u00e7\u00e3o com a seguran\u00e7a de meus dados. Dura pouco tempo, mas nessa hora lembro que investi tempo e dinheiro para produzi-los e que de certa forma eles contam a hist\u00f3ria da minha vida.\u00a0Ent\u00e3o me vem \u00e0 cabe\u00e7a a lei fundamentall do backup: Mantenha\u2026","rel":"","context":"Em &quot;Produtividade&quot;","block_context":{"text":"Produtividade","link":"https:\/\/radames.manosso.nom.br\/palavras\/category\/produtividade\/"},"img":{"alt_text":"","src":"","width":0,"height":0},"classes":[]},{"id":7456,"url":"https:\/\/radames.manosso.nom.br\/palavras\/produtividade\/setup-tecnologico-domestico\/","url_meta":{"origin":7297,"position":1},"title":"Setup tecnol\u00f3gico dom\u00e9stico","author":"Radam\u00e9s","date":"12\/01\/2025","format":false,"excerpt":"Quais s\u00e3o os equipamentos necess\u00e1rios em casa para ser produtivo? Depende do que voc\u00ea faz, obviamente, mas algumas coisas s\u00e3o comuns \u00e0 maioria das pessoas. Para todos Computador de trabalho O dispositivo central de qualquer setup tecnol\u00f3gico \u00e9 o computador que pode ser notebook, de mesa (desktop) ou, em alguns\u2026","rel":"","context":"Em &quot;Produtividade&quot;","block_context":{"text":"Produtividade","link":"https:\/\/radames.manosso.nom.br\/palavras\/category\/produtividade\/"},"img":{"alt_text":"impressora","src":"https:\/\/i0.wp.com\/radames.manosso.nom.br\/palavras\/files\/2025\/01\/impressora.jpg?resize=350%2C200&ssl=1","width":350,"height":200,"srcset":"https:\/\/i0.wp.com\/radames.manosso.nom.br\/palavras\/files\/2025\/01\/impressora.jpg?resize=350%2C200&ssl=1 1x, https:\/\/i0.wp.com\/radames.manosso.nom.br\/palavras\/files\/2025\/01\/impressora.jpg?resize=525%2C300&ssl=1 1.5x"},"classes":[]},{"id":7738,"url":"https:\/\/radames.manosso.nom.br\/palavras\/produtividade\/tecnicas-empresariais-para-seu-cotidiano\/","url_meta":{"origin":7297,"position":2},"title":"T\u00e9cnicas empresariais para seu cotidiano","author":"Radam\u00e9s","date":"14\/03\/2025","format":false,"excerpt":"Sabe aquele ditado: casa de ferreiro, espeto de pau? Muita gente adota t\u00e9cnicas empresariais sofisticadas para gerenciar suas atividades na empresa, mas esquece totalmente delas quando chega em casa. Aqui, v\u00e3o algumas t\u00e9cnicas empresariais para melhorar a sua vida em casa. FIFO Girando estoques O sistema de giro de estoques\u2026","rel":"","context":"Em &quot;Produtividade&quot;","block_context":{"text":"Produtividade","link":"https:\/\/radames.manosso.nom.br\/palavras\/category\/produtividade\/"},"img":{"alt_text":"refrigerador","src":"https:\/\/i0.wp.com\/radames.manosso.nom.br\/palavras\/files\/2025\/03\/refrigerador.jpg?resize=350%2C200&ssl=1","width":350,"height":200,"srcset":"https:\/\/i0.wp.com\/radames.manosso.nom.br\/palavras\/files\/2025\/03\/refrigerador.jpg?resize=350%2C200&ssl=1 1x, https:\/\/i0.wp.com\/radames.manosso.nom.br\/palavras\/files\/2025\/03\/refrigerador.jpg?resize=525%2C300&ssl=1 1.5x, https:\/\/i0.wp.com\/radames.manosso.nom.br\/palavras\/files\/2025\/03\/refrigerador.jpg?resize=700%2C400&ssl=1 2x"},"classes":[]},{"id":7514,"url":"https:\/\/radames.manosso.nom.br\/palavras\/produtividade\/os-cinco-degraus-da-independencia-financeira\/","url_meta":{"origin":7297,"position":3},"title":"Os cinco degraus da independ\u00eancia financeira","author":"Radam\u00e9s","date":"27\/01\/2025","format":false,"excerpt":"S\u00f3 existe um tipo de independ\u00eancia: a financeira. Isto posto, vamos falar dos n\u00edveis de independ\u00eancia que podem ir desde a depend\u00eancia completa at\u00e9 a soberania que \u00e9 a meta a ser atingida. O que \u00e9 independ\u00eancia financeira Para delimitar nosso conceito de independ\u00eancia, vamos considerar algumas premissas: Fam\u00edlia de\u2026","rel":"","context":"Em &quot;Produtividade&quot;","block_context":{"text":"Produtividade","link":"https:\/\/radames.manosso.nom.br\/palavras\/category\/produtividade\/"},"img":{"alt_text":"fam\u00edlia estruturada","src":"https:\/\/i0.wp.com\/radames.manosso.nom.br\/palavras\/files\/2025\/01\/familia-estruturada.jpg?resize=350%2C200&ssl=1","width":350,"height":200,"srcset":"https:\/\/i0.wp.com\/radames.manosso.nom.br\/palavras\/files\/2025\/01\/familia-estruturada.jpg?resize=350%2C200&ssl=1 1x, https:\/\/i0.wp.com\/radames.manosso.nom.br\/palavras\/files\/2025\/01\/familia-estruturada.jpg?resize=525%2C300&ssl=1 1.5x"},"classes":[]},{"id":7711,"url":"https:\/\/radames.manosso.nom.br\/palavras\/sem-categoria\/tres-niveis-e-oito-areas-do-desenvolvimento-pessoal\/","url_meta":{"origin":7297,"position":4},"title":"Tr\u00eas n\u00edveis e oito \u00e1reas do desenvolvimento pessoal","author":"Radam\u00e9s","date":"03\/03\/2025","format":false,"excerpt":"O desenvolvimento pessoal \u00e9 tema central da Filosofia ao longo da Hist\u00f3ria embora a express\u00e3o esteja desgastada atualmente por conta de uma certa vulgariza\u00e7\u00e3o do tema. Aqui, no entanto, vamos consider\u00e1-lo em sua dimens\u00e3o ampla falando sobre os tr\u00eas n\u00edveis e as oito \u00e1reas a considerar nesse tema. N\u00edvel b\u00e1sico\u2026","rel":"","context":"Em &quot;Sem categoria&quot;","block_context":{"text":"Sem categoria","link":"https:\/\/radames.manosso.nom.br\/palavras\/category\/sem-categoria\/"},"img":{"alt_text":"","src":"https:\/\/i0.wp.com\/radames.manosso.nom.br\/palavras\/files\/2025\/03\/viajante.jpg?resize=350%2C200&ssl=1","width":350,"height":200},"classes":[]},{"id":7895,"url":"https:\/\/radames.manosso.nom.br\/palavras\/produtividade\/conscienciosidade\/","url_meta":{"origin":7297,"position":5},"title":"Conscienciosidade","author":"Radam\u00e9s","date":"13\/12\/2025","format":false,"excerpt":"Conscienciosidade \u00e9 a qualidade das pessoas conscientes. Alguns dizem que \u00e9 um tra\u00e7o de personalidade, outros de car\u00e1ter. Tamb\u00e9m pode ser vista como uma compet\u00eancia, um conjunto de habilidades. Os conscienciosos s\u00e3o queridinhos do RH de toda empresa, mas o foco deste post \u00e9 a conscienciosidade na vida privada. O\u2026","rel":"","context":"Em &quot;Produtividade&quot;","block_context":{"text":"Produtividade","link":"https:\/\/radames.manosso.nom.br\/palavras\/category\/produtividade\/"},"img":{"alt_text":"espa\u00e7o de leitura","src":"https:\/\/i0.wp.com\/radames.manosso.nom.br\/palavras\/files\/2025\/12\/espaco-leitura.jpg?resize=350%2C200&ssl=1","width":350,"height":200,"srcset":"https:\/\/i0.wp.com\/radames.manosso.nom.br\/palavras\/files\/2025\/12\/espaco-leitura.jpg?resize=350%2C200&ssl=1 1x, https:\/\/i0.wp.com\/radames.manosso.nom.br\/palavras\/files\/2025\/12\/espaco-leitura.jpg?resize=525%2C300&ssl=1 1.5x"},"classes":[]}],"jetpack_sharing_enabled":true,"_links":{"self":[{"href":"https:\/\/radames.manosso.nom.br\/palavras\/wp-json\/wp\/v2\/posts\/7297","targetHints":{"allow":["GET"]}}],"collection":[{"href":"https:\/\/radames.manosso.nom.br\/palavras\/wp-json\/wp\/v2\/posts"}],"about":[{"href":"https:\/\/radames.manosso.nom.br\/palavras\/wp-json\/wp\/v2\/types\/post"}],"author":[{"embeddable":true,"href":"https:\/\/radames.manosso.nom.br\/palavras\/wp-json\/wp\/v2\/users\/1"}],"replies":[{"embeddable":true,"href":"https:\/\/radames.manosso.nom.br\/palavras\/wp-json\/wp\/v2\/comments?post=7297"}],"version-history":[{"count":17,"href":"https:\/\/radames.manosso.nom.br\/palavras\/wp-json\/wp\/v2\/posts\/7297\/revisions"}],"predecessor-version":[{"id":7576,"href":"https:\/\/radames.manosso.nom.br\/palavras\/wp-json\/wp\/v2\/posts\/7297\/revisions\/7576"}],"wp:attachment":[{"href":"https:\/\/radames.manosso.nom.br\/palavras\/wp-json\/wp\/v2\/media?parent=7297"}],"wp:term":[{"taxonomy":"category","embeddable":true,"href":"https:\/\/radames.manosso.nom.br\/palavras\/wp-json\/wp\/v2\/categories?post=7297"},{"taxonomy":"post_tag","embeddable":true,"href":"https:\/\/radames.manosso.nom.br\/palavras\/wp-json\/wp\/v2\/tags?post=7297"}],"curies":[{"name":"wp","href":"https:\/\/api.w.org\/{rel}","templated":true}]}}