{"id":731,"date":"2009-04-04T12:00:35","date_gmt":"2009-04-04T15:00:35","guid":{"rendered":"http:\/\/radamesm.wordpress.com\/?p=731"},"modified":"2021-03-10T17:25:29","modified_gmt":"2021-03-10T20:25:29","slug":"para-que-serve-um-caderno-de-caligrafia","status":"publish","type":"post","link":"https:\/\/radames.manosso.nom.br\/palavras\/educacao\/para-que-serve-um-caderno-de-caligrafia\/","title":{"rendered":"Para que serve um caderno de caligrafia?"},"content":{"rendered":"\n<p>J\u00e1 \u00e9 poss\u00edvel ver alunos brasileiros assistindo aula com notebook sobre a carteira. Alguns deles s\u00e3o felizardos com renda familiar para tanto. Outros s\u00e3o alunos que participam de programas de governo. Esses alunos s\u00e3o resistentes \u00e0 escrita manual. Dizem que teclar \u00e9 mais pr\u00e1tico, mais organizado, mais moderno. Uma parte dos professores acha que independente dos avan\u00e7os tecnol\u00f3gicos, escrever \u00e0 m\u00e3o \u00e9 importante. N\u00e3o d\u00e1 para contar com o computador em todas as situa\u00e7\u00f5es, dizem. <\/p>\n\n\n\n<figure class=\"wp-block-image\"><img data-recalc-dims=\"1\" loading=\"lazy\" decoding=\"async\" width=\"455\" height=\"297\" data-attachment-id=\"737\" data-permalink=\"https:\/\/radames.manosso.nom.br\/palavras\/educacao\/para-que-serve-um-caderno-de-caligrafia\/attachment\/parker-duofold-ouro1\/\" data-orig-file=\"https:\/\/i0.wp.com\/radames.manosso.nom.br\/palavras\/files\/2009\/03\/parker-duofold-ouro1.jpg?fit=455%2C297&amp;ssl=1\" data-orig-size=\"455,297\" data-comments-opened=\"1\" data-image-meta=\"{&quot;aperture&quot;:&quot;0&quot;,&quot;credit&quot;:&quot;&quot;,&quot;camera&quot;:&quot;&quot;,&quot;caption&quot;:&quot;&quot;,&quot;created_timestamp&quot;:&quot;0&quot;,&quot;copyright&quot;:&quot;&quot;,&quot;focal_length&quot;:&quot;0&quot;,&quot;iso&quot;:&quot;0&quot;,&quot;shutter_speed&quot;:&quot;0&quot;,&quot;title&quot;:&quot;&quot;}\" data-image-title=\"Parker duofold ouro\" data-image-description=\"\" data-image-caption=\"\" data-large-file=\"https:\/\/i0.wp.com\/radames.manosso.nom.br\/palavras\/files\/2009\/03\/parker-duofold-ouro1.jpg?fit=455%2C297&amp;ssl=1\" src=\"https:\/\/i0.wp.com\/radames.manosso.nom.br\/palavras\/files\/2009\/03\/parker-duofold-ouro1.jpg?resize=455%2C297&#038;ssl=1\" alt=\"Parker duofold ouro\" class=\"wp-image-737\" srcset=\"https:\/\/i0.wp.com\/radames.manosso.nom.br\/palavras\/files\/2009\/03\/parker-duofold-ouro1.jpg?w=455&amp;ssl=1 455w, https:\/\/i0.wp.com\/radames.manosso.nom.br\/palavras\/files\/2009\/03\/parker-duofold-ouro1.jpg?resize=300%2C195&amp;ssl=1 300w\" sizes=\"auto, (max-width: 455px) 100vw, 455px\" \/><\/figure>\n\n\n\n<!--more-->\n\n\n\n<p>Estamos em um per\u00edodo de transi\u00e7\u00e3o das tecnologias de escrita e ainda \u00e9 cedo para dizer se a escrita manual vai se tornar obsoleta, mas essa conversa me fez lembrar de outra habilidade: a de produzir fogo sem recorrer a f\u00f3sforos ou isqueiro. Nossos antepassados que moravam em cavernas dominavam bem essa t\u00e9cnica que hoje s\u00f3 \u00e9 conhecida por poucos especialistas como escoteiros e militares. No tempo das cavernas, ningu\u00e9m pensava que fosse poss\u00edvel sobreviver sem saber acender uma fogueira a partir de madeira seca. Atualmente, se voc\u00ea sair por a\u00ed dizendo que essa habilidade \u00e9 importante vai ser chamado de tongo.<\/p>\n\n\n\n<p>Tenho a impress\u00e3o que a habilidade para a escrita manual logo estar\u00e1 empalhada no museu das t\u00e9cnicas obsoletas. Em uma gera\u00e7\u00e3o a tecnologia da escrita vai ser reescrita. Para ser sincero, n\u00e3o estou preocupado com o destino dos cadernos de caligrafia. Ao longo da hist\u00f3ria tantas habilidades foram ultrapassadas. Quantos sabem se expressar com pena e tinta nanquim na atualidade?<\/p>\n\n\n\n<p>N\u00e3o se descabelem, saudosistas das belas formas curvil\u00edneas dos cal\u00edgrafos ex\u00edmios. Outras habilidades mais urgentes vos esperam. Digitar com dez dedos sem olhar para o teclado, por exemplo. Bem, talvez nem isso seja necess\u00e1rio no futuro pr\u00f3ximo repleto de computadores comandados por voz.<\/p>\n\n\n\n<h3 class=\"wp-block-heading\">Prova de caligrafia para quem usa teclado<\/h3>\n\n\n\n<p>Estou desaprendendo a escrita manual. Quando escrevo \u00e0 caneta parece que minha m\u00e3o n\u00e3o me obedece mais. Minha letra nunca foi uma maravilha e agora est\u00e1 se tornando mais e mais garranchosa. O pior \u00e9 que escrevo o tempo todo no trabalho e em casa. Como uso o teclado para redigir 99% dos meus textos, lentamente estou perdendo a habilidade para a caligrafia. Essa constata\u00e7\u00e3o me ajuda a refletir sobre alguns estudos surgidos recentemente sobre o potencial do computador para estimular o aprendizado. Tanto no Brasil como no exterior, esses estudos revelam que o uso do computador n\u00e3o melhora o desempenho dos alunos em avalia\u00e7\u00f5es como a Prova Brasil, aplicada nos alunos do Ensino Fundamental. Pelo contr\u00e1rio, indicam que o uso regular do computador est\u00e1 associado a uma queda no desempenho dos alunos nessas provas.<\/p>\n\n\n\n<p>Uma leitura apressada desses estudos poderia nos levar \u00e0 conclus\u00e3o de que o computador prejudica o aprendizado e que seria melhor bani-lo da escola e do quarto dos estudantes. A minha letra garranchosa, entretanto, me leva \u00e0 outra conclus\u00e3o. Que valor vai ter no futuro uma caligrafia primorosa? Estou imaginando um mundo em que h\u00e1 teclados por todos os lados, al\u00e9m de computadores comandados por voz. As provas que avaliam o aprendizado dos alunos est\u00e3o avaliando as compet\u00eancias corretas para o mundo de hoje? Com o computador, os alunos aprendem menos ou aprendem coisas que n\u00e3o se ensinava antes? Talvez essas provas estejam avaliando a caligrafia de alunos que s\u00e3o h\u00e1beis apenas em digita\u00e7\u00e3o.<\/p>\n\n\n\n<h3 class=\"wp-block-heading\">Reflex\u00f5es<\/h3>\n\n\n\n<ul class=\"wp-block-list\">\n<li><a href=\"https:\/\/radames.manosso.nom.br\/palavras\/comportamento\/datas-comemorativas-em-transformacao\/\">Datas comemorativas em transforma\u00e7\u00e3o<\/a><\/li>\n\n\n\n<li><a href=\"https:\/\/radames.manosso.nom.br\/palavras\/comportamento\/o-pioramento-genetico-do-pit-bull\/\">O pioramento gen\u00e9tico do pit bull<\/a><\/li>\n\n\n\n<li><a href=\"https:\/\/radames.manosso.nom.br\/palavras\/comportamento\/preferencia-para-quem-precisa-de-preferencia\/\">Prefer\u00eancia para quem precisa de prefer\u00eancia<\/a><\/li>\n\n\n\n<li><a href=\"https:\/\/radames.manosso.nom.br\/palavras\/comportamento\/loucos-por-listas\/\">Loucos por listas<\/a><\/li>\n\n\n\n<li><a href=\"https:\/\/radames.manosso.nom.br\/palavras\/comportamento\/em-que-fase-a-lua-esta-hoje\/\">Em que fase a lua est\u00e1 hoje?<\/a><\/li>\n\n\n\n<li><a href=\"https:\/\/radames.manosso.nom.br\/palavras\/comportamento\/as-virtudes-da-ordem-alfabetica\/\">As virtudes da ordem alfab\u00e9tica<\/a><\/li>\n\n\n\n<li><a href=\"https:\/\/radames.manosso.nom.br\/palavras\/educacao\/para-que-serve-um-caderno-de-caligrafia\/\">Para que serve um caderno de caligrafia?<\/a><\/li>\n\n\n\n<li><a href=\"https:\/\/radames.manosso.nom.br\/palavras\/comportamento\/aprendi-com-um-velho-indio\/\">Aprendi com um velho \u00edndio<\/a><\/li>\n\n\n\n<li><a href=\"https:\/\/radames.manosso.nom.br\/palavras\/comportamento\/meu-museu-tecnologico-domestico\/\">Meu museu tecnol\u00f3gico dom\u00e9stico<\/a><\/li>\n\n\n\n<li><a href=\"https:\/\/radames.manosso.nom.br\/palavras\/comportamento\/reflexoes-de-um-implicante-tecnologico\/\">Reflex\u00f5es de um implicante tecnol\u00f3gico<\/a><\/li>\n\n\n\n<li><a href=\"https:\/\/radames.manosso.nom.br\/palavras\/comportamento\/quando-o-brega-se-tornar-chique\/\">Quando o brega se tornar chique<\/a><\/li>\n\n\n\n<li><a href=\"https:\/\/radames.manosso.nom.br\/palavras\/comportamento\/o-futuro-incerto-do-nosso-passado-digital\/\">O futuro incerto do nosso passado digital<\/a><\/li>\n\n\n\n<li><a href=\"https:\/\/radames.manosso.nom.br\/palavras\/geral\/saudosa-marmelada\/\">Saudosa marmelada<\/a><\/li>\n\n\n\n<li><a href=\"https:\/\/radames.manosso.nom.br\/palavras\/politica\/biografias-chapa-branca\/\">Biografias chapa-branca<\/a><\/li>\n<\/ul>\n","protected":false},"excerpt":{"rendered":"<p>J\u00e1 \u00e9 poss\u00edvel ver alunos brasileiros assistindo aula com notebook sobre a carteira. Alguns deles s\u00e3o felizardos com renda familiar para tanto. Outros s\u00e3o alunos que participam de programas de governo. Esses alunos s\u00e3o resistentes \u00e0 escrita manual. Dizem que teclar \u00e9 mais pr\u00e1tico, mais organizado, mais moderno. Uma parte dos professores acha que independente &hellip; <a href=\"https:\/\/radames.manosso.nom.br\/palavras\/educacao\/para-que-serve-um-caderno-de-caligrafia\/\" class=\"more-link\">Continue lendo <span class=\"screen-reader-text\">Para que serve um caderno de caligrafia?<\/span> <span class=\"meta-nav\">&rarr;<\/span><\/a><\/p>\n","protected":false},"author":1,"featured_media":0,"comment_status":"open","ping_status":"open","sticky":false,"template":"","format":"standard","meta":{"jetpack_post_was_ever_published":false,"_jetpack_newsletter_access":"","_jetpack_dont_email_post_to_subs":false,"_jetpack_newsletter_tier_id":0,"_jetpack_memberships_contains_paywalled_content":false,"_jetpack_memberships_contains_paid_content":false,"footnotes":""},"categories":[44],"tags":[49,50,299,51,52,53,16],"class_list":["post-731","post","type-post","status-publish","format-standard","hentry","category-educacao","tag-alfabetizacao","tag-caligrafia","tag-comportamento","tag-escrita","tag-lingua-portuguesa","tag-portugues","tag-tecnologia"],"jetpack_featured_media_url":"","jetpack_shortlink":"https:\/\/wp.me\/p74VxW-bN","jetpack-related-posts":[{"id":5216,"url":"https:\/\/radames.manosso.nom.br\/palavras\/produtividade\/o-que-e-preciso-saber-para-viver-2\/","url_meta":{"origin":731,"position":0},"title":"O que \u00e9 preciso saber para viver?","author":"Radam\u00e9s","date":false,"format":false,"excerpt":"Pode parecer que estamos retomando o ideal renascentista do homem que dominava as mais variadas artes e ci\u00eancias. Se f\u00f4ssemos listar as compet\u00eancias e padr\u00f5es de comportamento esperados do profissional moderno precisar\u00edamos de muito papel e talvez a rela\u00e7\u00e3o ficasse mais extensa do que a lista de habilidades dominadas por\u2026","rel":"","context":"Em &quot;Produtividade&quot;","block_context":{"text":"Produtividade","link":"https:\/\/radames.manosso.nom.br\/palavras\/category\/produtividade\/"},"img":{"alt_text":"checklist","src":"https:\/\/i0.wp.com\/radames.manosso.nom.br\/palavras\/files\/2019\/09\/checklist.png?resize=350%2C200&ssl=1","width":350,"height":200},"classes":[]},{"id":5188,"url":"https:\/\/radames.manosso.nom.br\/palavras\/comportamento\/meu-museu-tecnologico-domestico\/","url_meta":{"origin":731,"position":1},"title":"Meu museu tecnol\u00f3gico dom\u00e9stico","author":"Radam\u00e9s","date":false,"format":false,"excerpt":"Tirei a foto juntando pe\u00e7as do meu museu dom\u00e9stico da tecnologia. Para a nova gera\u00e7\u00e3o entender vou explicar a fun\u00e7\u00e3o de cada item: M\u00e1quina de escrever. Imprime enquanto voc\u00ea digita.Globo. Google Maps 3D que n\u00e3o dava zoom.\u00a0 Alguns mostram lugares que n\u00e3o existem como Uni\u00e3o Sovi\u00e9tica, Tchecoslov\u00e1quia e Iugosl\u00e1via.M\u00e1quina fotogr\u00e1fica\u2026","rel":"","context":"Em &quot;Comportamento&quot;","block_context":{"text":"Comportamento","link":"https:\/\/radames.manosso.nom.br\/palavras\/category\/comportamento\/"},"img":{"alt_text":"","src":"","width":0,"height":0},"classes":[]},{"id":1917,"url":"https:\/\/radames.manosso.nom.br\/palavras\/geral\/saudosa-marmelada\/","url_meta":{"origin":731,"position":2},"title":"Saudosa marmelada","author":"Radam\u00e9s","date":false,"format":false,"excerpt":"Recentemente assisti em casa um daqueles filmes raros que v\u00e3o fundo na alma do ser humano. Falo de O Lutador com Mickey Rourke e Marisa Tomei, que conta a hist\u00f3ria de um lutador decadente que por d\u00e9cadas atua em espet\u00e1culos de wrestling. Bem, n\u00e3o \u00e9 do filme que vou falar\u2026","rel":"","context":"Em &quot;geral&quot;","block_context":{"text":"geral","link":"https:\/\/radames.manosso.nom.br\/palavras\/category\/geral\/"},"img":{"alt_text":"","src":"https:\/\/i0.wp.com\/radames.manosso.nom.br\/palavras\/files\/2010\/06\/telecatch.png?resize=350%2C200","width":350,"height":200},"classes":[]},{"id":5178,"url":"https:\/\/radames.manosso.nom.br\/palavras\/comportamento\/aprendi-com-um-velho-indio\/","url_meta":{"origin":731,"position":3},"title":"Aprendi com um velho \u00edndio","author":"Radam\u00e9s","date":false,"format":false,"excerpt":"Sapi\u00eancias que n\u00e3o se aprende na escola. N\u00e3o d\u00ea conselhos. Venda-os A regra \u00e9 simples, mas fundamentada. Se o seu conselho \u00e9 bom, ent\u00e3o deve ter valor de mercado. Se n\u00e3o \u00e9, bem nesse caso o melhor \u00e9 ficar calado. \u00c9 grande a lista das pessoas que vivem de dar\u2026","rel":"","context":"Em &quot;Comportamento&quot;","block_context":{"text":"Comportamento","link":"https:\/\/radames.manosso.nom.br\/palavras\/category\/comportamento\/"},"img":{"alt_text":"","src":"https:\/\/i0.wp.com\/radames.manosso.nom.br\/palavras\/files\/2019\/02\/yoda.jpg?resize=350%2C200&ssl=1","width":350,"height":200},"classes":[]},{"id":100,"url":"https:\/\/radames.manosso.nom.br\/palavras\/comportamento\/em-que-fase-a-lua-esta-hoje\/","url_meta":{"origin":731,"position":4},"title":"Em que fase a lua est\u00e1 hoje?","author":"Radam\u00e9s","date":false,"format":false,"excerpt":"Aqui voc\u00ea consulta as fases da lua 2022 em quatro apresenta\u00e7\u00f5es: calend\u00e1rio colorido, calend\u00e1rio visual, tabela e planilha com calend\u00e1rio 1900-2100. Tabela das fases da lua 2022 A tabela abaixo indica o momento exato em que cada fase da lua se inicia. Os dias seguintes est\u00e3o na mesma fase. Exemplo:\u2026","rel":"","context":"Em &quot;Comportamento&quot;","block_context":{"text":"Comportamento","link":"https:\/\/radames.manosso.nom.br\/palavras\/category\/comportamento\/"},"img":{"alt_text":"lua cheia","src":"https:\/\/i0.wp.com\/radames.manosso.nom.br\/palavras\/files\/2008\/03\/ND7_3027-e1607970751872.jpg?resize=350%2C200&ssl=1","width":350,"height":200},"classes":[]},{"id":3100,"url":"https:\/\/radames.manosso.nom.br\/palavras\/comportamento\/quando-o-brega-se-tornar-chique\/","url_meta":{"origin":731,"position":5},"title":"Quando o brega se tornar chique","author":"Radam\u00e9s","date":false,"format":false,"excerpt":"Todo mundo consegue dar um exemplo de m\u00fasica brega, mas explicar o que \u00e9 esse tipo de m\u00fasica n\u00e3o \u00e9 tarefa simples. Para come\u00e7ar, brega n\u00e3o \u00e9 um g\u00eanero musical, embora, seja costume\u00a0associ\u00e1-lo com ritmos populares como o sertanejo, o ax\u00e9 e, obviamente, o bolero, g\u00eanero oficial do corno. Esses\u2026","rel":"","context":"Em &quot;Comportamento&quot;","block_context":{"text":"Comportamento","link":"https:\/\/radames.manosso.nom.br\/palavras\/category\/comportamento\/"},"img":{"alt_text":"Capa de LP - Waldick Soriano","src":"https:\/\/i0.wp.com\/radames.manosso.nom.br\/palavras\/files\/2012\/11\/waldick-soriano-capa-lp-1986-e1492043699972.jpg?resize=350%2C200&ssl=1","width":350,"height":200},"classes":[]}],"jetpack_sharing_enabled":true,"_links":{"self":[{"href":"https:\/\/radames.manosso.nom.br\/palavras\/wp-json\/wp\/v2\/posts\/731","targetHints":{"allow":["GET"]}}],"collection":[{"href":"https:\/\/radames.manosso.nom.br\/palavras\/wp-json\/wp\/v2\/posts"}],"about":[{"href":"https:\/\/radames.manosso.nom.br\/palavras\/wp-json\/wp\/v2\/types\/post"}],"author":[{"embeddable":true,"href":"https:\/\/radames.manosso.nom.br\/palavras\/wp-json\/wp\/v2\/users\/1"}],"replies":[{"embeddable":true,"href":"https:\/\/radames.manosso.nom.br\/palavras\/wp-json\/wp\/v2\/comments?post=731"}],"version-history":[{"count":4,"href":"https:\/\/radames.manosso.nom.br\/palavras\/wp-json\/wp\/v2\/posts\/731\/revisions"}],"predecessor-version":[{"id":5771,"href":"https:\/\/radames.manosso.nom.br\/palavras\/wp-json\/wp\/v2\/posts\/731\/revisions\/5771"}],"wp:attachment":[{"href":"https:\/\/radames.manosso.nom.br\/palavras\/wp-json\/wp\/v2\/media?parent=731"}],"wp:term":[{"taxonomy":"category","embeddable":true,"href":"https:\/\/radames.manosso.nom.br\/palavras\/wp-json\/wp\/v2\/categories?post=731"},{"taxonomy":"post_tag","embeddable":true,"href":"https:\/\/radames.manosso.nom.br\/palavras\/wp-json\/wp\/v2\/tags?post=731"}],"curies":[{"name":"wp","href":"https:\/\/api.w.org\/{rel}","templated":true}]}}