{"id":7799,"date":"2025-04-27T15:44:00","date_gmt":"2025-04-27T18:44:00","guid":{"rendered":"https:\/\/radames.manosso.nom.br\/palavras\/?p=7799"},"modified":"2025-07-24T18:33:07","modified_gmt":"2025-07-24T21:33:07","slug":"casa-tecnologica-aparelhos","status":"publish","type":"post","link":"https:\/\/radames.manosso.nom.br\/palavras\/produtividade\/casa-tecnologica-aparelhos\/","title":{"rendered":"Casa tecnol\u00f3gica &#8211; aparelhos"},"content":{"rendered":"\n<p>Neste artigo falaremos sobre os aparelhos que comp\u00f5e uma casa tecnol\u00f3gica.<\/p>\n\n\n\n<ul class=\"wp-block-list\">\n<li><a href=\"#audio\" data-type=\"internal\" data-id=\"#audio\">\u00c1udio<\/a>.<\/li>\n\n\n\n<li><a href=\"#fogao\" data-type=\"internal\" data-id=\"#fogao\">Forno e fog\u00e3o<\/a><\/li>\n\n\n\n<li><a href=\"#roupa\" data-type=\"internal\" data-id=\"#roupa\">Lavadora de roupa.<\/a><\/li>\n\n\n\n<li><a href=\"#refrigerador\" data-type=\"internal\" data-id=\"#refrigerador\">Refrigerador<\/a>.<\/li>\n\n\n\n<li><a href=\"#televisao\" data-type=\"internal\" data-id=\"#televisao\">Televis\u00e3o<\/a>.<\/li>\n\n\n\n<li><a href=\"#videogame\" data-type=\"internal\" data-id=\"#videogame\">Videogame<\/a>.<\/li>\n\n\n\n<li><a href=\"#oficina\" data-type=\"internal\" data-id=\"#oficina\">Oficina<\/a>.<\/li>\n\n\n\n<li><a href=\"#mais\" data-type=\"internal\" data-id=\"#mais\">Mais aparelhos.<\/a><\/li>\n<\/ul>\n\n\n\n<h2 class=\"wp-block-heading\" id=\"audio\">\u00c1udio<\/h2>\n\n\n\n<p>No passado, era comum encontrar nas casas de classe m\u00e9dia aparelhos de som sofisticados e caros que propiciavam uma experi\u00eancia incr\u00edvel para ouvir m\u00fasica. Com o tempo, houve mudan\u00e7as de h\u00e1bito e hoje temos op\u00e7\u00f5es para todos os n\u00edveis de exig\u00eancia. Um sistema de \u00e1udio de respeito deve reproduzir \u00e1udio musical, de filmes e de games. Veja algumas solu\u00e7\u00f5es em ordem crescente de sofistica\u00e7\u00e3o:<\/p>\n\n\n\n<ul class=\"wp-block-list\">\n<li><strong>\u00c1udio nativo do aparelho<\/strong>. Para o b\u00e1sico voc\u00ea pode ouvir o \u00e1udio na TV, notebook ou celular.<\/li>\n\n\n\n<li><strong>Som individual<\/strong>: para ouvir sozinho tem fone de ouvido, headphone, headset etc. Oferece a vantagem da mobilidade.<\/li>\n\n\n\n<li><strong>Caixa de som port\u00e1til<\/strong>. Os alto-falantes port\u00e1teis s\u00e3o populares pelo baixo custo e porque d\u00e1 para levar por a\u00ed.<\/li>\n\n\n\n<li><strong>Soundbar com subwoofer<\/strong>. Integram-se ao aparelho de TV e reproduzem \u00e1udio em padr\u00e3o cinematogr\u00e1fico 5.1. Para instala\u00e7\u00e3o fixa.<\/li>\n\n\n\n<li><strong>Sistema completo 5.1<\/strong>: Composto por receiver que processa, amplifica e distribui o \u00e1udio, tr\u00eas caixas frontais (central, esquerda e direita), duas caixas traseiras para efeito surround e subwoofer. Instala\u00e7\u00e3o fixa ideal para ambiente dedicado ao entretenimento.<\/li>\n\n\n\n<li><strong>Tocadores de m\u00eddia f\u00edsica<\/strong>. O padr\u00e3o atual \u00e9 receber o \u00e1udio de fonte on-line, mas os f\u00e3s de m\u00eddia f\u00edsica v\u00e3o precisar de aparelhos para reproduzir LP, CD, DVD, bluray, etc.<\/li>\n<\/ul>\n\n\n\n<p>Para ouvidos privilegiados e carteiras abonadas existem solu\u00e7\u00f5es mais sofisticadas, verdadeiras obras de arte, mas esse n\u00edvel de qualidade e pre\u00e7o n\u00e3o \u00e9 para o consumidor m\u00e9dio.<\/p>\n\n\n\n<p>Veja na imagem o layout ideal de um sistema 5.1 de \u00e1udio completo.<\/p>\n\n\n\n<figure class=\"wp-block-image size-full\"><a href=\"https:\/\/i0.wp.com\/radames.manosso.nom.br\/palavras\/files\/2025\/04\/configuracao-som-5-1.png?ssl=1\"><img data-recalc-dims=\"1\" loading=\"lazy\" decoding=\"async\" width=\"405\" height=\"337\" data-attachment-id=\"7814\" data-permalink=\"https:\/\/radames.manosso.nom.br\/palavras\/produtividade\/casa-tecnologica-aparelhos\/attachment\/configuracao-som-5-1\/\" data-orig-file=\"https:\/\/i0.wp.com\/radames.manosso.nom.br\/palavras\/files\/2025\/04\/configuracao-som-5-1.png?fit=405%2C337&amp;ssl=1\" data-orig-size=\"405,337\" data-comments-opened=\"1\" data-image-meta=\"{&quot;aperture&quot;:&quot;0&quot;,&quot;credit&quot;:&quot;&quot;,&quot;camera&quot;:&quot;&quot;,&quot;caption&quot;:&quot;&quot;,&quot;created_timestamp&quot;:&quot;0&quot;,&quot;copyright&quot;:&quot;&quot;,&quot;focal_length&quot;:&quot;0&quot;,&quot;iso&quot;:&quot;0&quot;,&quot;shutter_speed&quot;:&quot;0&quot;,&quot;title&quot;:&quot;&quot;,&quot;orientation&quot;:&quot;0&quot;}\" data-image-title=\"Layout sistema de \u00e1udio 5.1\" data-image-description=\"\" data-image-caption=\"&lt;p&gt;Layout sistema de \u00e1udio 5.1&lt;\/p&gt;\n\" data-large-file=\"https:\/\/i0.wp.com\/radames.manosso.nom.br\/palavras\/files\/2025\/04\/configuracao-som-5-1.png?fit=405%2C337&amp;ssl=1\" src=\"https:\/\/i0.wp.com\/radames.manosso.nom.br\/palavras\/files\/2025\/04\/configuracao-som-5-1.png?resize=405%2C337&#038;ssl=1\" alt=\"Layout sistema de \u00e1udio 5.1\" class=\"wp-image-7814\" srcset=\"https:\/\/i0.wp.com\/radames.manosso.nom.br\/palavras\/files\/2025\/04\/configuracao-som-5-1.png?w=405&amp;ssl=1 405w, https:\/\/i0.wp.com\/radames.manosso.nom.br\/palavras\/files\/2025\/04\/configuracao-som-5-1.png?resize=300%2C250&amp;ssl=1 300w\" sizes=\"auto, (max-width: 405px) 100vw, 405px\" \/><\/a><figcaption class=\"wp-element-caption\">Layout sistema de \u00e1udio 5.1<\/figcaption><\/figure>\n\n\n\n<h3 class=\"wp-block-heading\">Melhor escolha<\/h3>\n\n\n\n<p class=\"has-yellow-background-color has-background\">A melhor escolha depende de seu n\u00edvel de exig\u00eancia. Para a melhor experi\u00eancia&nbsp; um <strong>sistema completo 5.1 <\/strong>\u00e9 recomendado. Nesse caso, \u00e9 preciso tamb\u00e9m ter um ambiente dom\u00e9stico adequado para uma experi\u00eancia imersiva.<\/p>\n\n\n\n<p><strong>\u00c1udio ambiente<\/strong>. Um sistema de \u00e1udio ambiente residencial envolve projeto e instala\u00e7\u00e3o do receiver que distribui o \u00e1udio por alto-falantes embutidos pela casa. Para lares em que os moradores compartilham os mesmos gostos musicais.<\/p>\n\n\n\n<figure class=\"wp-block-image size-full\"><a href=\"https:\/\/i0.wp.com\/radames.manosso.nom.br\/palavras\/files\/2025\/04\/audio-5-1.png?ssl=1\"><img data-recalc-dims=\"1\" loading=\"lazy\" decoding=\"async\" width=\"600\" height=\"314\" data-attachment-id=\"7809\" data-permalink=\"https:\/\/radames.manosso.nom.br\/palavras\/produtividade\/casa-tecnologica-aparelhos\/attachment\/audio-5-1\/\" data-orig-file=\"https:\/\/i0.wp.com\/radames.manosso.nom.br\/palavras\/files\/2025\/04\/audio-5-1.png?fit=600%2C314&amp;ssl=1\" data-orig-size=\"600,314\" data-comments-opened=\"1\" data-image-meta=\"{&quot;aperture&quot;:&quot;0&quot;,&quot;credit&quot;:&quot;&quot;,&quot;camera&quot;:&quot;&quot;,&quot;caption&quot;:&quot;&quot;,&quot;created_timestamp&quot;:&quot;0&quot;,&quot;copyright&quot;:&quot;&quot;,&quot;focal_length&quot;:&quot;0&quot;,&quot;iso&quot;:&quot;0&quot;,&quot;shutter_speed&quot;:&quot;0&quot;,&quot;title&quot;:&quot;&quot;,&quot;orientation&quot;:&quot;0&quot;}\" data-image-title=\"audio-5-1\" data-image-description=\"&lt;p&gt;audio-5-1&lt;\/p&gt;\n\" data-image-caption=\"\" data-large-file=\"https:\/\/i0.wp.com\/radames.manosso.nom.br\/palavras\/files\/2025\/04\/audio-5-1.png?fit=600%2C314&amp;ssl=1\" src=\"https:\/\/i0.wp.com\/radames.manosso.nom.br\/palavras\/files\/2025\/04\/audio-5-1.png?resize=600%2C314&#038;ssl=1\" alt=\"audio-5-1\" class=\"wp-image-7809\" srcset=\"https:\/\/i0.wp.com\/radames.manosso.nom.br\/palavras\/files\/2025\/04\/audio-5-1.png?w=600&amp;ssl=1 600w, https:\/\/i0.wp.com\/radames.manosso.nom.br\/palavras\/files\/2025\/04\/audio-5-1.png?resize=300%2C157&amp;ssl=1 300w\" sizes=\"auto, (max-width: 600px) 100vw, 600px\" \/><\/a><\/figure>\n\n\n\n<!--more-->\n\n\n\n<h2 class=\"wp-block-heading\" id=\"fogao\">Forno e fog\u00e3o<\/h2>\n\n\n\n<p>A escolha do forno e fog\u00e3o da casa depende de fatores como o custo de cada fonte de energia na regi\u00e3o e as prefer\u00eancias culin\u00e1rias, j\u00e1 que cada tipo de fog\u00e3o e forno geram diferentes experi\u00eancias culin\u00e1rias. Quanto ao aspecto ambiental \u00e9 bom lembrar que biomassa \u00e9 renov\u00e1vel e o ganho ambiental da energia el\u00e9trica depende de como a energia el\u00e9trica \u00e9 gerada na usina.<\/p>\n\n\n\n<h3 class=\"wp-block-heading\">Fonte de energia<\/h3>\n\n\n\n<ul class=\"wp-block-list\">\n<li><strong>Biomassa<\/strong>. Lenha, pallet.<\/li>\n\n\n\n<li><strong>G\u00e1s<\/strong>. GLP ou natural, em botij\u00f5es ou canalizado da rua.<\/li>\n\n\n\n<li><strong>El\u00e9trica com resist\u00eancia<\/strong>. No forno el\u00e9trico o ar quente circula com ventila\u00e7\u00e3o for\u00e7ada.<\/li>\n\n\n\n<li><strong>El\u00e9trica por indu\u00e7\u00e3o<\/strong>. O aquecimento indutivo requer panelas de material magn\u00e9tico como a\u00e7o inox.<\/li>\n\n\n\n<li><strong>El\u00e9trica por micro-ondas<\/strong>. Caso do forno de micro-ondas.<\/li>\n<\/ul>\n\n\n\n<h3 class=\"wp-block-heading\">Instala\u00e7\u00e3o<\/h3>\n\n\n\n<ul class=\"wp-block-list\">\n<li><strong>Piso<\/strong>. Tradicional conjunto m\u00f3vel de forno e fog\u00e3o integrados.<\/li>\n\n\n\n<li><strong>Embutido<\/strong>. Semelhante ao tradicional, mas instalado fixo na bancada.<\/li>\n\n\n\n<li><strong>Cooktop<\/strong>. Caso do fog\u00e3o instalado fixo sobre a bancada da cozinha.<\/li>\n\n\n\n<li><strong>Mesa<\/strong>. Fog\u00e3o port\u00e1til para colocar sobre a mesa ou bancada.<\/li>\n\n\n\n<li><strong>Vertical<\/strong>. Para forno embutido em nicho na parede.<\/li>\n\n\n\n<li><strong>Industrial<\/strong>. Constru\u00e7\u00e3o robusta para ficar no piso.<\/li>\n\n\n\n<li><strong>Duplo<\/strong>. Alguns aparelhos contam com forno el\u00e9trico e a g\u00e1s no mesmo m\u00f3vel.<\/li>\n\n\n\n<li><strong>Constru\u00eddo<\/strong>. Em alvenaria especial para queimar lenha.<\/li>\n<\/ul>\n\n\n\n<h3 class=\"wp-block-heading\">Melhor escolha<\/h3>\n\n\n\n<p class=\"has-yellow-background-color has-background\"><strong>Fog\u00e3o el\u00e9trico de resist\u00eancia<\/strong> e <strong>forno a g\u00e1s<\/strong> s\u00e3o a op\u00e7\u00e3o pr\u00e1tica para os dias atuais. Forno de micro-ondas a rigor n\u00e3o \u00e9 necess\u00e1rio, apenas conveniente. J\u00e1 o fog\u00e3o a lenha \u00e9 indicado para adeptos da culin\u00e1ria raiz, mas d\u00e1 mais trabalho.<\/p>\n\n\n\n<figure class=\"wp-block-image size-full\"><a href=\"https:\/\/i0.wp.com\/radames.manosso.nom.br\/palavras\/files\/2025\/04\/fogao-eletrico.jpg?ssl=1\"><img data-recalc-dims=\"1\" loading=\"lazy\" decoding=\"async\" width=\"600\" height=\"447\" data-attachment-id=\"7829\" data-permalink=\"https:\/\/radames.manosso.nom.br\/palavras\/produtividade\/casa-tecnologica-aparelhos\/attachment\/fogao-eletrico\/\" data-orig-file=\"https:\/\/i0.wp.com\/radames.manosso.nom.br\/palavras\/files\/2025\/04\/fogao-eletrico.jpg?fit=600%2C447&amp;ssl=1\" data-orig-size=\"600,447\" data-comments-opened=\"1\" data-image-meta=\"{&quot;aperture&quot;:&quot;0&quot;,&quot;credit&quot;:&quot;&quot;,&quot;camera&quot;:&quot;&quot;,&quot;caption&quot;:&quot;&quot;,&quot;created_timestamp&quot;:&quot;0&quot;,&quot;copyright&quot;:&quot;&quot;,&quot;focal_length&quot;:&quot;0&quot;,&quot;iso&quot;:&quot;0&quot;,&quot;shutter_speed&quot;:&quot;0&quot;,&quot;title&quot;:&quot;&quot;,&quot;orientation&quot;:&quot;1&quot;}\" data-image-title=\"fog\u00e3o el\u00e9trico\" data-image-description=\"&lt;p&gt;fog\u00e3o el\u00e9trico&lt;\/p&gt;\n\" data-image-caption=\"\" data-large-file=\"https:\/\/i0.wp.com\/radames.manosso.nom.br\/palavras\/files\/2025\/04\/fogao-eletrico.jpg?fit=600%2C447&amp;ssl=1\" src=\"https:\/\/i0.wp.com\/radames.manosso.nom.br\/palavras\/files\/2025\/04\/fogao-eletrico.jpg?resize=600%2C447&#038;ssl=1\" alt=\"fog\u00e3o el\u00e9trico\" class=\"wp-image-7829\" srcset=\"https:\/\/i0.wp.com\/radames.manosso.nom.br\/palavras\/files\/2025\/04\/fogao-eletrico.jpg?w=600&amp;ssl=1 600w, https:\/\/i0.wp.com\/radames.manosso.nom.br\/palavras\/files\/2025\/04\/fogao-eletrico.jpg?resize=300%2C224&amp;ssl=1 300w\" sizes=\"auto, (max-width: 600px) 100vw, 600px\" \/><\/a><\/figure>\n\n\n\n<h2 class=\"wp-block-heading\" id=\"roupa\">Lavadora de roupa<\/h2>\n\n\n\n<p>A compra de uma m\u00e1quina de lavar roupa deve priorizar qualidades como: efici\u00eancia de lavagem, baixo consumo de \u00e1gua e de energia el\u00e9trica. Algumas caracter\u00edsticas a considerar na escolha:<\/p>\n\n\n\n<ul class=\"wp-block-list\">\n<li><strong>Frontal &#8211; superior<\/strong>. M\u00e1quinas com tampo frontal vencem as m\u00e1quinas de tampo superior em efici\u00eancia e economia, mas no Brasil o tampo superior \u00e9 dominante.<\/li>\n\n\n\n<li><strong>Capacidade<\/strong>. Os fabricantes oferecem modelos cada vez maiores, provavelmente porque o comprador valoriza tamanho, mas convenhamos quem precisa de uma m\u00e1quina que lave mais de 10kg de roupa por carga.<\/li>\n\n\n\n<li><strong>Lava e seca<\/strong>. Aparelhos com dupla fun\u00e7\u00e3o s\u00e3o interessantes em clima desfavor\u00e1vel para secagem ao ar livre. Ocupam menos espa\u00e7o e podem ficar mais baratos que a compra de dois aparelhos em separado.<\/li>\n\n\n\n<li><strong>Ciclos. <\/strong>Bom se a m\u00e1quina tem ciclos variados a escolher como turbo, ecol\u00f3gico etc. A op\u00e7\u00e3o de interromper o ciclo nas descargas \u00e9 interessante para reuso da \u00e1gua.<\/li>\n\n\n\n<li><strong>\u00c1gua quente e vapor<\/strong>. Alguns modelos aquecem a \u00e1gua de lavagem e permitem lavagem a seco com vapor. Recursos que encarecem o processo para quem tem necessidades espec\u00edficas.<\/li>\n\n\n\n<li><strong>Sensores e intelig\u00eancia<\/strong>. Modelos mais tecnol\u00f3gicos t\u00eam sensores de peso e de tipo de tecido. Dessa forma, ajustam o ciclo de lavagem automaticamente para a carga recebida.<\/li>\n\n\n\n<li><strong>Motor inverter<\/strong>. Modelos com esse tipo de motor ajustam a pot\u00eancia aplicada \u00e0 carga que est\u00e1 na m\u00e1quina resultando em maior economia e sil\u00eancio.<\/li>\n\n\n\n<li><strong>Conectividade<\/strong>. Para deslumbrados que gostam de comandar tudo pelo celular.<\/li>\n<\/ul>\n\n\n\n<h3 class=\"wp-block-heading\">Melhor escolha<\/h3>\n\n\n\n<p class=\"has-yellow-background-color has-background\">M\u00e1quina de lavar e secar frontal com capacidade para 10kg, motor inverter, sensores e intelig\u00eancia. Investimento mais alto, mas compensado pela economia na opera\u00e7\u00e3o di\u00e1ria.<\/p>\n\n\n\n<figure class=\"wp-block-image size-full\"><a href=\"https:\/\/i0.wp.com\/radames.manosso.nom.br\/palavras\/files\/2025\/04\/lavadora-samsung.jpg?ssl=1\"><img data-recalc-dims=\"1\" loading=\"lazy\" decoding=\"async\" width=\"330\" height=\"450\" data-attachment-id=\"7820\" data-permalink=\"https:\/\/radames.manosso.nom.br\/palavras\/produtividade\/casa-tecnologica-aparelhos\/attachment\/lavadora-samsung\/\" data-orig-file=\"https:\/\/i0.wp.com\/radames.manosso.nom.br\/palavras\/files\/2025\/04\/lavadora-samsung.jpg?fit=330%2C450&amp;ssl=1\" data-orig-size=\"330,450\" data-comments-opened=\"1\" data-image-meta=\"{&quot;aperture&quot;:&quot;0&quot;,&quot;credit&quot;:&quot;&quot;,&quot;camera&quot;:&quot;&quot;,&quot;caption&quot;:&quot;&quot;,&quot;created_timestamp&quot;:&quot;0&quot;,&quot;copyright&quot;:&quot;&quot;,&quot;focal_length&quot;:&quot;0&quot;,&quot;iso&quot;:&quot;0&quot;,&quot;shutter_speed&quot;:&quot;0&quot;,&quot;title&quot;:&quot;&quot;,&quot;orientation&quot;:&quot;0&quot;}\" data-image-title=\"lavadora Samsung\" data-image-description=\"&lt;p&gt;lavadora Samsung&lt;\/p&gt;\n\" data-image-caption=\"\" data-large-file=\"https:\/\/i0.wp.com\/radames.manosso.nom.br\/palavras\/files\/2025\/04\/lavadora-samsung.jpg?fit=330%2C450&amp;ssl=1\" src=\"https:\/\/i0.wp.com\/radames.manosso.nom.br\/palavras\/files\/2025\/04\/lavadora-samsung.jpg?resize=330%2C450&#038;ssl=1\" alt=\"lavadora Samsung\" class=\"wp-image-7820\" srcset=\"https:\/\/i0.wp.com\/radames.manosso.nom.br\/palavras\/files\/2025\/04\/lavadora-samsung.jpg?w=330&amp;ssl=1 330w, https:\/\/i0.wp.com\/radames.manosso.nom.br\/palavras\/files\/2025\/04\/lavadora-samsung.jpg?resize=220%2C300&amp;ssl=1 220w\" sizes=\"auto, (max-width: 330px) 100vw, 330px\" \/><\/a><\/figure>\n\n\n\n<h2 class=\"wp-block-heading\" id=\"refrigerador\">Refrigerador<\/h2>\n\n\n\n<p>O consumo de energia el\u00e9trica \u00e9 decisivo para a escolha de um refrigerador, pois este aparelho opera ininterruptamente o ano todo e tem impacto significativo na conta de luz. Outra decis\u00e3o importante \u00e9 sobre a capacidade. Escolha um tamanho ajustado \u00e0 sua necessidade, pois tamanho maior leva a consumo maior. Tamb\u00e9m \u00e9 importante acertar no tamanho do freezer, pois demanda mais energia e muitas vezes fica ocioso. Caracter\u00edsticas a considerar na compra:<\/p>\n\n\n\n<h3 class=\"wp-block-heading\">Portas<\/h3>\n\n\n\n<ul class=\"wp-block-list\">\n<li><strong>Uma porta<\/strong>. Tradicional com compartimento de congelamento interno.<\/li>\n\n\n\n<li><strong>Duas portas<\/strong>. Dois compartimentos separados para refrigera\u00e7\u00e3o e congelamento.<\/li>\n\n\n\n<li><strong>Duas portas inverse.<\/strong> O congelador fica na parte de baixo.<\/li>\n\n\n\n<li><strong>Side by side<\/strong>. Refrigerador e congelador lado a lado.<\/li>\n\n\n\n<li><strong>French door<\/strong>. Tr\u00eas portas: duas para o refrigerador e a inferior para o freezer.<\/li>\n<\/ul>\n\n\n\n<h3 class=\"wp-block-heading\">Degelo<\/h3>\n\n\n\n<ul class=\"wp-block-list\">\n<li><strong>Manual<\/strong>. Deve passar por degelo peri\u00f3dico.<\/li>\n\n\n\n<li><strong>Semi autom\u00e1tico<\/strong>. Menos ciclos de degelo.<\/li>\n\n\n\n<li><strong>Cycle defrost<\/strong>. Degelo anual.<\/li>\n\n\n\n<li><strong>Frost free<\/strong>. N\u00e3o requer degelo.<\/li>\n<\/ul>\n\n\n\n<p>A praticidade, neste caso, envolve maior consumo de energia.<\/p>\n\n\n\n<h3 class=\"wp-block-heading\">Material<\/h3>\n\n\n\n<ul class=\"wp-block-list\">\n<li><strong>Branca<\/strong>. A\u00e7o carbono pintado.<\/li>\n\n\n\n<li><strong>Evox<\/strong>. A\u00e7o carbono com revestimento anticorrosivo e camada de verniz.<\/li>\n\n\n\n<li><strong>Inox<\/strong>. A\u00e7o inox de alta resist\u00eancia a corros\u00e3o.<\/li>\n<\/ul>\n\n\n\n<h3 class=\"wp-block-heading\">Tecnologias novas<\/h3>\n\n\n\n<ul class=\"wp-block-list\">\n<li><strong>Inverter<\/strong>. O motor n\u00e3o desliga evitando picos de consumo. Sistema mais econ\u00f4mico.<\/li>\n\n\n\n<li><strong>Programas<\/strong>. Permite refrigera\u00e7\u00e3o r\u00e1pida, carga alta por tempo limitado, etc.<\/li>\n\n\n\n<li><strong>Intelig\u00eancia<\/strong>. Sensores de temperatura interna, externa e umidade permitem otimiza\u00e7\u00e3o da conserva\u00e7\u00e3o dos alimentos.<\/li>\n<\/ul>\n\n\n\n<h3 class=\"wp-block-heading\">Capacidade<\/h3>\n\n\n\n<ul class=\"wp-block-list\">\n<li><strong>At\u00e9 300l<\/strong>. Para duas pessoas.<\/li>\n\n\n\n<li><strong>De 300 a 400l<\/strong>. Para fam\u00edlias at\u00e9 quatro pessoas.<\/li>\n\n\n\n<li><strong>Mais de 400l<\/strong>. Para fam\u00edlias grandes.<\/li>\n<\/ul>\n\n\n\n<h3 class=\"wp-block-heading\">Melhor escolha<\/h3>\n\n\n\n<p class=\"has-yellow-background-color has-background\">Refrigerador frost free, 300-400 litros, 2 portas inverse, tecnologia inverter, acabamento evox, consumo A+++ no Inmetro.<\/p>\n\n\n\n<figure class=\"wp-block-image size-full\"><a href=\"https:\/\/i0.wp.com\/radames.manosso.nom.br\/palavras\/files\/2025\/04\/refrigerador-inverse.jpg?ssl=1\"><img data-recalc-dims=\"1\" loading=\"lazy\" decoding=\"async\" width=\"180\" height=\"450\" data-attachment-id=\"7832\" data-permalink=\"https:\/\/radames.manosso.nom.br\/palavras\/produtividade\/casa-tecnologica-aparelhos\/attachment\/refrigerador-inverse\/\" data-orig-file=\"https:\/\/i0.wp.com\/radames.manosso.nom.br\/palavras\/files\/2025\/04\/refrigerador-inverse.jpg?fit=180%2C450&amp;ssl=1\" data-orig-size=\"180,450\" data-comments-opened=\"1\" data-image-meta=\"{&quot;aperture&quot;:&quot;0&quot;,&quot;credit&quot;:&quot;&quot;,&quot;camera&quot;:&quot;&quot;,&quot;caption&quot;:&quot;&quot;,&quot;created_timestamp&quot;:&quot;0&quot;,&quot;copyright&quot;:&quot;&quot;,&quot;focal_length&quot;:&quot;0&quot;,&quot;iso&quot;:&quot;0&quot;,&quot;shutter_speed&quot;:&quot;0&quot;,&quot;title&quot;:&quot;&quot;,&quot;orientation&quot;:&quot;0&quot;}\" data-image-title=\"refrigerador inverse\" data-image-description=\"&lt;p&gt;refrigerador inverse&lt;\/p&gt;\n\" data-image-caption=\"\" data-large-file=\"https:\/\/i0.wp.com\/radames.manosso.nom.br\/palavras\/files\/2025\/04\/refrigerador-inverse.jpg?fit=180%2C450&amp;ssl=1\" src=\"https:\/\/i0.wp.com\/radames.manosso.nom.br\/palavras\/files\/2025\/04\/refrigerador-inverse.jpg?resize=180%2C450&#038;ssl=1\" alt=\"refrigerador inverse\" class=\"wp-image-7832\" srcset=\"https:\/\/i0.wp.com\/radames.manosso.nom.br\/palavras\/files\/2025\/04\/refrigerador-inverse.jpg?w=180&amp;ssl=1 180w, https:\/\/i0.wp.com\/radames.manosso.nom.br\/palavras\/files\/2025\/04\/refrigerador-inverse.jpg?resize=120%2C300&amp;ssl=1 120w\" sizes=\"auto, (max-width: 180px) 100vw, 180px\" \/><\/a><\/figure>\n\n\n\n<h2 class=\"wp-block-heading\" id=\"televisao\">Televis\u00e3o<\/h2>\n\n\n\n<p>A TV moderna tem tr\u00eas caracter\u00edsticas b\u00e1sicas: \u00e9 um monitor que exibe imagens enviadas por dispositivos variados como computador, DVD player, box de TV por assinatura etc. \u00c9 um receptor de sinal de TV aberta captado do ar por uma antena. E, por fim, \u00e9 um dispositivo computacional que permite conex\u00e3o \u00e0 Internet e instala\u00e7\u00e3o de aplicativos, da\u00ed o nome smart TV.<\/p>\n\n\n\n<p>Escolher uma TV adequada para sua necessidade d\u00e1 trabalho, pois as op\u00e7\u00f5es a considerar s\u00e3o muitas. Vejamos algumas:<\/p>\n\n\n\n<h3 class=\"wp-block-heading\">Tamanho de tela<\/h3>\n\n\n\n<p>Qual tamanho de tela voc\u00ea precisa? 32&#8243;, 42&#8243;, 60&#8243; &#8230; O tamanho ideal da TV depende do ambiente onde vai ser instalada e se voc\u00ea quer uma experi\u00eancia imersiva. Tela maior \u00e9 para ambientes grandes onde v\u00e1rias pessoas podem assistir juntas. No geral, uma tela de 40 e poucas polegadas satisfaz a maioria das pessoas. Veja na imagem abaixo as dist\u00e2ncias ideais entre TV e sof\u00e1 de acordo com o tamanho da tela.<\/p>\n\n\n\n<figure class=\"wp-block-image size-full\"><a href=\"https:\/\/i0.wp.com\/radames.manosso.nom.br\/palavras\/files\/2025\/04\/ditancia-tv-sofa.png?ssl=1\"><img data-recalc-dims=\"1\" loading=\"lazy\" decoding=\"async\" width=\"563\" height=\"457\" data-attachment-id=\"7813\" data-permalink=\"https:\/\/radames.manosso.nom.br\/palavras\/produtividade\/casa-tecnologica-aparelhos\/attachment\/ditancia-tv-sofa\/\" data-orig-file=\"https:\/\/i0.wp.com\/radames.manosso.nom.br\/palavras\/files\/2025\/04\/ditancia-tv-sofa.png?fit=563%2C457&amp;ssl=1\" data-orig-size=\"563,457\" data-comments-opened=\"1\" data-image-meta=\"{&quot;aperture&quot;:&quot;0&quot;,&quot;credit&quot;:&quot;&quot;,&quot;camera&quot;:&quot;&quot;,&quot;caption&quot;:&quot;&quot;,&quot;created_timestamp&quot;:&quot;0&quot;,&quot;copyright&quot;:&quot;&quot;,&quot;focal_length&quot;:&quot;0&quot;,&quot;iso&quot;:&quot;0&quot;,&quot;shutter_speed&quot;:&quot;0&quot;,&quot;title&quot;:&quot;&quot;,&quot;orientation&quot;:&quot;0&quot;}\" data-image-title=\"Dist\u00e2ncia TV sof\u00e1\" data-image-description=\"&lt;p&gt;Dist\u00e2ncia TV sof\u00e1&lt;\/p&gt;\n\" data-image-caption=\"\" data-large-file=\"https:\/\/i0.wp.com\/radames.manosso.nom.br\/palavras\/files\/2025\/04\/ditancia-tv-sofa.png?fit=563%2C457&amp;ssl=1\" src=\"https:\/\/i0.wp.com\/radames.manosso.nom.br\/palavras\/files\/2025\/04\/ditancia-tv-sofa.png?resize=563%2C457&#038;ssl=1\" alt=\"Dist\u00e2ncia TV sof\u00e1\" class=\"wp-image-7813\" srcset=\"https:\/\/i0.wp.com\/radames.manosso.nom.br\/palavras\/files\/2025\/04\/ditancia-tv-sofa.png?w=563&amp;ssl=1 563w, https:\/\/i0.wp.com\/radames.manosso.nom.br\/palavras\/files\/2025\/04\/ditancia-tv-sofa.png?resize=300%2C244&amp;ssl=1 300w\" sizes=\"auto, (max-width: 563px) 100vw, 563px\" \/><\/a><\/figure>\n\n\n\n<h3 class=\"wp-block-heading\">Resolu\u00e7\u00e3o de tela<\/h3>\n\n\n\n<p>A resolu\u00e7\u00e3o indica quantos pixels a tela exibe. Em princ\u00edpio, quanto mais melhor, mas resolu\u00e7\u00e3o alta aumenta o pre\u00e7o e nem sempre voc\u00ea ter\u00e1 o que fazer com tantos pixels. A TV aberta, por exemplo, fornece sinal em resolu\u00e7\u00e3o 1920 x 1080. As resolu\u00e7\u00f5es mais comuns s\u00e3o:<\/p>\n\n\n\n<ul class=\"wp-block-list\">\n<li><strong>HD<\/strong>: 1280 x 720.<\/li>\n\n\n\n<li><strong>Full HD<\/strong>: 1920 x 1080.<\/li>\n\n\n\n<li><strong>4K<\/strong>: 3840 x 2160.<\/li>\n\n\n\n<li><strong>8K<\/strong>: 7680 x 4320<\/li>\n<\/ul>\n\n\n\n<h3 class=\"wp-block-heading\">Propor\u00e7\u00e3o de tela<\/h3>\n\n\n\n<p>No passado, os filmes e a TV anal\u00f3gica eram produzidos em escala 4:3. Depois, o cinema come\u00e7ou a produzir filmes na propor\u00e7\u00e3o 21:9 e o padr\u00e3o da TV aberta digital \u00e9 16:9. A tela ultra wide (21:9) \u00e9 a melhor para assistir filmes.<\/p>\n\n\n\n<ul class=\"wp-block-list\">\n<li>4:3<\/li>\n\n\n\n<li>16:9 widescreen.<\/li>\n\n\n\n<li>21:9 ultra widescreen.<\/li>\n<\/ul>\n\n\n\n<p>Veja na imagem a seguir as combina\u00e7\u00f5es entre propor\u00e7\u00e3o de tela do aparelho e do v\u00eddeo exibido.<\/p>\n\n\n\n<figure class=\"wp-block-image size-full\"><a href=\"https:\/\/i0.wp.com\/radames.manosso.nom.br\/palavras\/files\/2025\/04\/proporcoes-de-tela.jpg?ssl=1\"><img data-recalc-dims=\"1\" loading=\"lazy\" decoding=\"async\" width=\"546\" height=\"469\" data-attachment-id=\"7812\" data-permalink=\"https:\/\/radames.manosso.nom.br\/palavras\/produtividade\/casa-tecnologica-aparelhos\/attachment\/proporcoes-de-tela\/\" data-orig-file=\"https:\/\/i0.wp.com\/radames.manosso.nom.br\/palavras\/files\/2025\/04\/proporcoes-de-tela.jpg?fit=546%2C469&amp;ssl=1\" data-orig-size=\"546,469\" data-comments-opened=\"1\" data-image-meta=\"{&quot;aperture&quot;:&quot;0&quot;,&quot;credit&quot;:&quot;&quot;,&quot;camera&quot;:&quot;&quot;,&quot;caption&quot;:&quot;&quot;,&quot;created_timestamp&quot;:&quot;0&quot;,&quot;copyright&quot;:&quot;&quot;,&quot;focal_length&quot;:&quot;0&quot;,&quot;iso&quot;:&quot;0&quot;,&quot;shutter_speed&quot;:&quot;0&quot;,&quot;title&quot;:&quot;&quot;,&quot;orientation&quot;:&quot;1&quot;}\" data-image-title=\"propor\u00e7\u00f5es de tela\" data-image-description=\"&lt;p&gt;propor\u00e7\u00f5es de tela&lt;\/p&gt;\n\" data-image-caption=\"\" data-large-file=\"https:\/\/i0.wp.com\/radames.manosso.nom.br\/palavras\/files\/2025\/04\/proporcoes-de-tela.jpg?fit=546%2C469&amp;ssl=1\" src=\"https:\/\/i0.wp.com\/radames.manosso.nom.br\/palavras\/files\/2025\/04\/proporcoes-de-tela.jpg?resize=546%2C469&#038;ssl=1\" alt=\"propor\u00e7\u00f5es de tela\" class=\"wp-image-7812\" srcset=\"https:\/\/i0.wp.com\/radames.manosso.nom.br\/palavras\/files\/2025\/04\/proporcoes-de-tela.jpg?w=546&amp;ssl=1 546w, https:\/\/i0.wp.com\/radames.manosso.nom.br\/palavras\/files\/2025\/04\/proporcoes-de-tela.jpg?resize=300%2C258&amp;ssl=1 300w\" sizes=\"auto, (max-width: 546px) 100vw, 546px\" \/><\/a><\/figure>\n\n\n\n<h3 class=\"wp-block-heading\">Tecnologia de tela<\/h3>\n\n\n\n<p>Os fabricantes oferecem uma sopa de letrinhas quando o assunto \u00e9 tecnologia de TV. Cada uma tem suas vantagens e desvantagens. Se voc\u00ea tem necessidades bem espec\u00edficas ent\u00e3o se aprofunde nos detalhes de cada tecnologia. Para a maioria das pessoas, por\u00e9m, basta ir at\u00e9 a loja e ver com os pr\u00f3prios olhos o modelo que apresenta o melhor custo-benef\u00edcio.<\/p>\n\n\n\n<ul class=\"wp-block-list\">\n<li>LCD.<\/li>\n\n\n\n<li>LED.<\/li>\n\n\n\n<li>QLED.<\/li>\n\n\n\n<li>OLED.<\/li>\n\n\n\n<li>Neo QLED.<\/li>\n\n\n\n<li>QD OLED.<\/li>\n\n\n\n<li>MiniLED.<\/li>\n\n\n\n<li>MicroLED.<\/li>\n\n\n\n<li>NanoCELL.<\/li>\n<\/ul>\n\n\n\n<h3 class=\"wp-block-heading\">Fatores a considerar na compra de uma TV<\/h3>\n\n\n\n<ul class=\"wp-block-list\">\n<li>Brilho.<\/li>\n\n\n\n<li>Contraste.<\/li>\n\n\n\n<li>Reprodu\u00e7\u00e3o de cores.<\/li>\n\n\n\n<li>\u00c2ngulo de vis\u00e3o. D\u00e1 para assistir em qualquer posi\u00e7\u00e3o?<\/li>\n\n\n\n<li>Tecnologia de \u00e1udio: DOLBI digital, DOLBI Atmos.<\/li>\n\n\n\n<li>Sistema operacional: Android, Roku, WebOS, Tizen.<\/li>\n\n\n\n<li>Consumo de energia.<\/li>\n\n\n\n<li>Fadiga ocular.<\/li>\n\n\n\n<li>Taxa de atualiza\u00e7\u00e3o em Hz. Importante para games.<\/li>\n\n\n\n<li>Modo jogo: prioriza o tempo de resposta.<\/li>\n\n\n\n<li>Durabilidade.<\/li>\n\n\n\n<li>Pre\u00e7o.<\/li>\n<\/ul>\n\n\n\n<h3 class=\"wp-block-heading\">Melhor escolha<\/h3>\n\n\n\n<p class=\"has-yellow-background-color has-background\">Uma smart TV com 40 e poucas polegadas, resolu\u00e7\u00e3o 4K, propor\u00e7\u00e3o 16:9, tecnologia recente, brilho intenso, contraste profundo, cores naturais e baixo consumo de energia. \u00c9 poss\u00edvel encontrar um modelo assim por pre\u00e7o razo\u00e1vel.<\/p>\n\n\n\n<figure class=\"wp-block-image size-full\"><a href=\"https:\/\/i0.wp.com\/radames.manosso.nom.br\/palavras\/files\/2025\/04\/tv-ultra-widescreen.jpg?ssl=1\"><img data-recalc-dims=\"1\" loading=\"lazy\" decoding=\"async\" width=\"600\" height=\"391\" data-attachment-id=\"7803\" data-permalink=\"https:\/\/radames.manosso.nom.br\/palavras\/produtividade\/casa-tecnologica-aparelhos\/attachment\/tv-ultra-widescreen\/\" data-orig-file=\"https:\/\/i0.wp.com\/radames.manosso.nom.br\/palavras\/files\/2025\/04\/tv-ultra-widescreen.jpg?fit=600%2C391&amp;ssl=1\" data-orig-size=\"600,391\" data-comments-opened=\"1\" data-image-meta=\"{&quot;aperture&quot;:&quot;0&quot;,&quot;credit&quot;:&quot;&quot;,&quot;camera&quot;:&quot;&quot;,&quot;caption&quot;:&quot;&quot;,&quot;created_timestamp&quot;:&quot;0&quot;,&quot;copyright&quot;:&quot;&quot;,&quot;focal_length&quot;:&quot;0&quot;,&quot;iso&quot;:&quot;0&quot;,&quot;shutter_speed&quot;:&quot;0&quot;,&quot;title&quot;:&quot;&quot;,&quot;orientation&quot;:&quot;1&quot;}\" data-image-title=\"tv-ultra-widescreen\" data-image-description=\"&lt;p&gt;tv-ultra-widescreen&lt;\/p&gt;\n\" data-image-caption=\"\" data-large-file=\"https:\/\/i0.wp.com\/radames.manosso.nom.br\/palavras\/files\/2025\/04\/tv-ultra-widescreen.jpg?fit=600%2C391&amp;ssl=1\" src=\"https:\/\/i0.wp.com\/radames.manosso.nom.br\/palavras\/files\/2025\/04\/tv-ultra-widescreen.jpg?resize=600%2C391&#038;ssl=1\" alt=\"tv-ultra-widescreen\" class=\"wp-image-7803\" srcset=\"https:\/\/i0.wp.com\/radames.manosso.nom.br\/palavras\/files\/2025\/04\/tv-ultra-widescreen.jpg?w=600&amp;ssl=1 600w, https:\/\/i0.wp.com\/radames.manosso.nom.br\/palavras\/files\/2025\/04\/tv-ultra-widescreen.jpg?resize=300%2C196&amp;ssl=1 300w\" sizes=\"auto, (max-width: 600px) 100vw, 600px\" \/><\/a><\/figure>\n\n\n\n<h2 class=\"wp-block-heading\" id=\"videogame\">Videogame<\/h2>\n\n\n\n<p>Os videogames podem dividir espa\u00e7o e equipamentos com \u00e1udio, v\u00eddeo e computa\u00e7\u00e3o para produtividade. Voc\u00ea pode jogar na sala de m\u00eddia da casa ou no escrit\u00f3rio onde o computador tamb\u00e9m \u00e9 usado para trabalho. Os aficionados, por\u00e9m, costumam montar um ambiente imersivo para jogos eletr\u00f4nicos. S\u00e3o v\u00e1rias op\u00e7\u00f5es para rodar jogos digitais:<\/p>\n\n\n\n<ul class=\"wp-block-list\">\n<li>Smartphone.<\/li>\n\n\n\n<li>Console port\u00e1til.<\/li>\n\n\n\n<li>Computador.<\/li>\n\n\n\n<li>Consoles.<\/li>\n<\/ul>\n\n\n\n<p>Os consoles hoje s\u00e3o computadores otimizados para videogame. Os aficionados que preferem jogar em computador optam por equipamento otimizado para jogo (computador gamer).<\/p>\n\n\n\n<h3 class=\"wp-block-heading\">Melhor escolha<\/h3>\n\n\n\n<p class=\"has-yellow-background-color has-background\">Ambientes multiuso s\u00e3o a escolha sensata. Ent\u00e3o, pensando em um uso moderado do videogame d\u00e1 para jogar na<strong> <\/strong>sala de m\u00eddia da casa em um <strong>console de marca l\u00edder (Nintendo, Sony ou Microsoft)<\/strong>. Dessa forma, o computador fica para reservado para produtividade.<\/p>\n\n\n\n<figure class=\"wp-block-image size-full\"><a href=\"https:\/\/i0.wp.com\/radames.manosso.nom.br\/palavras\/files\/2025\/04\/consoles-videogame.jpg?ssl=1\"><img data-recalc-dims=\"1\" loading=\"lazy\" decoding=\"async\" width=\"600\" height=\"300\" data-attachment-id=\"7805\" data-permalink=\"https:\/\/radames.manosso.nom.br\/palavras\/produtividade\/casa-tecnologica-aparelhos\/attachment\/consoles-videogame\/\" data-orig-file=\"https:\/\/i0.wp.com\/radames.manosso.nom.br\/palavras\/files\/2025\/04\/consoles-videogame.jpg?fit=600%2C300&amp;ssl=1\" data-orig-size=\"600,300\" data-comments-opened=\"1\" data-image-meta=\"{&quot;aperture&quot;:&quot;0&quot;,&quot;credit&quot;:&quot;&quot;,&quot;camera&quot;:&quot;&quot;,&quot;caption&quot;:&quot;&quot;,&quot;created_timestamp&quot;:&quot;0&quot;,&quot;copyright&quot;:&quot;&quot;,&quot;focal_length&quot;:&quot;0&quot;,&quot;iso&quot;:&quot;0&quot;,&quot;shutter_speed&quot;:&quot;0&quot;,&quot;title&quot;:&quot;&quot;,&quot;orientation&quot;:&quot;0&quot;}\" data-image-title=\"consoles-videogame\" data-image-description=\"&lt;p&gt;consoles-videogame&lt;\/p&gt;\n\" data-image-caption=\"\" data-large-file=\"https:\/\/i0.wp.com\/radames.manosso.nom.br\/palavras\/files\/2025\/04\/consoles-videogame.jpg?fit=600%2C300&amp;ssl=1\" src=\"https:\/\/i0.wp.com\/radames.manosso.nom.br\/palavras\/files\/2025\/04\/consoles-videogame.jpg?resize=600%2C300&#038;ssl=1\" alt=\"consoles-videogame\" class=\"wp-image-7805\" srcset=\"https:\/\/i0.wp.com\/radames.manosso.nom.br\/palavras\/files\/2025\/04\/consoles-videogame.jpg?w=600&amp;ssl=1 600w, https:\/\/i0.wp.com\/radames.manosso.nom.br\/palavras\/files\/2025\/04\/consoles-videogame.jpg?resize=300%2C150&amp;ssl=1 300w\" sizes=\"auto, (max-width: 600px) 100vw, 600px\" \/><\/a><\/figure>\n\n\n\n<h2 class=\"wp-block-heading\" id=\"oficina\">Oficina<\/h2>\n\n\n\n<p>Homem que \u00e9 homem tem uma caixa de ferramentas sortida. Melhor ainda se tiver uma pequena oficina em casa para resolver problemas de autom\u00f3vel, civil, el\u00e9trica, jardinagem, hidr\u00e1ulica, marcenaria etc. Veja os itens que comp\u00f5em uma oficina dom\u00e9stica de respeito:<\/p>\n\n\n\n<ol start=\"1\" class=\"wp-block-list\">\n<li>Alicate.<\/li>\n\n\n\n<li>Arco de serra.<\/li>\n\n\n\n<li>Bancada.<\/li>\n\n\n\n<li>Carrinho de m\u00e3o.<\/li>\n\n\n\n<li>Chave de grifo.<\/li>\n\n\n\n<li>Chave inglesa.<\/li>\n\n\n\n<li>Chaves allen.<\/li>\n\n\n\n<li>Chaves de boca.<\/li>\n\n\n\n<li>Chaves de fenda.<\/li>\n\n\n\n<li>Chaves Phillips.<\/li>\n\n\n\n<li>Colher de pedreiro.<\/li>\n\n\n\n<li>Compressor de ar.<\/li>\n\n\n\n<li>Cortadeira.<\/li>\n\n\n\n<li>Cortador de grama.<\/li>\n\n\n\n<li>Desempenadeira.<\/li>\n\n\n\n<li>Enxada.<\/li>\n\n\n\n<li>Escadas.<\/li>\n\n\n\n<li>Esp\u00e1tula.<\/li>\n\n\n\n<li>Esquadro.<\/li>\n\n\n\n<li>Estilete.<\/li>\n\n\n\n<li>Extens\u00e3o.<\/li>\n\n\n\n<li>Ferro de solda.<\/li>\n\n\n\n<li>Form\u00e3o.<\/li>\n\n\n\n<li>Furadeira.<\/li>\n\n\n\n<li>Lanterna.<\/li>\n\n\n\n<li>Lavadora de press\u00e3o.<\/li>\n\n\n\n<li>Lima.<\/li>\n\n\n\n<li>Lixadeira.<\/li>\n\n\n\n<li>Luvas de raspa.<\/li>\n\n\n\n<li>Macaco.<\/li>\n\n\n\n<li>Mangueira.<\/li>\n\n\n\n<li>Marreta.<\/li>\n\n\n\n<li>Martelo.<\/li>\n\n\n\n<li>Morsa.<\/li>\n\n\n\n<li>Mult\u00edmetro.<\/li>\n\n\n\n<li>N\u00edvel.<\/li>\n\n\n\n<li>\u00d3culos de prote\u00e7\u00e3o.<\/li>\n\n\n\n<li>P\u00e1.<\/li>\n\n\n\n<li>Paqu\u00edmetro.<\/li>\n\n\n\n<li>Parafusadeira.<\/li>\n\n\n\n<li>P\u00e9 de cabra.<\/li>\n\n\n\n<li>Pedras de amolar.<\/li>\n\n\n\n<li>Picareta.<\/li>\n\n\n\n<li>Pistola de pintura.<\/li>\n\n\n\n<li>Ponteiro.<\/li>\n\n\n\n<li>Sargentos.<\/li>\n\n\n\n<li>Serra circular.<\/li>\n\n\n\n<li>Serrote.<\/li>\n\n\n\n<li>Tesoura de poda.<\/li>\n\n\n\n<li>Trena.<\/li>\n<\/ol>\n\n\n\n<figure class=\"wp-block-image size-full\"><a href=\"https:\/\/i0.wp.com\/radames.manosso.nom.br\/palavras\/files\/2025\/04\/oficina.jpg?ssl=1\"><img data-recalc-dims=\"1\" loading=\"lazy\" decoding=\"async\" width=\"604\" height=\"579\" data-attachment-id=\"7837\" data-permalink=\"https:\/\/radames.manosso.nom.br\/palavras\/produtividade\/casa-tecnologica-aparelhos\/attachment\/oficina\/\" data-orig-file=\"https:\/\/i0.wp.com\/radames.manosso.nom.br\/palavras\/files\/2025\/04\/oficina.jpg?fit=640%2C614&amp;ssl=1\" data-orig-size=\"640,614\" data-comments-opened=\"1\" data-image-meta=\"{&quot;aperture&quot;:&quot;0&quot;,&quot;credit&quot;:&quot;&quot;,&quot;camera&quot;:&quot;&quot;,&quot;caption&quot;:&quot;&quot;,&quot;created_timestamp&quot;:&quot;0&quot;,&quot;copyright&quot;:&quot;&quot;,&quot;focal_length&quot;:&quot;0&quot;,&quot;iso&quot;:&quot;0&quot;,&quot;shutter_speed&quot;:&quot;0&quot;,&quot;title&quot;:&quot;&quot;,&quot;orientation&quot;:&quot;0&quot;}\" data-image-title=\"oficina\" data-image-description=\"&lt;p&gt;oficina&lt;\/p&gt;\n\" data-image-caption=\"\" data-large-file=\"https:\/\/i0.wp.com\/radames.manosso.nom.br\/palavras\/files\/2025\/04\/oficina.jpg?fit=604%2C579&amp;ssl=1\" src=\"https:\/\/i0.wp.com\/radames.manosso.nom.br\/palavras\/files\/2025\/04\/oficina.jpg?resize=604%2C579&#038;ssl=1\" alt=\"oficina\" class=\"wp-image-7837\" srcset=\"https:\/\/i0.wp.com\/radames.manosso.nom.br\/palavras\/files\/2025\/04\/oficina.jpg?w=640&amp;ssl=1 640w, https:\/\/i0.wp.com\/radames.manosso.nom.br\/palavras\/files\/2025\/04\/oficina.jpg?resize=300%2C288&amp;ssl=1 300w\" sizes=\"auto, (max-width: 604px) 100vw, 604px\" \/><\/a><\/figure>\n\n\n\n<h2 class=\"wp-block-heading\" id=\"mais\">Mais aparelhos<\/h2>\n\n\n\n<h3 class=\"wp-block-heading\">Cafeteira<\/h3>\n\n\n\n<p>Para apreciadores as solu\u00e7\u00f5es para fazer caf\u00e9 s\u00e3o muitas.<\/p>\n\n\n\n<p>Algumas s\u00e3o mec\u00e2nicas:<\/p>\n\n\n\n<ul class=\"wp-block-list\">\n<li>Coador manual.<\/li>\n\n\n\n<li>Cafeteira italiana Moka.<\/li>\n\n\n\n<li>Prensa francesa.<\/li>\n\n\n\n<li>Cafeteira turca.<\/li>\n\n\n\n<li>Cafeteira aeropress.<\/li>\n\n\n\n<li>Cafeteira globinho.<\/li>\n<\/ul>\n\n\n\n<p>Outras s\u00e3o el\u00e9tricas:<\/p>\n\n\n\n<ul class=\"wp-block-list\">\n<li>Cafeteira el\u00e9trica de filtro.<\/li>\n\n\n\n<li>Cafeteira de c\u00e1psulas.<\/li>\n\n\n\n<li>Cafeteira de caf\u00e9 expresso.<\/li>\n<\/ul>\n\n\n\n<h3 class=\"wp-block-heading\">Coifa &#8211; depurador<\/h3>\n\n\n\n<p>O depurador filtra o ar e o devolve para a cozinha. A coifa remove o ar e envia para o exterior. A coifa \u00e9 mais eficiente e indicada para cozinhas bem ativas, mas exige uma sa\u00edda livre. O depurador \u00e9 mais b\u00e1sico, mas resolve em cozinhas pequenas de pouco uso.<\/p>\n\n\n\n<h3 class=\"wp-block-heading\">Sanduicheira &#8211; grill<\/h3>\n\n\n\n<p>A sanduicheira e o grill el\u00e9trico ajudam a fazer lanches r\u00e1pidos ou refei\u00e7\u00f5es mais elaboradas.<\/p>\n\n\n\n<h3 class=\"wp-block-heading\">Batedeira<\/h3>\n\n\n\n<p>Tradicional utens\u00edlio de cozinha em v\u00e1rias op\u00e7\u00f5es: manual, fixa, orbital, planet\u00e1ria. Tamb\u00e9m variam em pot\u00eancia, robustez e capacidade. A depender da sua necessidade.<\/p>\n\n\n\n<h3 class=\"wp-block-heading\">Liquidificador &#8211; processador<\/h3>\n\n\n\n<p>O liquidificador \u00e9 indicado para produzir massas homog\u00eaneas e pastosas. O processador permite picar, fatiar, reduzir tamanho. Alguns aparelhos oferecem as duas fun\u00e7\u00f5es apenas trocando as pe\u00e7as.<\/p>\n\n\n\n<h3 class=\"wp-block-heading\">Moedor de gr\u00e3os<\/h3>\n\n\n\n<p>Para quem gosta de moer o alimento na hora em que vai usar, como o caf\u00e9, por exemplo. Em vers\u00e3o manual para os tradicionalistas ou el\u00e9trico para os modernos.<\/p>\n\n\n\n<h3 class=\"wp-block-heading\">Purificador de \u00e1gua<\/h3>\n\n\n\n<p>V\u00e1rias op\u00e7\u00f5es desde o tradicional filtro de barro com vela at\u00e9 purificadores de carv\u00e3o ativo e de oz\u00f4nio. Alguns refrigeram a \u00e1gua purificada. Para melhorar a qualidade e sabor da \u00e1gua pot\u00e1vel.<\/p>\n\n\n\n<figure class=\"wp-block-image size-full is-resized\"><a href=\"https:\/\/i0.wp.com\/radames.manosso.nom.br\/palavras\/files\/2025\/04\/cafeteira.jpg?ssl=1\"><img data-recalc-dims=\"1\" loading=\"lazy\" decoding=\"async\" width=\"604\" height=\"801\" data-attachment-id=\"7842\" data-permalink=\"https:\/\/radames.manosso.nom.br\/palavras\/produtividade\/casa-tecnologica-aparelhos\/attachment\/cafeteira\/\" data-orig-file=\"https:\/\/i0.wp.com\/radames.manosso.nom.br\/palavras\/files\/2025\/04\/cafeteira.jpg?fit=674%2C894&amp;ssl=1\" data-orig-size=\"674,894\" data-comments-opened=\"1\" data-image-meta=\"{&quot;aperture&quot;:&quot;0&quot;,&quot;credit&quot;:&quot;&quot;,&quot;camera&quot;:&quot;&quot;,&quot;caption&quot;:&quot;&quot;,&quot;created_timestamp&quot;:&quot;0&quot;,&quot;copyright&quot;:&quot;&quot;,&quot;focal_length&quot;:&quot;0&quot;,&quot;iso&quot;:&quot;0&quot;,&quot;shutter_speed&quot;:&quot;0&quot;,&quot;title&quot;:&quot;&quot;,&quot;orientation&quot;:&quot;1&quot;}\" data-image-title=\"cafeteira\" data-image-description=\"&lt;p&gt;cafeteira&lt;\/p&gt;\n\" data-image-caption=\"\" data-large-file=\"https:\/\/i0.wp.com\/radames.manosso.nom.br\/palavras\/files\/2025\/04\/cafeteira.jpg?fit=604%2C801&amp;ssl=1\" src=\"https:\/\/i0.wp.com\/radames.manosso.nom.br\/palavras\/files\/2025\/04\/cafeteira.jpg?resize=604%2C801&#038;ssl=1\" alt=\"cafeteira\" class=\"wp-image-7842\" style=\"width:258px;height:auto\" srcset=\"https:\/\/i0.wp.com\/radames.manosso.nom.br\/palavras\/files\/2025\/04\/cafeteira.jpg?w=674&amp;ssl=1 674w, https:\/\/i0.wp.com\/radames.manosso.nom.br\/palavras\/files\/2025\/04\/cafeteira.jpg?resize=226%2C300&amp;ssl=1 226w\" sizes=\"auto, (max-width: 604px) 100vw, 604px\" \/><\/a><\/figure>\n\n\n\n<h3 class=\"wp-block-heading\">Consumo<\/h3>\n\n\n\n<ul class=\"wp-block-list\">\n<li><a href=\"https:\/\/radames.manosso.nom.br\/palavras\/produtividade\/casa-tecnologica-sistemas\/\">Casa tecnol\u00f3gica \u2013 sistemas<\/a><\/li>\n\n\n\n<li><a href=\"https:\/\/radames.manosso.nom.br\/palavras\/produtividade\/casa-tecnologica-aparelhos\/\">Casa tecnol\u00f3gica &#8211; aparelhos<\/a><\/li>\n\n\n\n<li><a href=\"https:\/\/radames.manosso.nom.br\/palavras\/comportamento\/dimensoes-da-alimentacao\/\">Dimens\u00f5es da alimenta\u00e7\u00e3o<\/a><\/li>\n\n\n\n<li><a href=\"https:\/\/radames.manosso.nom.br\/palavras\/comportamento\/minhas-opinioes-impopulares-sobre-alimentacao\/\">Minhas opini\u00f5es impopulares sobre alimenta\u00e7\u00e3o<\/a><\/li>\n\n\n\n<li><a href=\"https:\/\/radames.manosso.nom.br\/palavras\/produtividade\/meu-minimalismo\/\">Meu minimalismo<\/a><\/li>\n\n\n\n<li><a href=\"https:\/\/radames.manosso.nom.br\/palavras\/geral\/voce-calcula-o-preco-por-kg-dos-produtos\/\">Voc\u00ea calcula o pre\u00e7o por kg dos produtos?<\/a><\/li>\n<\/ul>\n","protected":false},"excerpt":{"rendered":"<p>Neste artigo falaremos sobre os aparelhos que comp\u00f5e uma casa tecnol\u00f3gica. \u00c1udio No passado, era comum encontrar nas casas de classe m\u00e9dia aparelhos de som sofisticados e caros que propiciavam uma experi\u00eancia incr\u00edvel para ouvir m\u00fasica. Com o tempo, houve mudan\u00e7as de h\u00e1bito e hoje temos op\u00e7\u00f5es para todos os n\u00edveis de exig\u00eancia. Um sistema &hellip; <a href=\"https:\/\/radames.manosso.nom.br\/palavras\/produtividade\/casa-tecnologica-aparelhos\/\" class=\"more-link\">Continue lendo <span class=\"screen-reader-text\">Casa tecnol\u00f3gica &#8211; aparelhos<\/span> <span class=\"meta-nav\">&rarr;<\/span><\/a><\/p>\n","protected":false},"author":1,"featured_media":0,"comment_status":"open","ping_status":"closed","sticky":false,"template":"","format":"standard","meta":{"jetpack_post_was_ever_published":false,"_jetpack_newsletter_access":"","_jetpack_dont_email_post_to_subs":false,"_jetpack_newsletter_tier_id":0,"_jetpack_memberships_contains_paywalled_content":false,"_jetpack_memberships_contains_paid_content":false,"footnotes":""},"categories":[473],"tags":[],"class_list":["post-7799","post","type-post","status-publish","format-standard","hentry","category-produtividade"],"jetpack_featured_media_url":"","jetpack_shortlink":"https:\/\/wp.me\/p74VxW-21N","jetpack-related-posts":[{"id":7584,"url":"https:\/\/radames.manosso.nom.br\/palavras\/produtividade\/casa-tecnologica-sistemas\/","url_meta":{"origin":7799,"position":0},"title":"Casa tecnol\u00f3gica -sistemas","author":"Radam\u00e9s","date":"02\/02\/2025","format":false,"excerpt":"Vamos falar sobre sistemas e projeto da casa pensada para qualidade de vida e produtividade pessoal. N\u00e3o falaremos de todos os itens que comp\u00f5e uma casa, mas aqueles com mais tecnologia embutida. Vamos nos basear em alguns princ\u00edpios: Ambientalismo de resultados. \u00c9 preciso ter preocupa\u00e7\u00e3o ambiental, mas dentro de uma\u2026","rel":"","context":"Em &quot;Produtividade&quot;","block_context":{"text":"Produtividade","link":"https:\/\/radames.manosso.nom.br\/palavras\/category\/produtividade\/"},"img":{"alt_text":"tipos-de-ar-condicionado","src":"https:\/\/i0.wp.com\/radames.manosso.nom.br\/palavras\/files\/2025\/02\/tipos-de-ar-condicionado.jpg?resize=350%2C200&ssl=1","width":350,"height":200,"srcset":"https:\/\/i0.wp.com\/radames.manosso.nom.br\/palavras\/files\/2025\/02\/tipos-de-ar-condicionado.jpg?resize=350%2C200&ssl=1 1x, https:\/\/i0.wp.com\/radames.manosso.nom.br\/palavras\/files\/2025\/02\/tipos-de-ar-condicionado.jpg?resize=525%2C300&ssl=1 1.5x, https:\/\/i0.wp.com\/radames.manosso.nom.br\/palavras\/files\/2025\/02\/tipos-de-ar-condicionado.jpg?resize=700%2C400&ssl=1 2x"},"classes":[]},{"id":5207,"url":"https:\/\/radames.manosso.nom.br\/palavras\/comportamento\/reflexoes-de-um-implicante-tecnologico\/","url_meta":{"origin":7799,"position":1},"title":"Reflex\u00f5es de um implicante tecnol\u00f3gico","author":"Radam\u00e9s","date":"09\/08\/2020","format":false,"excerpt":"Algumas fermenta\u00e7\u00f5es mentais de um heavy user de tecnologia com senso cr\u00edtico. Tem coisas que s\u00f3 o velho desktop faz por voc\u00ea Estamos na onda dos tablets e smartphones. Eles recebem nota dez em mobilidade; a experi\u00eancia de comandar o aparelho com toques na tela sens\u00edvel \u00e9 uma beleza e\u2026","rel":"","context":"Em &quot;Comportamento&quot;","block_context":{"text":"Comportamento","link":"https:\/\/radames.manosso.nom.br\/palavras\/category\/comportamento\/"},"img":{"alt_text":"","src":"https:\/\/i0.wp.com\/radames.manosso.nom.br\/palavras\/files\/2020\/08\/tv-philips-vintage.jpg?resize=350%2C200","width":350,"height":200},"classes":[]},{"id":7456,"url":"https:\/\/radames.manosso.nom.br\/palavras\/produtividade\/setup-tecnologico-domestico\/","url_meta":{"origin":7799,"position":2},"title":"Setup tecnol\u00f3gico dom\u00e9stico","author":"Radam\u00e9s","date":"12\/01\/2025","format":false,"excerpt":"Quais s\u00e3o os equipamentos necess\u00e1rios em casa para ser produtivo? Depende do que voc\u00ea faz, obviamente, mas algumas coisas s\u00e3o comuns \u00e0 maioria das pessoas. Para todos Computador de trabalho O dispositivo central de qualquer setup tecnol\u00f3gico \u00e9 o computador que pode ser notebook, de mesa (desktop) ou, em alguns\u2026","rel":"","context":"Em &quot;Produtividade&quot;","block_context":{"text":"Produtividade","link":"https:\/\/radames.manosso.nom.br\/palavras\/category\/produtividade\/"},"img":{"alt_text":"impressora","src":"https:\/\/i0.wp.com\/radames.manosso.nom.br\/palavras\/files\/2025\/01\/impressora.jpg?resize=350%2C200&ssl=1","width":350,"height":200,"srcset":"https:\/\/i0.wp.com\/radames.manosso.nom.br\/palavras\/files\/2025\/01\/impressora.jpg?resize=350%2C200&ssl=1 1x, https:\/\/i0.wp.com\/radames.manosso.nom.br\/palavras\/files\/2025\/01\/impressora.jpg?resize=525%2C300&ssl=1 1.5x"},"classes":[]},{"id":7171,"url":"https:\/\/radames.manosso.nom.br\/palavras\/produtividade\/meu-minimalismo\/","url_meta":{"origin":7799,"position":3},"title":"Meu minimalismo","author":"Radam\u00e9s","date":"16\/12\/2024","format":false,"excerpt":"O que \u00e9 N\u00e3o sei bem o que \u00e9, mas vou dar a minha vers\u00e3o. Minimalismo \u00e9 uma filosofia pr\u00e1tica, orientada para a conduta cotidiana. De certa forma, \u00e9 uma rea\u00e7\u00e3o ao modo de vida adotado por muitas pessoas, inclusive eu no passado, a um estilo de vida consumista que\u2026","rel":"","context":"Em &quot;Produtividade&quot;","block_context":{"text":"Produtividade","link":"https:\/\/radames.manosso.nom.br\/palavras\/category\/produtividade\/"},"img":{"alt_text":"","src":"https:\/\/i0.wp.com\/radames.manosso.nom.br\/palavras\/files\/2019\/12\/praia.jpg?resize=350%2C200&ssl=1","width":350,"height":200},"classes":[]},{"id":6171,"url":"https:\/\/radames.manosso.nom.br\/palavras\/comportamento\/relogios-e-suas-complicacoes\/","url_meta":{"origin":7799,"position":4},"title":"Rel\u00f3gios e suas complica\u00e7\u00f5es","author":"Radam\u00e9s","date":"08\/01\/2023","format":false,"excerpt":"A fun\u00e7\u00e3o b\u00e1sica de um rel\u00f3gio \u00e9 informar as horas. Alguns poucos rel\u00f3gios tem ponteiro \u00fanico, mas a maioria tem tr\u00eas: para horas, minutos e segundos. Quando o rel\u00f3gio fornece alguma informa\u00e7\u00e3o adicional \u00e0 sua fun\u00e7\u00e3o principal dizemos que trata-se de uma complica\u00e7\u00e3o. Complica\u00e7\u00e3o especialmente para o relojoeiro que precisa\u2026","rel":"","context":"Em &quot;Comportamento&quot;","block_context":{"text":"Comportamento","link":"https:\/\/radames.manosso.nom.br\/palavras\/category\/comportamento\/"},"img":{"alt_text":"IWC Portuguese perpetual calendar","src":"https:\/\/i0.wp.com\/radames.manosso.nom.br\/palavras\/files\/2023\/01\/iwc-portuguese-perpetual-calendar.jpg?resize=350%2C200&ssl=1","width":350,"height":200},"classes":[]},{"id":7542,"url":"https:\/\/radames.manosso.nom.br\/palavras\/comportamento\/dimensoes-da-alimentacao\/","url_meta":{"origin":7799,"position":5},"title":"Dimens\u00f5es da alimenta\u00e7\u00e3o","author":"Radam\u00e9s","date":"28\/01\/2025","format":false,"excerpt":"Entenda dimens\u00e3o como um conjunto de princ\u00edpios, fatores e regras que influenciam em nossa alimenta\u00e7\u00e3o. A alimenta\u00e7\u00e3o humana \u00e9 regulada por v\u00e1rias dimens\u00f5es. Com frequ\u00eancia, essas dimens\u00f5es colidem entre si e \u00e9 muito dif\u00edcil encontrar uma receita que atenda v\u00e1rias dimens\u00f5es simultaneamente.As dimens\u00f5es que vamos analisar s\u00e3o: Econ\u00f4mica. Nutricional. Gastron\u00f4mica.\u2026","rel":"","context":"Em &quot;Comportamento&quot;","block_context":{"text":"Comportamento","link":"https:\/\/radames.manosso.nom.br\/palavras\/category\/comportamento\/"},"img":{"alt_text":"prato feito","src":"https:\/\/i0.wp.com\/radames.manosso.nom.br\/palavras\/files\/2025\/01\/prato-feito.jpg?resize=350%2C200&ssl=1","width":350,"height":200,"srcset":"https:\/\/i0.wp.com\/radames.manosso.nom.br\/palavras\/files\/2025\/01\/prato-feito.jpg?resize=350%2C200&ssl=1 1x, https:\/\/i0.wp.com\/radames.manosso.nom.br\/palavras\/files\/2025\/01\/prato-feito.jpg?resize=525%2C300&ssl=1 1.5x"},"classes":[]}],"jetpack_sharing_enabled":true,"_links":{"self":[{"href":"https:\/\/radames.manosso.nom.br\/palavras\/wp-json\/wp\/v2\/posts\/7799","targetHints":{"allow":["GET"]}}],"collection":[{"href":"https:\/\/radames.manosso.nom.br\/palavras\/wp-json\/wp\/v2\/posts"}],"about":[{"href":"https:\/\/radames.manosso.nom.br\/palavras\/wp-json\/wp\/v2\/types\/post"}],"author":[{"embeddable":true,"href":"https:\/\/radames.manosso.nom.br\/palavras\/wp-json\/wp\/v2\/users\/1"}],"replies":[{"embeddable":true,"href":"https:\/\/radames.manosso.nom.br\/palavras\/wp-json\/wp\/v2\/comments?post=7799"}],"version-history":[{"count":23,"href":"https:\/\/radames.manosso.nom.br\/palavras\/wp-json\/wp\/v2\/posts\/7799\/revisions"}],"predecessor-version":[{"id":7856,"href":"https:\/\/radames.manosso.nom.br\/palavras\/wp-json\/wp\/v2\/posts\/7799\/revisions\/7856"}],"wp:attachment":[{"href":"https:\/\/radames.manosso.nom.br\/palavras\/wp-json\/wp\/v2\/media?parent=7799"}],"wp:term":[{"taxonomy":"category","embeddable":true,"href":"https:\/\/radames.manosso.nom.br\/palavras\/wp-json\/wp\/v2\/categories?post=7799"},{"taxonomy":"post_tag","embeddable":true,"href":"https:\/\/radames.manosso.nom.br\/palavras\/wp-json\/wp\/v2\/tags?post=7799"}],"curies":[{"name":"wp","href":"https:\/\/api.w.org\/{rel}","templated":true}]}}