{"id":7895,"date":"2025-12-13T11:54:14","date_gmt":"2025-12-13T14:54:14","guid":{"rendered":"https:\/\/radames.manosso.nom.br\/palavras\/?p=7895"},"modified":"2026-01-01T14:11:15","modified_gmt":"2026-01-01T17:11:15","slug":"conscienciosidade","status":"publish","type":"post","link":"https:\/\/radames.manosso.nom.br\/palavras\/produtividade\/conscienciosidade\/","title":{"rendered":"Conscienciosidade"},"content":{"rendered":"\n<p>Conscienciosidade \u00e9 a qualidade das pessoas conscientes. Alguns dizem que \u00e9 um tra\u00e7o de personalidade, outros de car\u00e1ter. Tamb\u00e9m pode ser vista como uma compet\u00eancia, um conjunto de habilidades. Os conscienciosos s\u00e3o queridinhos do RH de toda empresa, mas o foco deste post \u00e9 a conscienciosidade na vida privada.<\/p>\n\n\n\n<figure class=\"wp-block-image size-large\"><a href=\"https:\/\/i0.wp.com\/radames.manosso.nom.br\/palavras\/files\/2025\/12\/casa-arrumada.jpg?ssl=1\"><img data-recalc-dims=\"1\" loading=\"lazy\" decoding=\"async\" width=\"604\" height=\"314\" data-attachment-id=\"7902\" data-permalink=\"https:\/\/radames.manosso.nom.br\/palavras\/produtividade\/conscienciosidade\/attachment\/casa-arrumada\/\" data-orig-file=\"https:\/\/i0.wp.com\/radames.manosso.nom.br\/palavras\/files\/2025\/12\/casa-arrumada.jpg?fit=1200%2C624&amp;ssl=1\" data-orig-size=\"1200,624\" data-comments-opened=\"1\" data-image-meta=\"{&quot;aperture&quot;:&quot;0&quot;,&quot;credit&quot;:&quot;&quot;,&quot;camera&quot;:&quot;&quot;,&quot;caption&quot;:&quot;{\\&quot;prompt\\&quot;:\\&quot;Create a cozy and inviting living room interior that exemplifies a simple and organized space. Include neatly arranged furniture, soft lighting, and decorative elements that evoke comfort and tranquility. Feature practical organizational tools like baskets and shelves filled with books and plants. Show a small desk area with a few essentials for productivity. Use a warm color palette to enhance the sense of well-being and harmony. Incorporate visual hints of practical tips for organization, such as labeled storage items. The overall atmosphere should reflect a clean, clutter-free environment, embodying the essence of &#039;Simple Organized Home: Transform Your Space with Practical Tips.&#039; - Avoid texts\\&quot;,\\&quot;originalPrompt\\&quot;:\\&quot;Create a cozy and inviting living room interior that exemplifies a simple and organized space. Include neatly arranged furniture, soft lighting, and decorative elements that evoke comfort and tranquility. Feature practical organizational tools like baskets and shelves filled with books and plants. Show a small desk area with a few essentials for productivity. Use a warm color palette to enhance the sense of well-being and harmony. Incorporate visual hints of practical tips for organization, such as labeled storage items. The overall atmosphere should reflect a clean, clutter-free environment, embodying the essence of &#039;Simple Organized Home: Transform Your Space with Practical Tips.&#039; - Avoid texts\\&quot;,\\&quot;width\\&quot;:1200,\\&quot;height\\&quot;:624,\\&quot;seed\\&quot;:42,\\&quot;model\\&quot;:\\&quot;flux\\&quot;,\\&quot;refine\\&quot;:false,\\&quot;nologo\\&quot;:true,\\&quot;negative_prompt\\&quot;:\\&quot;worst quality, blurry\\&quot;,\\&quot;nofeed\\&quot;:false,\\&quot;has_nsfw_concept\\&quot;:false,\\&quot;concept\\&quot;:{\\&quot;special_scores\\&quot;:{\\&quot;0\\&quot;:-0.08500000089406967,\\&quot;1\\&quot;:-0.07800000160932541,\\&quot;2\\&quot;:-0.10100000351667404},\\&quot;special_care\\&quot;:[],\\&quot;concept_scores\\&quot;:{\\&quot;0\\&quot;:-0.08500000089406967,\\&quot;1\\&quot;:-0.0689999982714653,\\&quot;2\\&quot;:-0.08699999749660492,\\&quot;3\\&quot;:-0.054999999701976776,\\&quot;4\\&quot;:-0.07400000095367432,\\&quot;5\\&quot;:-0.06700000166893005,\\&quot;6\\&quot;:-0.07599999755620956,\\&quot;7\\&quot;:-0.08299999684095383,\\&quot;8\\&quot;:-0.08500000089406967,\\&quot;9\\&quot;:-0.10400000214576721,\\&quot;10\\&quot;:-0.0860000029206276,\\&quot;11\\&quot;:-0.07999999821186066,\\&quot;12\\&quot;:-0.0729999989271164,\\&quot;13\\&quot;:-0.09200000017881393,\\&quot;14\\&quot;:-0.10199999809265137,\\&quot;15\\&quot;:-0.10300000011920929,\\&quot;16\\&quot;:-0.07599999755620956},\\&quot;bad_concepts\\&quot;:[]}}&quot;,&quot;created_timestamp&quot;:&quot;0&quot;,&quot;copyright&quot;:&quot;&quot;,&quot;focal_length&quot;:&quot;0&quot;,&quot;iso&quot;:&quot;0&quot;,&quot;shutter_speed&quot;:&quot;0&quot;,&quot;title&quot;:&quot;&quot;,&quot;orientation&quot;:&quot;1&quot;}\" data-image-title=\"casa arrumada\" data-image-description=\"&lt;p&gt;casa arrumada&lt;\/p&gt;\n\" data-image-caption=\"\" data-large-file=\"https:\/\/i0.wp.com\/radames.manosso.nom.br\/palavras\/files\/2025\/12\/casa-arrumada.jpg?fit=604%2C314&amp;ssl=1\" src=\"https:\/\/i0.wp.com\/radames.manosso.nom.br\/palavras\/files\/2025\/12\/casa-arrumada.jpg?resize=604%2C314&#038;ssl=1\" alt=\"casa arrumada\" class=\"wp-image-7902\" srcset=\"https:\/\/i0.wp.com\/radames.manosso.nom.br\/palavras\/files\/2025\/12\/casa-arrumada.jpg?resize=1024%2C532&amp;ssl=1 1024w, https:\/\/i0.wp.com\/radames.manosso.nom.br\/palavras\/files\/2025\/12\/casa-arrumada.jpg?resize=300%2C156&amp;ssl=1 300w, https:\/\/i0.wp.com\/radames.manosso.nom.br\/palavras\/files\/2025\/12\/casa-arrumada.jpg?resize=768%2C399&amp;ssl=1 768w, https:\/\/i0.wp.com\/radames.manosso.nom.br\/palavras\/files\/2025\/12\/casa-arrumada.jpg?w=1200&amp;ssl=1 1200w\" sizes=\"auto, (max-width: 604px) 100vw, 604px\" \/><\/a><\/figure>\n\n\n\n<!--more-->\n\n\n\n<h2 class=\"wp-block-heading\">O que \u00e9<\/h2>\n\n\n\n<p>O consciencioso apresenta um conjunto amplo de caracter\u00edsticas. Vejamos:<\/p>\n\n\n\n<ul class=\"wp-block-list\">\n<li><strong>Organiza\u00e7\u00e3o<\/strong>. Ele organiza o ambiente \u00e0 sua volta, n\u00e3o gosta de desordem e bagun\u00e7a.<\/li>\n\n\n\n<li><strong>Planejamento<\/strong>. Consciencioso n\u00e3o gosta de agir impulsivamente e no improviso. Prefere pensar primeiro, tra\u00e7ar um plano e s\u00f3 depois agir.<\/li>\n\n\n\n<li><strong>Autocontrole<\/strong>. Ele tem auto disciplina, n\u00e3o \u00e9 de pavio curto e se mant\u00e9m frio em situa\u00e7\u00f5es estressantes.<\/li>\n\n\n\n<li><strong>Confiabilidade<\/strong>. \u00c9 pessoa que assume responsabilidades e os demais confiam que ele dar\u00e1 o melhor de si para cumprir o prometido.<\/li>\n\n\n\n<li><strong>Dilig\u00eancia<\/strong>. Gosta de fazer bem feito para fazer s\u00f3 uma vez. Busca a excel\u00eancia, a melhoria cont\u00ednua, \u00e9 zeloso e produz com qualidade.<\/li>\n\n\n\n<li><strong>Aten\u00e7\u00e3o a detalhes<\/strong>. O consciencioso sabe que o Diabo mora nos detalhes. Fica atento aos pormenores, ao bom acabamento para n\u00e3o deixar pontas soltas.<\/li>\n\n\n\n<li><strong>Prop\u00f3sito<\/strong>. Ele tem um senso de miss\u00e3o, acredita que deve fazer tudo com responsabilidade porque h\u00e1 um prop\u00f3sito na qualidade.<\/li>\n\n\n\n<li><strong>Prud\u00eancia<\/strong>. Evita saltos no escuro t\u00edpicos dos audaciosos. Prefere uma postura conservadora ao analisar cen\u00e1rios e assumir riscos.<\/li>\n\n\n\n<li><strong>Vis\u00e3o estrat\u00e9gica<\/strong>. Procura enxergar o panorama geral de longo prazo para orientar suas a\u00e7\u00f5es t\u00e1ticas de curto prazo.<\/li>\n\n\n\n<li><strong>Perseveran\u00e7a<\/strong>. Consciencioso n\u00e3o desiste na primeira queda. \u00c9 persistente, consistente e resiliente.<\/li>\n\n\n\n<li><strong>Foco em metas<\/strong>. Estabelece metas e as persegue dando alta prioridade ao resultado, mais do que ao processo.<\/li>\n\n\n\n<li><strong>Respeito \u00e0 hierarquia<\/strong>. O consciencioso entende que a hierarquia \u00e9 essencial ao bom funcionamento das organiza\u00e7\u00f5es, logo obedece ao superior e espera obedi\u00eancia dos subordinados.<\/li>\n\n\n\n<li><strong>Capacidade de prioriza\u00e7\u00e3o<\/strong>. Ele n\u00e3o gosta de fazer tudo ao mesmo tempo. Estabelece prioridades de forma consistente para n\u00e3o dispersar esfor\u00e7os.<\/li>\n\n\n\n<li><strong>Pontualidade e assiduidade<\/strong>. N\u00e3o gosta de atrasos e faltas e considera desrespeitoso gastar o tempo do outro.<\/li>\n\n\n\n<li><strong>Prontid\u00e3o<\/strong>. Est\u00e1 sempre a postos e se se for acionados n\u00e3o nega fogo.<\/li>\n<\/ul>\n\n\n\n<p>A lista de caracter\u00edsticas acima evidencia que o consciencioso \u00e9 o sonho de consumo de qualquer empregador. S\u00e3o caracter\u00edsticas do trabalhador eficiente moderno, mas agora vamos considerar a conscienciosidade no \u00e2mbito da vida privada. <\/p>\n\n\n\n<h2 class=\"wp-block-heading\">O consciencioso em casa<\/h2>\n\n\n\n<p>A conscienciosidade na vida privada envolve adotar medidas em v\u00e1rias frentes como:<\/p>\n\n\n\n<ul class=\"wp-block-list\">\n<li><strong>Administra\u00e7\u00e3o do tempo<\/strong>. O tempo flui igual para todos, uns o aproveitam, outros o desperdi\u00e7am. Consciencioso est\u00e1 sempre buscando o melhor aproveitamento do tempo.<\/li>\n\n\n\n<li><strong>Liberdade, privacidade e seguran\u00e7a de dados<\/strong>. A vida digital moderna tem os algoritmos, cuja miss\u00e3o \u00e9 dispersar nossa aten\u00e7\u00e3o e inundar nossa mente com futilidades, tend\u00eancias e modinhas. Oferecem comodidade, mas cobram pre\u00e7o alto intang\u00edvel. Consciencioso toma medidas para escapar das armadilhas dos algoritmos.<\/li>\n\n\n\n<li><strong>Minimalismo<\/strong>. O consciencioso sabe que a vida moderna \u00e9 cheia de excessos e o minimalismo nos ajuda a superar a sobrecarga de informa\u00e7\u00e3o, consumo e est\u00edmulos.<\/li>\n\n\n\n<li><strong>Sobrevivencialismo<\/strong>. O consciencioso sabe que o mundo continua sendo um lugar perigoso e, por isso, imagina o que pode acontecer quando as conveni\u00eancias falham. Ele tem planos de conting\u00eancia para situa\u00e7\u00f5es fora do normal.<\/li>\n\n\n\n<li><strong>Corpo s\u00e3o<\/strong>. Alimenta\u00e7\u00e3o saud\u00e1vel, atividade f\u00edsica, qualidade de sono, redu\u00e7\u00e3o de estresse e por a\u00ed vai.<\/li>\n\n\n\n<li><strong>Mente s\u00e3<\/strong>. Aprendizado cont\u00ednuo, boas leituras, experi\u00eancias culturais &#8230; A lista \u00e9 longa.<\/li>\n\n\n\n<li><strong>Educa\u00e7\u00e3o financeira<\/strong>. Fundamental para o consciencioso \u00e9 manter as finan\u00e7as em ordem para evitar transtornos em outras \u00e1reas da vida.<\/li>\n<\/ul>\n\n\n\n<h2 class=\"wp-block-heading\">Pequenas a\u00e7\u00f5es de valor simb\u00f3lico<\/h2>\n\n\n\n<p>Para exemplificar o que \u00e9 ser consciencioso na vida pessoal segue algumas a\u00e7\u00f5es pontuais que revelam muito sobre a pessoa:<\/p>\n\n\n\n<ul class=\"wp-block-list\">\n<li><strong>Arrumar a cama ao acorda<\/strong>r. Regrinha famosa e que traz satisfa\u00e7\u00e3o no come\u00e7o do dia.<\/li>\n\n\n\n<li><strong>Abrir a casa pela manh\u00e3<\/strong>. Deixe o ar circular e a luz do sol iluminar a casa.<\/li>\n\n\n\n<li><strong>Pia limpa no final do dia<\/strong>. Para terminar o dia bem com a lou\u00e7a lavada.<\/li>\n\n\n\n<li><strong>Cada coisa no seu lugar<\/strong>. N\u00e3o gaste tempo procurando coisas no meio da bagun\u00e7a.<\/li>\n\n\n\n<li><strong>Superf\u00edcies limpas<\/strong>. Cama, mesa, pia, sof\u00e1, balc\u00e3o etc. n\u00e3o s\u00e3o dep\u00f3sito. Deixe-as livres para seu fim.<\/li>\n\n\n\n<li><strong>Regra dos dois minutos<\/strong>. Se leva menos de 2min fa\u00e7a imediatamente. Pode mudar de dois para tr\u00eas, cinco ou dez minutos a gosto.<\/li>\n\n\n\n<li><strong>Metas di\u00e1rias<\/strong>. Todo dia defina ao menos uma pend\u00eancia a ser resolvida no dia seguinte mesmo que pequena.<\/li>\n\n\n\n<li><strong>Afiar o machado<\/strong>. Fa\u00e7a paradas entre sprints. A cada 60-90min de concentra\u00e7\u00e3o uma parada de 15min. A cada semana um dia para relaxamento. A cada ano tire f\u00e9rias. A cada 10 anos fa\u00e7a um ano sab\u00e1tico.<\/li>\n\n\n\n<li><strong>Beber \u00e1gua.<\/strong> N\u00e3o esque\u00e7a das pequenas a\u00e7\u00f5es a favor do seu corpo como se hidratar, ir a p\u00e9 na padaria ou pegar sol.<\/li>\n\n\n\n<li><strong>Anotar<\/strong>. Ideias, listas, metas, projetos, impress\u00f5es, experi\u00eancias etc. N\u00e3o deixe as ideias se perderem.<\/li>\n<\/ul>\n\n\n\n<figure class=\"wp-block-image size-large\"><a href=\"https:\/\/i0.wp.com\/radames.manosso.nom.br\/palavras\/files\/2025\/12\/pia-limpa.jpeg?ssl=1\"><img data-recalc-dims=\"1\" loading=\"lazy\" decoding=\"async\" width=\"604\" height=\"403\" data-attachment-id=\"7903\" data-permalink=\"https:\/\/radames.manosso.nom.br\/palavras\/produtividade\/conscienciosidade\/attachment\/pia-limpa\/\" data-orig-file=\"https:\/\/i0.wp.com\/radames.manosso.nom.br\/palavras\/files\/2025\/12\/pia-limpa.jpeg?fit=1224%2C816&amp;ssl=1\" data-orig-size=\"1224,816\" data-comments-opened=\"1\" data-image-meta=\"{&quot;aperture&quot;:&quot;0&quot;,&quot;credit&quot;:&quot;&quot;,&quot;camera&quot;:&quot;&quot;,&quot;caption&quot;:&quot;&quot;,&quot;created_timestamp&quot;:&quot;0&quot;,&quot;copyright&quot;:&quot;&quot;,&quot;focal_length&quot;:&quot;0&quot;,&quot;iso&quot;:&quot;0&quot;,&quot;shutter_speed&quot;:&quot;0&quot;,&quot;title&quot;:&quot;&quot;,&quot;orientation&quot;:&quot;0&quot;}\" data-image-title=\"pia limpa\" data-image-description=\"&lt;p&gt;pia limpa&lt;\/p&gt;\n\" data-image-caption=\"\" data-large-file=\"https:\/\/i0.wp.com\/radames.manosso.nom.br\/palavras\/files\/2025\/12\/pia-limpa.jpeg?fit=604%2C403&amp;ssl=1\" src=\"https:\/\/i0.wp.com\/radames.manosso.nom.br\/palavras\/files\/2025\/12\/pia-limpa.jpeg?resize=604%2C403&#038;ssl=1\" alt=\"pia limpa\" class=\"wp-image-7903\" srcset=\"https:\/\/i0.wp.com\/radames.manosso.nom.br\/palavras\/files\/2025\/12\/pia-limpa.jpeg?resize=1024%2C683&amp;ssl=1 1024w, https:\/\/i0.wp.com\/radames.manosso.nom.br\/palavras\/files\/2025\/12\/pia-limpa.jpeg?resize=300%2C200&amp;ssl=1 300w, https:\/\/i0.wp.com\/radames.manosso.nom.br\/palavras\/files\/2025\/12\/pia-limpa.jpeg?resize=768%2C512&amp;ssl=1 768w, https:\/\/i0.wp.com\/radames.manosso.nom.br\/palavras\/files\/2025\/12\/pia-limpa.jpeg?w=1224&amp;ssl=1 1224w\" sizes=\"auto, (max-width: 604px) 100vw, 604px\" \/><\/a><\/figure>\n\n\n\n<h2 class=\"wp-block-heading\">A\u00e7\u00f5es conscienciosas na vida privada<\/h2>\n\n\n\n<p>E agora uma lista de a\u00e7\u00f5es na vida privada efetivas para elevar a sua conscienciosidade.<\/p>\n\n\n\n<ul class=\"wp-block-list\">\n<li><strong>Informar-se  uma vez ao dia<\/strong>. As not\u00edcias em geral estressam e n\u00e3o precisa acompanha-las minuto a minuto. Um resumo di\u00e1rio basta.<\/li>\n\n\n\n<li><strong>Redes sociais uma vez ao dia<\/strong>. Defina um hor\u00e1rio e tempo reduzido para gastar nas f\u00fateis e t\u00f3xicas redes sociais.<\/li>\n\n\n\n<li><strong>Jejum de dopamina<\/strong>.  12 horas ou mais sem dopamina. Ao acordar de manh\u00e3 n\u00e3o v\u00e1 para o celular imediatamente. De noite desconecte-se uma hora antes de dormir. Obviamente, programe o celular para n\u00e3o importuna-lo durante o sono.<\/li>\n\n\n\n<li><strong>Desconectar-se<\/strong>. Um dia desplugado semanal, um final de semana unplugged mensal, uma semana unplugged anual.<\/li>\n\n\n\n<li><strong>Ser mono tarefa<\/strong>. N\u00e3o abra par\u00eanteses, loops e janelas mentais que dispersam e consomem energia mental.<\/li>\n\n\n\n<li><strong>Eliminar distra\u00e7\u00f5es: <\/strong>notifica\u00e7\u00f5es digitais, conversas paralelas, ru\u00eddo de fundo etc.<\/li>\n\n\n\n<li><strong>Acompanhar gastos<\/strong>. Com planilha ou como achar melhor, controle seus gastos e investimentos.<\/li>\n\n\n\n<li><strong>Gerenciar tarefas<\/strong>. Use planilha ou uma caderneta, mas acompanhe, fixe prazos e priorize suas tarefas.<\/li>\n\n\n\n<li><strong>T\u00e9cnicas empresariais<\/strong>. Adotadas no mundo corporativo, mas \u00fateis na vida pessoal:\n<ul class=\"wp-block-list\">\n<li>Caminho cr\u00edtico.<\/li>\n\n\n\n<li>FIFO.<\/li>\n\n\n\n<li>Kanban.<\/li>\n\n\n\n<li>Just in time.<\/li>\n\n\n\n<li>One in, one out.<\/li>\n\n\n\n<li>Veja meu post sobre o assunto: <a href=\"https:\/\/radames.manosso.nom.br\/palavras\/produtividade\/tecnicas-empresariais-para-seu-cotidiano\/\">T\u00e9cnicas empresariais para o cotidiano.<\/a><\/li>\n<\/ul>\n<\/li>\n\n\n\n<li><strong>Metas<\/strong>. Tenha metas de curto, m\u00e9dio e longo prazo.<\/li>\n\n\n\n<li><strong>Comemorar vit\u00f3rias<\/strong>. Pequenas ou grandes n\u00e3o importa. Celebrar \u00e9 parte da vit\u00f3ria.<\/li>\n\n\n\n<li><strong>Faxina e destralhamento<\/strong>. Periodicamente fa\u00e7a faxina e destralhe sua casa, computador, celular, bolsa etc. Das r\u00e1pidas di\u00e1rias at\u00e9 as completas anuais.<\/li>\n\n\n\n<li><strong>Manter, consertar, restaurar<\/strong>. O consciencioso adquire bens dur\u00e1veis de qualidade. Ele n\u00e3o descarta, mas cuida.<\/li>\n\n\n\n<li><strong>Dizer N\u00c3O<\/strong>. Sempre que necess\u00e1rio e com mais frequ\u00eancia do que voc\u00ea diz SIM.<\/li>\n\n\n\n<li><strong>Aten\u00e7\u00e3o plena ao outro<\/strong>. Fale com as pessoas olhando nos olhos e com aten\u00e7\u00e3o genu\u00edna.<\/li>\n\n\n\n<li><strong>Falar pouco<\/strong>, mas com conte\u00fado.<\/li>\n\n\n\n<li><strong>Como melhorar isso?<\/strong> A pergunta que acompanha todas as a\u00e7\u00f5es do consciencioso.<\/li>\n\n\n\n<li><strong>N\u00e3o estressar por cagalh\u00e9simos<\/strong>. Analise a ordem de grandeza do problema. Se insignificante pode ser ignorado.<\/li>\n\n\n\n<li><strong>Depois de esfriar<\/strong>. Ideias s\u00f3 s\u00e3o geniais no dia seguinte. Analise se vale a pena depois de uma noite de sono. O mesmo vale para rea\u00e7\u00f5es sob sangue quente.<\/li>\n\n\n\n<li><strong>Respeitar seu corpo<\/strong>. Voc\u00ea \u00e9 matutino, vespertino? Siga o seu ritmo e escute os sinais do seu corpo.<\/li>\n\n\n\n<li><strong>Ficar entediado<\/strong>. O t\u00e9dio foi banido da vida moderna com aux\u00edlio dos est\u00edmulos cont\u00ednuos das redes sociais, m\u00eddias e outras formas de gastar tempo. O t\u00e9dio tem valor.<\/li>\n\n\n\n<li><strong>Ler livros<\/strong>. Ainda n\u00e3o inventaram nada superior aos livros de qualidade para elevar o esp\u00edrito. Leia por 30min+ todo dia.<\/li>\n<\/ul>\n\n\n\n<figure class=\"wp-block-image size-full\"><a href=\"https:\/\/i0.wp.com\/radames.manosso.nom.br\/palavras\/files\/2025\/12\/espaco-leitura.jpg?ssl=1\"><img data-recalc-dims=\"1\" loading=\"lazy\" decoding=\"async\" width=\"600\" height=\"400\" data-attachment-id=\"7908\" data-permalink=\"https:\/\/radames.manosso.nom.br\/palavras\/produtividade\/conscienciosidade\/attachment\/xrddae9hfxv_sa873j28054109807t22060712\/\" data-orig-file=\"https:\/\/i0.wp.com\/radames.manosso.nom.br\/palavras\/files\/2025\/12\/espaco-leitura.jpg?fit=600%2C400&amp;ssl=1\" data-orig-size=\"600,400\" data-comments-opened=\"1\" data-image-meta=\"{&quot;aperture&quot;:&quot;0&quot;,&quot;credit&quot;:&quot;&quot;,&quot;camera&quot;:&quot;&quot;,&quot;caption&quot;:&quot;xr:d:DAE9HfXv_sA:873,j:28054109807,t:22060712&quot;,&quot;created_timestamp&quot;:&quot;0&quot;,&quot;copyright&quot;:&quot;&quot;,&quot;focal_length&quot;:&quot;0&quot;,&quot;iso&quot;:&quot;0&quot;,&quot;shutter_speed&quot;:&quot;0&quot;,&quot;title&quot;:&quot;xr:d:DAE9HfXv_sA:873,j:28054109807,t:22060712&quot;,&quot;orientation&quot;:&quot;1&quot;}\" data-image-title=\"espa\u00e7o de leitura\" data-image-description=\"&lt;p&gt;espa\u00e7o de leitura&lt;\/p&gt;\n\" data-image-caption=\"\" data-large-file=\"https:\/\/i0.wp.com\/radames.manosso.nom.br\/palavras\/files\/2025\/12\/espaco-leitura.jpg?fit=600%2C400&amp;ssl=1\" src=\"https:\/\/i0.wp.com\/radames.manosso.nom.br\/palavras\/files\/2025\/12\/espaco-leitura.jpg?resize=600%2C400&#038;ssl=1\" alt=\"espa\u00e7o de leitura\" class=\"wp-image-7908\" srcset=\"https:\/\/i0.wp.com\/radames.manosso.nom.br\/palavras\/files\/2025\/12\/espaco-leitura.jpg?w=600&amp;ssl=1 600w, https:\/\/i0.wp.com\/radames.manosso.nom.br\/palavras\/files\/2025\/12\/espaco-leitura.jpg?resize=300%2C200&amp;ssl=1 300w\" sizes=\"auto, (max-width: 600px) 100vw, 600px\" \/><\/a><\/figure>\n\n\n\n<h2 class=\"wp-block-heading\">Limites<\/h2>\n\n\n\n<p>De modo geral, a conscienciosidade \u00e9 vista como qualidade exceto pelos invejosos que n\u00e3o a dominam. Mas, sim, existem limites a considerar afinal o excesso sempre estraga o que \u00e9 bom. Vamos come\u00e7ar com uma pergunta provocativa que irritaria qualquer consciencioso:<\/p>\n\n\n\n<p>Qual \u00e9 a utilidade da organiza\u00e7\u00e3o? Ela economiza tempo, dir\u00e3o. Em situa\u00e7\u00f5es de risco a organiza\u00e7\u00e3o pode ser fator de sobreviv\u00eancia, vamos lembrar. A organiza\u00e7\u00e3o tem valor est\u00e9tico, que \u00e9 um bem em si. Mas com sinceridade: o limite da organiza\u00e7\u00e3o \u00e9 a produtividade. Se para manter tudo em perfeita ordem custa muito caro, talvez seja melhor desestressar e conviver com um certo n\u00edvel de desordem natural.<\/p>\n\n\n\n<p>Da mesma forma, os conscienciosos \u00e0s vezes s\u00e3o rotulados como conformistas, burocr\u00e1ticos, workaholics, perfeccionistas e r\u00edgidos demais. Cuidado com os extremos, portanto.<\/p>\n\n\n\n<div class=\"wp-block-group\"><div class=\"wp-block-group__inner-container is-layout-constrained wp-block-group-is-layout-constrained\">\n<h3 class=\"wp-block-heading\">Produtividade<\/h3>\n\n\n\n<ul class=\"wp-block-list\">\n<li><a href=\"https:\/\/radames.manosso.nom.br\/palavras\/sem-categoria\/tres-niveis-e-oito-areas-do-desenvolvimento-pessoal\/\">Tr\u00eas n\u00edveis e oito \u00e1reas do desenvolvimento pessoal<\/a><\/li>\n\n\n\n<li><a href=\"https:\/\/radames.manosso.nom.br\/palavras\/produtividade\/os-cinco-degraus-da-independencia-financeira\/\">Os cinco degraus da independ\u00eancia financeira<\/a><\/li>\n\n\n\n<li><a href=\"https:\/\/radames.manosso.nom.br\/palavras\/produtividade\/conscienciosidade\/\">Conscienciosidade <\/a><\/li>\n\n\n\n<li><a href=\"https:\/\/radames.manosso.nom.br\/palavras\/produtividade\/controle-suas-financas-pessoais-com-uma-planilha-simples\/\">Controle suas finan\u00e7as com uma planilha simples<\/a><\/li>\n\n\n\n<li><a href=\"https:\/\/radames.manosso.nom.br\/palavras\/produtividade\/seu-backup-pessoal\/tegoria\/seu-backup-pessoal\/\">Seu backup pessoal<\/a><\/li>\n\n\n\n<li><a href=\"https:\/\/radames.manosso.nom.br\/palavras\/produtividade\/crie-senhas-fortes\/\">Crie senhas fortes<\/a><\/li>\n\n\n\n<li><a href=\"https:\/\/radames.manosso.nom.br\/palavras\/produtividade\/como-cuidar-de-suas-senhas\/\">Como cuidar de suas senhas<\/a><\/li>\n\n\n\n<li><a href=\"https:\/\/radames.manosso.nom.br\/palavras\/produtividade\/como-gerenciar-suas-tarefas\/\">Como gerenciar suas tarefas<\/a><\/li>\n\n\n\n<li><a href=\"https:\/\/radames.manosso.nom.br\/palavras\/produtividade\/setup-tecnologico-domestico\/\">Setup tecnol\u00f3gico dom\u00e9stico<\/a><\/li>\n\n\n\n<li><a href=\"https:\/\/radames.manosso.nom.br\/palavras\/produtividade\/software-apps-e-servicos-de-produtividade\/\">Software, apps e servi\u00e7os de produtividade<\/a><\/li>\n\n\n\n<li><a href=\"https:\/\/radames.manosso.nom.br\/palavras\/produtividade\/edc-every-day-carry-objetos-de-porte-diario\/\">EDC every day carry \u2013 objetos de porte di\u00e1rio<\/a><\/li>\n\n\n\n<li><a href=\"https:\/\/radames.manosso.nom.br\/palavras\/produtividade\/tecnicas-empresariais-para-seu-cotidiano\/\">T\u00e9cnicas empresariais para seu cotidiano<\/a><\/li>\n\n\n\n<li><a href=\"https:\/\/radames.manosso.nom.br\/palavras\/educacao\/o-que-e-preciso-saber-para-viver-2\/\">O que \u00e9 preciso saber para viver?<\/a><\/li>\n<\/ul>\n<\/div><\/div>\n","protected":false},"excerpt":{"rendered":"<p>Conscienciosidade \u00e9 a qualidade das pessoas conscientes. Alguns dizem que \u00e9 um tra\u00e7o de personalidade, outros de car\u00e1ter. Tamb\u00e9m pode ser vista como uma compet\u00eancia, um conjunto de habilidades. Os conscienciosos s\u00e3o queridinhos do RH de toda empresa, mas o foco deste post \u00e9 a conscienciosidade na vida privada.<\/p>\n","protected":false},"author":1,"featured_media":0,"comment_status":"open","ping_status":"closed","sticky":false,"template":"","format":"standard","meta":{"jetpack_post_was_ever_published":false,"_jetpack_newsletter_access":"","_jetpack_dont_email_post_to_subs":false,"_jetpack_newsletter_tier_id":0,"_jetpack_memberships_contains_paywalled_content":false,"_jetpack_memberships_contains_paid_content":false,"footnotes":""},"categories":[473],"tags":[],"class_list":["post-7895","post","type-post","status-publish","format-standard","hentry","category-produtividade"],"jetpack_featured_media_url":"","jetpack_shortlink":"https:\/\/wp.me\/p74VxW-23l","jetpack-related-posts":[{"id":4489,"url":"https:\/\/radames.manosso.nom.br\/palavras\/educacao\/familias-de-cedulas-brasileiras-iv\/","url_meta":{"origin":7895,"position":0},"title":"Fam\u00edlias de c\u00e9dulas brasileiras IV","author":"Radam\u00e9s","date":"26\/10\/2019","format":false,"excerpt":"Brasil imp\u00e9rio Conhe\u00e7a as fam\u00edlias de c\u00e9dulas que circularam no Brasil desde a Independ\u00eancia at\u00e9 os dias atuais. S\u00e3o vinte e cinco fam\u00edlias em 197 anos de Brasil independente, o que d\u00e1 uma m\u00e9dia de uma fam\u00edlia criada a cada oito anos. A pouca longevidade de nossas c\u00e9dulas reflete as\u2026","rel":"","context":"Em &quot;Educa\u00e7\u00e3o&quot;","block_context":{"text":"Educa\u00e7\u00e3o","link":"https:\/\/radames.manosso.nom.br\/palavras\/category\/educacao\/"},"img":{"alt_text":"Fam\u00edlia de c\u00e9dulas mil-r\u00e9is do Imp\u00e9rio D. Pedro II jovem","src":"https:\/\/i0.wp.com\/radames.manosso.nom.br\/palavras\/files\/2019\/10\/familia-milreis-imperio-pedro-jovem.jpg?resize=350%2C200&ssl=1","width":350,"height":200},"classes":[]},{"id":7277,"url":"https:\/\/radames.manosso.nom.br\/palavras\/produtividade\/crie-senhas-fortes\/","url_meta":{"origin":7895,"position":1},"title":"Crie senhas fortes","author":"Radam\u00e9s","date":"28\/12\/2024","format":false,"excerpt":"Lendo um artigo sobre seguran\u00e7a de senhas cheguei a uma triste conclus\u00e3o: quanto mais seguro for um conjunto de senhas, mais dif\u00edcil ser\u00e1 lembr\u00e1-lo. Para convenc\u00ea-lo dessa teoria, come\u00e7arei listando algumas dicas de especialistas para cria\u00e7\u00e3o de senhas seguras. Regras sugeridas por especialistas Use muitos caracteres, no m\u00ednimo seis e,\u2026","rel":"","context":"Em &quot;Produtividade&quot;","block_context":{"text":"Produtividade","link":"https:\/\/radames.manosso.nom.br\/palavras\/category\/produtividade\/"},"img":{"alt_text":"","src":"","width":0,"height":0},"classes":[]},{"id":7160,"url":"https:\/\/radames.manosso.nom.br\/palavras\/conteudo-digital\/otimizacao-para-sites-wordpress\/","url_meta":{"origin":7895,"position":2},"title":"Otimiza\u00e7\u00e3o para sites WordPress","author":"Radam\u00e9s","date":"15\/12\/2024","format":false,"excerpt":"A maioria dos sites \u00e9 mantida pelo gerenciador de conte\u00fados WordPress . Algumas dicas para usar melhor esse famoso CMS. Melhorando a performance de um site WordPress Atualiza\u00e7\u00e3o. Mantenha WordPress, plugins e temas atualizados. De prefer\u00eancia ative as atualiza\u00e7\u00f5es autom\u00e1ticas para ter o site sempre com as vers\u00f5es mais atuais\u2026","rel":"","context":"Em &quot;Conte\u00fado digital&quot;","block_context":{"text":"Conte\u00fado digital","link":"https:\/\/radames.manosso.nom.br\/palavras\/category\/conteudo-digital\/"},"img":{"alt_text":"","src":"https:\/\/i0.wp.com\/radames.manosso.nom.br\/palavras\/files\/2021\/11\/conteudo-digital.png?resize=350%2C200&ssl=1","width":350,"height":200,"srcset":"https:\/\/i0.wp.com\/radames.manosso.nom.br\/palavras\/files\/2021\/11\/conteudo-digital.png?resize=350%2C200&ssl=1 1x, https:\/\/i0.wp.com\/radames.manosso.nom.br\/palavras\/files\/2021\/11\/conteudo-digital.png?resize=525%2C300&ssl=1 1.5x, https:\/\/i0.wp.com\/radames.manosso.nom.br\/palavras\/files\/2021\/11\/conteudo-digital.png?resize=700%2C400&ssl=1 2x"},"classes":[]},{"id":6284,"url":"https:\/\/radames.manosso.nom.br\/palavras\/comportamento\/relogios-evolucao-tecnologias-e-usos\/","url_meta":{"origin":7895,"position":3},"title":"Rel\u00f3gios: evolu\u00e7\u00e3o, tecnologias e usos","author":"Radam\u00e9s","date":"10\/01\/2023","format":false,"excerpt":"Vamos falar um pouco sobre a evolu\u00e7\u00e3o do rel\u00f3gio de pulso masculino. O processo come\u00e7a l\u00e1 no in\u00edcio do S\u00e9culo XX. A populariza\u00e7\u00e3o do rel\u00f3gio de pulso come\u00e7ou quando pessoas come\u00e7aram a usa-lo em condi\u00e7\u00f5es menos formais. O rel\u00f3gio Cartier Santos foi criado para atender uma necessidade do nosso inventor\u2026","rel":"","context":"Em &quot;Comportamento&quot;","block_context":{"text":"Comportamento","link":"https:\/\/radames.manosso.nom.br\/palavras\/category\/comportamento\/"},"img":{"alt_text":"Cartier-Santos","src":"https:\/\/i0.wp.com\/radames.manosso.nom.br\/palavras\/files\/2023\/01\/Cartier-Santos.jpg?resize=350%2C200&ssl=1","width":350,"height":200},"classes":[]},{"id":4966,"url":"https:\/\/radames.manosso.nom.br\/palavras\/conteudo-digital\/a-arte-de-escrever-em-tempos-de-internet\/","url_meta":{"origin":7895,"position":4},"title":"A arte de escrever em tempos de Internet","author":"Radam\u00e9s","date":"28\/04\/2020","format":false,"excerpt":"Com o advento dos blogs, as pessoas est\u00e3o escrevendo mais, embora pior. Quem disse isso foi o Pr\u00eamio Nobel de Literatura Jos\u00e9 Saramago, ele mesmo blogueiro. Depois de ler essa declara\u00e7\u00e3o forte do Saramago fui direto ao blog dele conferir se a opini\u00e3o se aplicava aos posts que ele mesmo\u2026","rel":"","context":"Em &quot;Conte\u00fado digital&quot;","block_context":{"text":"Conte\u00fado digital","link":"https:\/\/radames.manosso.nom.br\/palavras\/category\/conteudo-digital\/"},"img":{"alt_text":"","src":"https:\/\/i0.wp.com\/radames.manosso.nom.br\/palavras\/files\/2009\/03\/parker-duofold-ouro1.jpg?resize=350%2C200&ssl=1","width":350,"height":200},"classes":[]},{"id":4440,"url":"https:\/\/radames.manosso.nom.br\/palavras\/educacao\/familias-de-cedulas-brasileiras-i\/","url_meta":{"origin":7895,"position":5},"title":"Fam\u00edlias de c\u00e9dulas brasileiras I","author":"Radam\u00e9s","date":"16\/10\/2019","format":false,"excerpt":"Do cruzado ao real Conhe\u00e7a as fam\u00edlias de c\u00e9dulas que circularam no Brasil desde a Independ\u00eancia at\u00e9 os dias atuais. S\u00e3o vinte e cinco fam\u00edlias em mais de 200 anos de Brasil independente, o que d\u00e1 uma m\u00e9dia de uma fam\u00edlia criada a cada oito anos. A pouca longevidade de\u2026","rel":"","context":"Em &quot;Educa\u00e7\u00e3o&quot;","block_context":{"text":"Educa\u00e7\u00e3o","link":"https:\/\/radames.manosso.nom.br\/palavras\/category\/educacao\/"},"img":{"alt_text":"Real primeira fam\u00edlia","src":"https:\/\/i0.wp.com\/radames.manosso.nom.br\/palavras\/files\/2019\/10\/real-1a-familia.jpg?resize=350%2C200&ssl=1","width":350,"height":200},"classes":[]}],"jetpack_sharing_enabled":true,"_links":{"self":[{"href":"https:\/\/radames.manosso.nom.br\/palavras\/wp-json\/wp\/v2\/posts\/7895","targetHints":{"allow":["GET"]}}],"collection":[{"href":"https:\/\/radames.manosso.nom.br\/palavras\/wp-json\/wp\/v2\/posts"}],"about":[{"href":"https:\/\/radames.manosso.nom.br\/palavras\/wp-json\/wp\/v2\/types\/post"}],"author":[{"embeddable":true,"href":"https:\/\/radames.manosso.nom.br\/palavras\/wp-json\/wp\/v2\/users\/1"}],"replies":[{"embeddable":true,"href":"https:\/\/radames.manosso.nom.br\/palavras\/wp-json\/wp\/v2\/comments?post=7895"}],"version-history":[{"count":13,"href":"https:\/\/radames.manosso.nom.br\/palavras\/wp-json\/wp\/v2\/posts\/7895\/revisions"}],"predecessor-version":[{"id":7921,"href":"https:\/\/radames.manosso.nom.br\/palavras\/wp-json\/wp\/v2\/posts\/7895\/revisions\/7921"}],"wp:attachment":[{"href":"https:\/\/radames.manosso.nom.br\/palavras\/wp-json\/wp\/v2\/media?parent=7895"}],"wp:term":[{"taxonomy":"category","embeddable":true,"href":"https:\/\/radames.manosso.nom.br\/palavras\/wp-json\/wp\/v2\/categories?post=7895"},{"taxonomy":"post_tag","embeddable":true,"href":"https:\/\/radames.manosso.nom.br\/palavras\/wp-json\/wp\/v2\/tags?post=7895"}],"curies":[{"name":"wp","href":"https:\/\/api.w.org\/{rel}","templated":true}]}}